{"id":206,"date":"2009-10-03T22:56:46","date_gmt":"2009-10-03T19:56:46","guid":{"rendered":"http:\/\/tautastribunals.eu\/?p=206"},"modified":"2009-10-03T22:56:46","modified_gmt":"2009-10-03T19:56:46","slug":"teroristes-m-vidinas-vestule-prezidentam","status":"publish","type":"post","link":"https:\/\/tautastribunals.eu\/?p=206","title":{"rendered":"&#8220;Teroristes&#8221; M. Vidi\u0146as v\u0113stule prezidentam."},"content":{"rendered":"<p><strong>Atcer\u0113simies k\u0101du satraukumu k\u0101dreiz izrais\u012bja Marijas Vidi\u0146as v\u0113stule (taut\u0101 d\u0113v\u0113tajam C\u016bkmenim) A. Kalv\u012btim. Toreiz vi\u0146a rakst\u012bja, ka Kalv\u012btis ir<em> &#8220;vai nu gal\u012bgs stulbenis, vai ar\u012b Putina iezomb\u0113ts mankurts&#8221;. <\/em>Cik viedi toreiz izr\u0101d\u012bj\u0101s Marijas Vidi\u0146as v\u0101rdi par \u0161o kangaru-j\u016bdasa dv\u0113seli. Iezomb\u0113tais C\u016bkmenis tikko k\u0101 par\u0101d\u012bja savu kangara dabu, aizskrienot uz Maskavu pie sava saimnieka, asins su\u0146a Putina.<\/strong><\/p>\n<p><strong>LRTT 03.10.2009<\/strong><\/p>\n<p><img decoding=\"async\" loading=\"lazy\" class=\"alignleft size-medium wp-image-217\" src=\"http:\/\/tautastribunals.eu\/wp-content\/uploads\/2009\/10\/Marija4-300x193.jpg\" alt=\"Marija\" width=\"300\" height=\"193\" srcset=\"https:\/\/tautastribunals.eu\/wp-content\/uploads\/2009\/10\/Marija4-300x193.jpg 300w, https:\/\/tautastribunals.eu\/wp-content\/uploads\/2009\/10\/Marija4-800x516.jpg 800w, https:\/\/tautastribunals.eu\/wp-content\/uploads\/2009\/10\/Marija4.jpg 1186w\" sizes=\"(max-width: 300px) 100vw, 300px\" \/><\/p>\n<p><em>Foto: \u00a0Marija Vidi\u0146a ar meitu Ilzi un v\u012bru Juri Vidi\u0146u.<\/em><\/p>\n<p><strong>LR valsts Prezidentam Zatlera k-gam,<br \/>\nLR Ministru Prezidentam Dombrovska k-gam,<br \/>\nLR Ties\u012bbsargam Aps\u012btim, LR Saeimai, Daudzes k-gam, laikrakstam LA<br \/>\n<\/strong>\u00a0\u00a0\u00a0\u00a0\u00a0no pils. Marijas Vidi\u0146as, dz\u012bv. R\u0113zekne, Ausek\u013ca 21<br \/>\n\u00a0\u00a0\u00a0\u00a0\u00a0\u00a0\u00a0\u00a0\u00a0\u00a0\u00a0\u00a0\u00a0\u00a0\u00a0\u00a0\u00a0\u00a0\u00a0\u00a0\u00a0\u00a0\u00a0\u00a0\u00a0\u00a0\u00a0\u00a0\u00a0\u00a0\u00a0\u00a0\u00a0\u00a0\u00a0\u00a0\u00a0\u00a0\u00a0\u00a0\u00a0\u00a0\u00a0\u00a0\u00a0\u00a0\u00a0 IESNIEGUMS.<br \/>\nL\u016bgums, pr\u0101tojums, diskusija ,sauciet to k\u0101 gribiet, bet j\u0113ga ir viena &#8211; aizst\u0101v\u0113t valsts valodu sav\u0101 T\u0113vzem\u0113.<br \/>\nMan k\u0101rt\u0113jo reizi izraisa sa\u0161utumu krievu NVO\/ne krievvalod\u012bgie, jo t\u0101das n\u0101cijas nav, m\u0113\u0123in\u0101jums ieviest Latvij\u0101 divvalod\u012bbu. Runa ir par aicin\u0101jumu mazin\u0101t pras\u012bbas valsts val. zin\u0101\u0161an\u0101 da\u017e\u0101d\u0101s jom\u0101s, pat pa\u0161vald\u012bbu deput\u0101tu status\u0101.Te faktiski pat koment\u0101ri b\u016btu lieki, jo k\u0101 var piedal\u012bties nacion\u0101las valsts p\u0101rvald\u0113, nezinot pamatn\u0101cijas valodu? Daudz iekait\u0113jusi VVF, atsvie\u017eot valsts valodas likumu. Tai pa\u0161\u0101 laik\u0101 ,ve\u010da, kura iebraukusi 1940.g. ar okup\u0101cijas armiju jaun\u012bbas plaukum\u0101, nodz\u012bvojusi \u0161e 50\/60 gadus, pieprasa latvie\u0161u ier\u0113dnim, kur\u0161 izaudzis neatkar\u012bgaj\u0101 Latvij\u0101, sazin\u0101ties ar vi\u0146u okupantu valod\u0101. Kur rast v\u0113l drausm\u012bg\u0101ku absurdu? Un v\u0113l, m\u0113s itk\u0101 nedr\u012bkstam uzspiest valsts valodas zin\u0101\u0161anu pat profesij\u0101s, kur ir saskarsme ar klientiem, bet darba pied\u0101v\u0101jumu rekl\u0101m\u0101s viens no oblig\u0101tiem nosac\u012bjumiem ir &#8211; okupantu valodas zin\u0101\u0161ana. Tas ir drausm\u012bgs cilv\u0113kties\u012bbu p\u0101rk\u0101pums! Daudzi mani pazi\u0146as ir aizbrauku\u0161i no Latvijas, jo nep\u0101rvalda krievu m\u0113li. Simtiem t\u016bksto\u0161u krievu ir pie\u0161\u0137irta pilson\u012bba, bet tas faktiski neb\u016btu iesp\u0113jams bez valsts valodas zin\u0101\u0161an\u0101m!<br \/>\nEs zinu un J\u016bs ari, kas notiek PID un NP, k\u0101 \u013caudis tiek pie pilso\u0146u statusa. P\u0113rk ne tikai Valmier\u0101! NP ir vajadz\u012bga pamat\u012bga reorganiz\u0101cija. Un ne jau Baranovskim tur ir vieta! To pier\u0101da Bi\u010dkovi\u010da lieta.<br \/>\n50 gadus okupanti \u0146irg\u0101jas par latvie\u0161u val. To turpina dar\u012bt ar\u012b 20 neatkar\u012bbas gados.<br \/>\nKad es &#8211; latviete-jut\u012b\u0161os sav\u0101 zem\u0113, valst\u012b, k\u0101 pilnties\u012bga latviete un sp\u0113\u0161u Latvij\u0101 izdz\u012bvot ar valsts valodu? Vai ari mums ir pien\u0101cis laiks braukt b\u013caust\u012bties uz Briseli, Strasb\u016bru? Vai man, k\u0101 latvietei, j\u0101sniedz SCT s\u016bdz\u012bba par savas valsts genoc\u012bdu pret pamatn\u0101ciju?<br \/>\nPap\u0113tiet kas notiek krievu skol\u0101s ar latvie\u0161u valodas m\u0101c\u012b\u0161anu!<br \/>\nVarturu attieksme pret manu tautu ir pazemojo\u0161a, bez jelk\u0101dam pa\u0161cie\u0146as paz\u012bm\u0113m.<br \/>\nPla\u0161sazi\u0146as l\u012bdzek\u013cos \/\u012bpa\u0161i TV!\/ p\u0101rsvar\u0101 krievu m\u0113le.<br \/>\nDeokup\u0101cija nav notikusi!<br \/>\nV\u0113sturi neaizmirst neviena sevi cieno\u0161a tauta. M\u0101caties no ebreju, jap\u0101\u0146u, arm\u0113\u0146u, \u010de\u010denu u.d.c. taut\u0101m.<\/p>\n<p>\u00a0\u00a0\u00a0\u00a0\u00a0\u00a0\u00a0\u00a0\u00a0\u00a0\u00a0\u00a0\u00a0 Ar cie\u0146u M.VIDI\u0145A \/ R\u0113zekne\/\u00a0\u00a0\u00a0\u00a0\u00a0\u00a0\u00a0\u00a0\u00a0\u00a0\u00a0\u00a0\u00a0\u00a0\u00a0\u00a0\u00a0\u00a0\u00a0\u00a0\u00a0\u00a0\u00a0\u00a0\u00a0\u00a0\u00a0\u00a0\u00a0\u00a0\u00a0\u00a0\u00a0\u00a0\u00a0\u00a0\u00a0 24.09.09.<\/p>\n","protected":false},"excerpt":{"rendered":"<p>Atcer\u0113simies k\u0101du satraukumu k\u0101dreiz izrais\u012bja Marijas Vidi\u0146as v\u0113stule (taut\u0101 d\u0113v\u0113tajam C\u016bkmenim) A. Kalv\u012btim. Toreiz vi\u0146a rakst\u012bja, ka Kalv\u012btis ir &#8220;vai nu gal\u012bgs stulbenis, vai ar\u012b Putina iezomb\u0113ts mankurts&#8221;. Cik viedi toreiz izr\u0101d\u012bj\u0101s Marijas Vidi\u0146as&#46;&#46;&#46;<\/p>\n","protected":false},"author":6,"featured_media":0,"comment_status":"open","ping_status":"open","sticky":false,"template":"","format":"standard","meta":[],"categories":[1],"tags":[],"_links":{"self":[{"href":"https:\/\/tautastribunals.eu\/index.php?rest_route=\/wp\/v2\/posts\/206"}],"collection":[{"href":"https:\/\/tautastribunals.eu\/index.php?rest_route=\/wp\/v2\/posts"}],"about":[{"href":"https:\/\/tautastribunals.eu\/index.php?rest_route=\/wp\/v2\/types\/post"}],"author":[{"embeddable":true,"href":"https:\/\/tautastribunals.eu\/index.php?rest_route=\/wp\/v2\/users\/6"}],"replies":[{"embeddable":true,"href":"https:\/\/tautastribunals.eu\/index.php?rest_route=%2Fwp%2Fv2%2Fcomments&post=206"}],"version-history":[{"count":16,"href":"https:\/\/tautastribunals.eu\/index.php?rest_route=\/wp\/v2\/posts\/206\/revisions"}],"predecessor-version":[{"id":226,"href":"https:\/\/tautastribunals.eu\/index.php?rest_route=\/wp\/v2\/posts\/206\/revisions\/226"}],"wp:attachment":[{"href":"https:\/\/tautastribunals.eu\/index.php?rest_route=%2Fwp%2Fv2%2Fmedia&parent=206"}],"wp:term":[{"taxonomy":"category","embeddable":true,"href":"https:\/\/tautastribunals.eu\/index.php?rest_route=%2Fwp%2Fv2%2Fcategories&post=206"},{"taxonomy":"post_tag","embeddable":true,"href":"https:\/\/tautastribunals.eu\/index.php?rest_route=%2Fwp%2Fv2%2Ftags&post=206"}],"curies":[{"name":"wp","href":"https:\/\/api.w.org\/{rel}","templated":true}]}}