{"id":20354,"date":"2014-05-24T11:30:54","date_gmt":"2014-05-24T08:30:54","guid":{"rendered":"http:\/\/tautastribunals.eu\/?p=20354"},"modified":"2014-05-24T21:57:54","modified_gmt":"2014-05-24T18:57:54","slug":"lrtt-ta-ari-nesagaidiju","status":"publish","type":"post","link":"https:\/\/tautastribunals.eu\/?p=20354","title":{"rendered":"LRTT. T\u0101 ar\u012b nesagaid\u012bju"},"content":{"rendered":"<p><span style=\"color: #0000ff;\">Pirms lasi noskaties<em>(ja neesi v\u0113l to izdar\u012bjis)<\/em> <strong>HABAD<\/strong>istu \u0101rpr\u0101tu, tad lab\u0101k saprat\u012bsi pret ko c\u012bn\u0101s<strong> LRTT<\/strong> un k\u0101di civiliz\u0101cijas izdzimumi valda p\u0101r pasauli un it sevi\u0161\u0137i <strong>Latvij\u0101<\/strong>: <\/span><\/p>\n<h1><span style=\"color: #003300;\"><a href=\"https:\/\/www.youtube.com\/watch?v=6_i5oMjXbIU\">https:\/\/www.youtube.com\/watch?v=6_i5oMjXbIU<\/a><\/span><\/h1>\n<p><span style=\"color: #003300;\"><img decoding=\"async\" loading=\"lazy\" class=\"alignleft size-full wp-image-20355\" title=\"www.tautastribunals.eu-12\" src=\"http:\/\/tautastribunals.eu\/wp-content\/uploads\/2014\/05\/www.tautastribunals.eu-124.png\" alt=\"www.tautastribunals.eu-12\" width=\"625\" height=\"87\" srcset=\"https:\/\/tautastribunals.eu\/wp-content\/uploads\/2014\/05\/www.tautastribunals.eu-124.png 950w, https:\/\/tautastribunals.eu\/wp-content\/uploads\/2014\/05\/www.tautastribunals.eu-124-300x42.png 300w, https:\/\/tautastribunals.eu\/wp-content\/uploads\/2014\/05\/www.tautastribunals.eu-124-800x112.png 800w\" sizes=\"(max-width: 625px) 100vw, 625px\" \/>T\u0101 ar\u012b nesagaid\u012bju no<strong> Agneses Krasti\u0146as <\/strong>dokumentus<em>( kura ir kaut k\u0101dam tur tiesnesim pal\u012bgs)<\/em>, kuri mani aps\u016bdz p\u0113c <strong>78. panta otr\u0101s da\u013cas<\/strong>. Viss notiek p\u0113c <strong>\u201evect\u0113va\u201d Vi\u0161inska<\/strong> iedibin\u0101t\u0101s k\u0101rt\u012bbas, pagr\u012bd\u0113 un tums\u0101. Kas ir tie, kuri mani aps\u016bdz nacion\u0101l\u0101 naida kurin\u0101\u0161an\u0101, netiek pateikts.<\/span><\/p>\n<p><span style=\"color: #003300;\"> <\/span><\/p>\n<p><span style=\"color: #003300;\"><strong>Vai tas ir Tiesiskums ? <\/strong><\/span><\/p>\n<p><span style=\"color: #003300;\"> <\/span><\/p>\n<p><span style=\"color: #003300;\">Ir, bet tikai <strong>\u017e\u012bdiski- komunistisk\u0101<\/strong> izpratn\u0113 un izpild\u012bjum\u0101.<\/span><\/p>\n<p><span style=\"color: #003300;\"> <\/span><\/p>\n<p><span style=\"color: #003300;\">Nekas, piln\u012bgi nekas nav main\u012bjies kop\u0161 <strong>1940. gada<\/strong>, jo \u017e\u012bdiski- bo\u013c\u0161evistiskie elementi turpina veikt savus noziegumus pret latvie\u0161u tautu.<\/span><\/p>\n<p><span style=\"color: #003300;\"> <\/span><\/p>\n<p><span style=\"color: #003300;\">T\u0101tad: <strong><span style=\"text-decoration: underline;\">1941. gads ir dz\u012bvs. <\/span><\/strong><\/span><\/p>\n<p><span style=\"color: #003300;\"> <\/span><\/p>\n<p><span style=\"color: #003300;\">Latvie\u0161u tautu komunistu un <strong>kriev-\u017e\u012bdu banda <\/strong>var aplaup\u012bt l\u012bdz <strong>\u201ekaulam\u201d, <\/strong>bet, kad par \u0161iem noziedzniekiem run\u0101 un s\u016bdzas starptautisk\u0101 ar\u0113n\u0101, tad tiek <strong>\u201epiekabin\u0101ta\u201d <\/strong>antisem\u012bta birka. Pie tam tas notiek kaut k\u0101d\u0101 debil\u0101 veid\u0101, jo ar\u0101bi ta\u010du ar\u012b pieder pie sem\u012btu grupas. P\u0113c b\u016bt\u012bbas tie\u0161i \u017e\u012bdi ir pieskait\u0101mi pie antisem\u012btiem, jo vi\u0146i nelikum\u012bgi ar <strong>Padomju Savien\u012bbas<\/strong> atbalstu <strong>\u201enodibin\u0101ja\u201d<\/strong> \u0161o prettiesisko- band\u012btisko veidojumu, <strong><span style=\"text-decoration: underline;\">kuru \u0161odien d\u0113v\u0113 par Izra\u0113lu<\/span><\/strong>. Zem \u0161\u012b veidojuma<em>(Izra\u0113las)<\/em> m\u0113s neatrad\u012bsim nevienu dokumentu, kas var\u0113tu apliecin\u0101t t\u0101s<em>(Izra\u0113las) <\/em>ties\u012bbas tikt uzskat\u012btai par <strong>Tiesisku valsti<\/strong>. Pret \u0161\u012bs valsts dibin\u0101\u0161anu bija pat <strong>Anglija<\/strong> un<strong> ASV<\/strong>, bija ne tikai pret, bet pat ar iero\u010diem c\u012bn\u012bj\u0101s pret \u017e\u012bdu ekstr\u0113mistiem, kuri padzenot un slepkavojot palest\u012bnie\u0161us ar <strong>Sta\u013cina pieg\u0101d\u0101tajiem iero\u010diem<\/strong>, veidoja \u0161o noziedznieku per\u0113kli, kuru vi\u0146i nod\u0113v\u0113ja par<strong> Izra\u0113lu<\/strong>.<\/span><\/p>\n<p><span style=\"color: #003300;\"> <\/span><\/p>\n<p><span style=\"color: #003300;\">Te tad ar\u012b ir t\u0101 neliet\u012bbas sakne, lai vi\u0146us nesauktu<strong> TIESAS <\/strong>priek\u0161\u0101 par \u0161iem asins darbiem, kuri tika veikti ar \u0161o nelie\u0161u rok\u0101m gan<strong> Latvij\u0101<\/strong>, gan <strong>Palest\u012bn\u0101<\/strong>, tiek nekav\u0113joties klaig\u0101ts par kaut k\u0101du tur antisem\u012btismu.<\/span><\/p>\n<p><span style=\"color: #003300;\"> <\/span><\/p>\n<p><span style=\"color: #003300;\">Tas ar\u012b pagaid\u0101m <strong>\u201eteicami\u201d<\/strong> darbojas. Cilv\u0113ki tiek iebaid\u012bti un<strong><span style=\"text-decoration: underline;\"> kriev\u017e\u012bdu okupanti ar viet\u0113jo komunistu l\u012bdzdal\u012bbu <\/span><\/strong>var turpin\u0101t veikt genoc\u012bdu pret latvie\u0161u tautu.<\/span><\/p>\n<p><span style=\"color: #003300;\"> <\/span><\/p>\n<p><span style=\"color: #003300;\">Tas viss, latviet, ir <strong><span style=\"text-decoration: underline;\">prettiesiski un nelikum\u012bgi<\/span><\/strong>, jo nav<span style=\"text-decoration: underline;\"><span style=\"color: #ff0000;\"> <strong>starptautiski izskat\u012bts Latvijas okup\u0101cijas FAKTS<\/strong>.<\/span><\/span><\/span><\/p>\n<p><span style=\"color: #003300;\"> <\/span><\/p>\n<p><span style=\"color: #003300;\">T\u0101p\u0113c ar\u012b visas aps\u016bdz\u012bbas pret <strong>Latvijas cilv\u0113kties\u012bbu aizst\u0101v\u0113\u0161anas grupu HELSINKI-86<\/strong>(LRTT) tiek veiktas tumsas aizseg\u0101 un p\u0113c b\u016bt\u012bbas ir provokat\u012bvas un noziedz\u012bgas- nelikum\u012bgas, jo: <span style=\"text-decoration: underline;\"><span style=\"color: #ff0000;\"><strong>ja c\u0113lonis ir nelikum\u012bgs, tad ar\u012b sekas ir t\u0101das pa\u0161as<\/strong>.<\/span><\/span><\/span><\/p>\n<p><span style=\"color: #003300;\"> <\/span><\/p>\n<p><span style=\"color: #003300;\"><strong>H- 86<\/strong>(LRTT) pan\u0101ks, ka <strong><span style=\"text-decoration: underline;\">kara noziegumi<\/span><\/strong><em>(ar vis\u0101m l\u012bdz \u0161odienai rad\u012bt\u0101m sek\u0101m<\/em>) tiks izskat\u012bti <span style=\"text-decoration: underline;\"><span style=\"color: #ff0000;\"><strong>starptautisk\u0101 ar\u0113n\u0101.<\/strong><\/span><\/span><\/span><\/p>\n<p><span style=\"color: #003300;\"> <\/span><\/p>\n<p><span style=\"color: #003300;\">Kriev\u017e\u012bdu <span style=\"text-decoration: underline;\"><span style=\"color: #ff0000;\"><strong>okupanti un viet\u0113jie komunisti tiks ties\u0101ti<\/strong><\/span><\/span> un nozagtais tiks latvie\u0161u tautai atdots.<\/span><\/p>\n<p><span style=\"color: #003300;\"> <\/span><\/p>\n<p><span style=\"color: #003300;\">L\u016bk, t\u0101p\u0113c jau es ar\u012b nesagaid\u012bju nek\u0101du inform\u0101ciju no <strong>4. maija noziedz\u012bg\u0101s kli\u0137es<\/strong>.<\/span><\/p>\n<p><span style=\"color: #003300;\"> <\/span><\/p>\n<p><span style=\"color: #003300;\">Atg\u0101din\u0101\u0161u pa\u0161u \u0161o okupantu un vi\u0146u l\u012bdzskr\u0113j\u0113ju lozungu, kuru ar\u012b m\u0113s pielietosim: <\/span><\/p>\n<h2><span style=\"color: #003300;\"><strong>\u201eN\u0101vi okupantiem un nodev\u0113jiem.\u201d<\/strong><\/span><\/h2>\n<p><span style=\"color: #003300;\"> <\/span><\/p>\n<p><span style=\"color: #003300;\"><em>24.05.14.\u00a0\u00a0\u00a0\u00a0\u00a0\u00a0\u00a0\u00a0\u00a0 L. Granti\u0146\u0161.<\/em><\/span><\/p>\n<p><span style=\"color: #003300;\"> <\/span><\/p>\n<p><span style=\"color: #003300;\">P.S.<\/span><\/p>\n<p><span style=\"color: #003300;\"> <\/span><\/p>\n<p><span style=\"color: #003300;\">K\u0101p\u0113c <strong>Rei\u0146iksa kantoris<\/strong> ne\u0137er \u012bstos <strong>78. panta <\/strong>p\u0101rk\u0101p\u0113jus ? <\/span><\/p>\n<p><span style=\"color: #003300;\">Ja palasa krievu <strong>DELFUS<\/strong>, tad t\u0101du ir t\u016bksto\u0161iem. Atbilde vienk\u0101r\u0161a: tie ir <strong>\u201em\u016bsu\u201d- 4.maija kli\u0137es balsts<\/strong>. Ja neb\u016bs vi\u0146i, tad visa \u0161\u012b noziedz\u012bg\u0101 sist\u0113ma <strong>\u201ekar\u0101tos\u201d <\/strong>latern\u0101s. <\/span><\/p>\n<p><span style=\"color: #003300;\">Ar\u012b <strong>LRTT<\/strong> <strong>i- vietn\u0113 <\/strong>t\u0101di par\u0101d\u0101s. Saprotams, ka sav\u0101 vair\u0101kum\u0101 tie apstiprin\u0101ti netiek, t\u0101pat k\u0101 provokatoru <strong>Gedroica un Pupura<\/strong> pretekl\u012bbas no kur\u0101m sa\u0161\u0137ebin\u0101s d\u016b\u0161a, bet abi d\u0113v\u0113jas par patriotiem. <\/span><\/p>\n<p><span style=\"color: #003300;\">L\u016bk, viens ar visu <strong>IP<\/strong> adresi:<\/span><\/p>\n<table style=\"height: 40px;\" border=\"0\" cellspacing=\"0\" width=\"788\">\n<tbody id=\"the-comment-list\">\n<tr id=\"comment-19292\">\n<td><span style=\"color: #ff0000;\"><strong>Krievs<\/strong><br \/>\n<a href=\"http:\/\/tautastribunals.eu\/wp-admin\/edit-comments.php?s=109.188.125.157&amp;mode=detail\">109.188.125.157<\/a><\/span><\/td>\n<td>\n<div id=\"submitted-on\"><span style=\"color: #ff0000;\">Iesniegts <a href=\"http:\/\/tautastribunals.eu\/?p=1397&amp;cpage=1#comment-19292\">22.05.2014 at 13.08<\/a><\/span><\/div>\n<p><span style=\"color: #ff0000;\">Mees juus visus nogalinaasim!! Beigtie izdzimtni!!! Fasisti!!!<\/span><\/td>\n<\/tr>\n<\/tbody>\n<\/table>\n<p><span style=\"color: #003300;\"> <\/span><\/p>\n<table border=\"0\" cellspacing=\"0\" cellpadding=\"0\">\n<tbody>\n<tr>\n<td><span style=\"color: #003300;\"><br \/>\n<\/span><\/td>\n<td><span style=\"color: #ff0000;\"><strong>Krievs<\/strong><br \/>\n<\/span> <span style=\"color: #ff0000;\"><a href=\"http:\/\/tautastribunals.eu\/wp-admin\/edit-comments.php?s=109.188.125.157&amp;mode=detail\">109.188.125.157<\/a><\/span><\/td>\n<td><span style=\"color: #ff0000;\">Iesniegts <a href=\"http:\/\/tautastribunals.eu\/?p=1397&amp;cpage=1#comment-19293\">22.05.2014 at 13.12<\/a><\/span><\/p>\n<p><span style=\"color: #ff0000;\">\u0412\u044b\u0440\u043e\u0434\u043a\u0438!!! \u0421\u043a\u043e\u0440\u043e \u043c\u044b \u0434\u043e \u0432\u0430\u0441 \u0434\u043e\u0431\u0435\u0440\u0451\u043c\u0441\u044f!!!! \u0412\u044b \u043d\u0438\u0449\u0438\u0435 \u0438 \u0436\u0430\u043b\u043a\u0438\u0435 \u0443\u0431\u043b\u044e\u0434\u043a\u0438!!! \u0412\u044b   \u0436\u0435 \u043d\u0438\u0447\u0442\u043e\u0436\u0435\u0441\u0442\u0432\u0430 \u0438 \u0444\u0430\u0448\u0438\u0441\u0442\u044b \u043d\u0435\u0434\u043e\u0431\u0438\u0442\u044b\u0435!!! \u041c\u044b \u0432\u0430\u0441 \u0434\u0430\u0432\u0438\u043b\u0438 \u0438 \u0434\u0430\u0432\u0438\u0442\u044c \u0431\u0443\u0434\u0435\u043c!!!! \u0412\u044b   \u0434\u0430\u0436\u0435 \u043d\u0435 \u0441\u0442\u0440\u0430\u043d\u0430!!! \u0418\u0434\u0438\u043e\u0442\u044b, \u043a\u043e\u043b\u0438 \u043d\u0430\u043c \u043f\u043e\u043d\u0430\u0434\u043e\u0431\u0438\u0442\u0441\u044f \u0432\u0430\u0441 \u043e\u043a\u043a\u0443\u043f\u0438\u0440\u043e\u0432\u0430\u0442\u044c \u0438 \u0440\u0430\u0437\u0434\u0430\u0432\u0438\u0442\u044c \u2013   \u043c\u044b \u0442\u0443\u0442 \u0436\u0435 \u044d\u0442\u043e \u0441\u0434\u0435\u043b\u0430\u0435\u043c, \u043a\u0430\u043a \u0431\u044b \u0432\u044b \u0442\u0430\u043c \u043d\u0435 \u201c\u043e\u0431\u044a\u0435\u0434\u0438\u043d\u044f\u043b\u0438\u0441\u044c\u201d!!! \u041a\u0430\u043a\u0430\u044f \u0435\u0449\u0451   \u043e\u043a\u043a\u0443\u043f\u0430\u0446\u0438\u044f?? \u0412\u044b \u0441\u0430\u043c\u0438 \u0432\u0441\u0442\u0443\u043f\u0438\u043b\u0438 \u0432 \u0441\u043e\u0441\u0442\u0430\u0432 \u0421\u043e\u044e\u0437\u0430 \u0438 \u0431\u0435\u0436\u0430\u043b\u0438 \u0432 \u043f\u0430\u0440\u0442\u0438\u044e \u0437\u0430\u043f\u0438\u0441\u044b\u0432\u0430\u0442\u044c\u0441\u044f!! \u0412\u044b\u0440\u043e\u0434\u043a\u0438!! \u0424\u0430\u0448\u0438\u0441\u0442\u044b \u043d\u0435\u0434\u043e\u0431\u0438\u0442\u044b\u0435!!!<\/span><\/td>\n<\/tr>\n<\/tbody>\n<\/table>\n<p><span style=\"color: #003300;\"> <\/span><\/p>\n<h2><img decoding=\"async\" loading=\"lazy\" class=\"alignleft size-full wp-image-20360\" title=\"Reiniks, Kozlovskis, V\u0113jonis, Dombrovskis\" src=\"http:\/\/tautastribunals.eu\/wp-content\/uploads\/2014\/05\/Reiniks-Kozlovskis-V\u0113jonis-Dombrovskis.jpg\" alt=\"Reiniks, Kozlovskis, V\u0113jonis, Dombrovskis\" width=\"200\" height=\"132\" \/><\/h2>\n<p><span style=\"color: #003300;\">Dom\u0101jat, ka \u0161is noziedznieks, kuram pien\u0101kas lode pier\u0113, tiks arest\u0113ts ?<\/span><\/p>\n<p><span style=\"color: #003300;\"> <\/span><\/p>\n<p><span style=\"color: #003300;\">Mald\u0101ties&#8230; .<\/span><\/p>\n<p><span style=\"color: #003300;\">Uz foto redzamie ir \u0161\u012b noziedznieka aizst\u0101vji&#8230; .<\/span><\/p>\n<h2><span style=\"color: #ff0000;\">MIGLA SARKAN\u0100- NOL\u0100D\u0112T\u0100<\/span><\/h2>\n<h2>Davai, tovari\u0161\u010di Rei\u0146ik i Kaz\u013cevskij, v perjod za ro\u0123inu !<\/h2>\n<p><span style=\"color: #003300;\">==========================================================================<br \/>\n<\/span><\/p>\n<h2><span style=\"color: #003300;\">LRTT PIELIKUMS<br \/>\n<\/span><\/h2>\n<p><span style=\"color: #800000;\"><strong><img decoding=\"async\" loading=\"lazy\" class=\"alignleft size-full wp-image-20367\" title=\"LATVIE\u0160U V\u0112L\u0112T\u0100JU BIEDR\u012aBA\" src=\"http:\/\/tautastribunals.eu\/wp-content\/uploads\/2014\/05\/LATVIE\u0160U-V\u0112L\u0112T\u0100JU-BIEDR\u012aBA.PNG\" alt=\"LATVIE\u0160U V\u0112L\u0112T\u0100JU BIEDR\u012aBA\" width=\"618\" height=\"76\" srcset=\"https:\/\/tautastribunals.eu\/wp-content\/uploads\/2014\/05\/LATVIE\u0160U-V\u0112L\u0112T\u0100JU-BIEDR\u012aBA.PNG 1092w, https:\/\/tautastribunals.eu\/wp-content\/uploads\/2014\/05\/LATVIE\u0160U-V\u0112L\u0112T\u0100JU-BIEDR\u012aBA-300x37.PNG 300w, https:\/\/tautastribunals.eu\/wp-content\/uploads\/2014\/05\/LATVIE\u0160U-V\u0112L\u0112T\u0100JU-BIEDR\u012aBA-800x99.PNG 800w\" sizes=\"(max-width: 618px) 100vw, 618px\" \/><span style=\"color: #000000;\">Latvie\u0161u v\u0113l\u0113t\u0101ju biedr\u012bba zin\u0101mas Latvijas v\u0113l\u0113t\u0101ju da\u013cas v\u0101rd\u0101 izsaka protestu par to, ka uz Rietumeiropu izce\u013coju\u0161ajiem apm\u0113ram 200 000 Latvijas Republikas pilso\u0146u nav pieejamas Eiroparlamenta\u00a0v\u0113l\u0113\u0161anas<\/span><\/strong><\/span><\/p>\n<p><span style=\"color: #800000;\"> <\/span><\/p>\n<p><span style=\"color: #800000;\"> <\/span><\/p>\n<p><span style=\"color: #800000;\">Latvie\u0161u v\u0113l\u0113t\u0101ju\u00a0 biedr\u012bba<\/span><\/p>\n<p><span style=\"color: #800000;\"> <\/span><\/p>\n<p><span style=\"color: #800000;\">Biedr\u012bba re\u0123istr\u0113ta biedr\u012bbu un nodibin\u0101jumu re\u0123istr\u0101 2010.gada 27.maij\u0101 ar Nr.40008160507<\/span><\/p>\n<p><span style=\"color: #800000;\"> <\/span><\/p>\n<p><span style=\"color: #800000;\"> Latvijas Valsts prezidentam Andrim B\u0113rzi\u0146am<\/span><\/p>\n<p><span style=\"color: #800000;\"> <\/span><\/p>\n<p><span style=\"color: #800000;\">Latvijas Saeimas priek\u0161s\u0113d\u0113t\u0101jai Solvitai \u0100bolti\u0146ai<\/span><\/p>\n<p><span style=\"color: #800000;\"> <\/span><\/p>\n<p><span style=\"color: #800000;\">Latvijas Ministru prezidentei Laimdotai Straujumai<\/span><\/p>\n<p><span style=\"color: #800000;\"> <\/span><\/p>\n<p><span style=\"color: #800000;\">Latvijas Centr\u0101l\u0101s v\u0113l\u0113\u0161anu komisijas priek\u0161s\u0113d\u0113t\u0101jam Armandam Cimdaram<\/span><\/p>\n<p><span style=\"color: #800000;\"> <\/span><\/p>\n<h2><span style=\"color: #000000;\">PROTESTS.<\/span><\/h2>\n<p><span style=\"color: #800000;\"> <\/span><\/p>\n<p><span style=\"color: #800000;\">R\u012bg\u0101, 2014.gada 23.maij\u0101<\/span><\/p>\n<p><span style=\"color: #800000;\"> <\/span><\/p>\n<p><span style=\"color: #800000;\"><strong> Vai kaitniec\u012bba pret Latvijas pilso\u0146iem: no aptuveni 200 t\u016bksto\u0161iem \u0101rzem\u0113s dz\u012bvojo\u0161o Latvijas pilso\u0146u tikai 2000 var\u0113s piedal\u012bties Eiroparlamenta\u00a0v\u0113l\u0113\u0161an\u0101s?<\/strong><\/span><\/p>\n<p><span style=\"color: #800000;\"> <\/span><\/p>\n<p><span style=\"color: #800000;\">Latvij\u0101 kaut kas nav k\u0101rt\u012bb\u0101 un v\u0113l\u0113\u0161anu lo\u0123istika nav pareiza, jo no aptuveni 200 t\u016bksto\u0161iem \u0101rzem\u0113s dz\u012bvojo\u0161o Latvijas pilso\u0146u tikai 2000 var\u0113s piedal\u012bties sestdien gaid\u0101maj\u0101s Eiropas Parlamenta v\u0113l\u0113\u0161an\u0101s. Vai tas var\u0113tu b\u016bt noticis nejau\u0161i vai ar\u012b apzin\u0101ti? Izskat\u0101s, ka \u0161\u012b situ\u0101cija ir rad\u012bta speci\u0101li, jo p\u0113c 29.apr\u012b\u013ca Centr\u0101l\u0101 v\u0113l\u0113\u0161anu komisija nedod iesp\u0113ju cilv\u0113kiem re\u0123istr\u0113ties k\u0101d\u0101 no v\u0113l\u0113\u0161anu iecirk\u0146iem. T\u0101 atsaucas uz to, ka Latvijas pilso\u0146iem, kas ir izce\u013coju\u0161i, vajadz\u0113ja l\u012bdz 29. apr\u012blim izv\u0113l\u0113ties, kur\u0101 iecirkn\u012b vi\u0146i v\u0113l\u0101s balsot. J\u0101teic, ka no vis\u0101m Eiropas Savien\u012bbas valst\u012bm t\u0101da aktu\u0101la probl\u0113ma ir radusies tie\u0161i Latvijas pilso\u0146iem. Valdo\u0161ajiem Latvij\u0101\u00a0t\u0101da situ\u0101cija pat \u013coti apmierina, jo vi\u0146us apmierina, ka likums at\u013cauj atn\u0101kt kaut vienam v\u0113l\u0113t\u0101jam, lai deput\u0101ta kandid\u0101ts b\u016btu iev\u0113l\u0113ts Eiroparlament\u0101. Ne valdo\u0161\u0101\u00a0Koal\u012bcija, ne\u00a0Saeim\u0101 eso\u0161\u0101s opoz\u012bcijas partijas,\u00a0kuras v\u0101rdos\u00a0t\u0113lo\u00a0\u00a0tiesiskuma aizst\u0101vjus, darbos nav izdar\u012bjusi neko, lai visliel\u0101kajai Latvijas pilso\u0146u da\u013cai \u00a0b\u016btu prieks piedal\u012bties v\u0113l\u0113\u0161an\u0101s. T\u0101 k\u0101 da\u013ca aizbrauc\u0113ju nav p\u0101r\u0101k lab\u0101s dom\u0101s par Latvijas\u00a0politisko eliti, vi\u0146u izv\u0113le var\u0113tu b\u016bt b\u012bstama valdo\u0161ajiem politi\u0137iem. Aizbrauc\u0113ji var\u0113tu demonstr\u0113t protesta balsojumu, nobalsojot par \u0101rpus Saeimas eso\u0161ajiem deput\u0101tu kandid\u0101tiem. Centr\u0101l\u0101s V\u0113l\u0113\u0161anu Komisijas Inform\u0101cijas noda\u013cas vad\u012bt\u0101ja Krist\u012bne B\u0113rzi\u0146a, iesp\u0113jams, pa\u0146irg\u0101j\u0101s, ka tiem cilv\u0113kiem, kuri \u0161ogad nokav\u0113ja, iesakot n\u0101kamreiz b\u016bt uzman\u012bg\u0101kiem un laic\u012bgi sekot l\u012bdzi inform\u0101cijai. Labot prettautisko likuma normu, lai Latvijas vismaz 180 000 v\u0113l\u0113t\u0101jiem b\u016btu iesp\u0113jams v\u0113l re\u0123istr\u0113ties, ne Centr\u0101l\u0101 v\u0113l\u0113\u0161anu komisija, ne Latvijas Valsts prezidents Andris B\u0113rzi\u0146\u0161, ne Saeim\u0101 p\u0101rst\u0101vo\u0161\u0101s partijas, kur\u0101m ir likumdo\u0161anas iniciat\u012bvas ties\u012bbas\u00a0 un iesp\u0113jas izskat\u012bt likumprojektu divos las\u012bjumos steidzam\u012bbas k\u0101rt\u0101 pat neuzskat\u012bja par vajadz\u012bgu par to iemin\u0113ties. Jau tagad daudzi Latvijas v\u0113l\u0113t\u0101ji s\u016bdz\u0101s, ka \u00a0neesot sa\u0146\u0113mu\u0161i no Latvijas s\u016bt\u012bto pap\u012bra v\u0113stuli par balso\u0161anas iecirk\u0146a izv\u0113li.\u00a0Sestdien, kad 200 000 Latvijas pilso\u0146i \u00a0redz\u0113s, ka vi\u0146iem nav iesp\u0113jas balsot v\u0113l\u0113\u0161an\u0101s, saj\u016bta b\u016bs \u013coti nepat\u012bkama. \u0160iem cilv\u0113kiem b\u016bs Latvijas pases, bet gaid\u0101maj\u0101s Eiropas Parlamenta (EP) v\u0113l\u0113\u0161an\u0101s vi\u0146i piedal\u012bties nevar\u0113s. \u0160\u0101da iesp\u0113ja vi\u0146iem p\u0113c valdo\u0161\u0101s politisk\u0101s elites izb\u012bd\u012bt\u0101 likuma\u00a0liegta, jo vi\u0146i neesot l\u012bdz apr\u012b\u013ca beig\u0101m ofici\u0101li izv\u0113l\u0113ju\u0161ies balso\u0161anas iecirkni. Balso\u0161anai pa pastu \u0101rzem\u0113s dz\u012bvojo\u0161ie var\u0113ja pieteikties l\u012bdz 24.apr\u012blim, bet l\u012bdz 29.apr\u012blim v\u0113l\u0113t\u0101ji var\u0113ja main\u012bt s\u0101kotn\u0113ji re\u0123istr\u0113to v\u0113l\u0113\u0161anu iecirkni. Likums neparedz, ka \u0161\u012bs darb\u012bbas var\u0113tu veikt v\u0113l\u0101k, piem\u0113ram, dienu pirms v\u0113l\u0113\u0161an\u0101m.\u00a0 Daudzi Latvijas v\u0113l\u0113t\u0101ji, uzzinot, ka tas bija j\u0101izdara l\u012bdz 29.apr\u012blim, tagad jaut\u0101, vai tas ir adekv\u0101ts laiks, lai potenci\u0101lie v\u0113l\u0113t\u0101ji var\u0113tu izv\u0113l\u0113ties?\u00a0Iesp\u0113jams, ka t\u0101 ir visliel\u0101k\u0101 Latvijas v\u0113l\u0113t\u0101ju k\u013c\u016bda, ka tie pag\u0101ju\u0161\u0101s v\u0113l\u0113\u0161an\u0101s nobalsoja par vair\u0101k\u0101m vecaj\u0101m partij\u0101m, kurus likumus pie\u0146\u0113mu\u0161as nevis dom\u0101jot par v\u0113l\u0113t\u0101jiem, bet gan par savt\u012bg\u0101m interes\u0113m. Latvie\u0161u v\u0113l\u0113t\u0101ju biedr\u012bba uzskata, ka v\u0113l\u0113t\u0101jiem j\u0101dod iesp\u0113ja main\u012bt iecirkni dienu pirms v\u0113l\u0113\u0161an\u0101m Ceram, ka ruden\u012b Saeimas v\u0113l\u0113\u0161an\u0101s Latvijas v\u0113l\u0113t\u0101ji atcer\u0113sies, ka Saeim\u0101 eso\u0161\u0101s partijas antikonstitucion\u0101li \u201cnozaga\u201d v\u0113l\u0113t\u0101jiem v\u0113l\u0113\u0161anu ties\u012bbas, vilt\u012bgi izb\u012bdot likuma normu, kas izdev\u012bga pie varas eso\u0161\u0101m partij\u0101m ar saviem lob\u0113t\u0101jiem. Bet \u0161obr\u012bd Latvie\u0161u v\u0113l\u0113t\u0101ju biedr\u012bba par radu\u0161os situ\u0101ciju izsaka protestu Latvijas Valsts prezidentam un Latvijas Saeima. Iesp\u0113jams, ka \u0161\u012b situ\u0101cija ir pamats griezties ar s\u016bdz\u012bbu starptautisk\u0101s organiz\u0101cij\u0101s\u00a0par Latvijas v\u0113l\u0113t\u0101ju ties\u012bbu ierobe\u017eo\u0161anu.<\/span><\/p>\n<p><span style=\"color: #800000;\"> <\/span><\/p>\n<p><span style=\"color: #800000;\">Latvie\u0161u v\u0113l\u0113t\u0101ju biedr\u012bba.<\/span><\/p>\n<h2><span style=\"color: #003300;\">LRTT piebilde:<\/span><\/h2>\n<p><span style=\"color: #003300;\"> <\/span><\/p>\n<p><span style=\"color: #003300;\">Apbr\u012bnojam\u0101 k\u0101rt\u0101 pat p\u0113c \u0161\u012b raksta public\u0113\u0161anas par to, ka vismaz <strong>180 000 <\/strong>rietumvalst\u012bs dz\u012bvojo\u0161ajiem <strong>Latvijas pilso\u0146iem<\/strong> nav iesp\u0113jams balsot<strong> Eiroparlamenta <\/strong>v\u0113l\u0113\u0161an\u0101s, k\u0101 ar\u012b p\u0113c v\u0113stules \u00a0aizs\u016bt\u012b\u0161anas <strong>Latvijas Valsts prezidentam Andrim\u00a0B\u0113rzi\u0146am, Latvijas Saeimas<\/strong> priek\u0161s\u0113d\u0113t\u0101jai <strong>Solvitai \u0100bolti\u0146ai, Latvijas Centr\u0101l\u0101s V\u0113l\u0113\u0161anu komisijas <\/strong>priek\u0161s\u0113d\u0113t\u0101jam <strong>Arnim Cimdaram<\/strong> un ar\u012b <strong>Eiroparlamenta<\/strong> v\u0113l\u0113\u0161an\u0101s iesaist\u012bt\u0101m partij\u0101m neviens no vi\u0146iem<span style=\"color: #ff0000;\"><em>(iz\u0146emot VL!)<\/em><\/span><span style=\"color: #ff0000;\">***<\/span> neatbild\u0113ja <strong>LVB<\/strong>, izliekoties <strong>&#8220;par beigt\u0101m ziv\u012bm&#8221; <\/strong>it k\u0101 <span style=\"color: #ff0000;\"><strong>180 000<\/strong><\/span> v\u0113l\u0113t\u0101ji neb\u016btu cilv\u0113ki ar sav\u0101m ties\u012bb\u0101m izv\u0113l\u0113ties savu n\u0101kotni.<\/span><\/p>\n<p><span style=\"color: #003300;\"><span style=\"color: #ff0000;\">***<\/span><\/span> <span style=\"color: #003300;\">Labdien!<br \/>\nPaldies Jums par inform\u0113\u0161anu saist\u012bb\u0101 ar v\u0113l\u0113\u0161anu organiz\u0113\u0161anas<br \/>\ntehnisko pusi. Diem\u017e\u0113l uz \u0161\u012bm EP v\u0113l\u0113\u0161an\u0101m m\u0113s nevaram main\u012bt<br \/>\nsitu\u0101ciju. J\u016bsu v\u0113stule &#8211; protests tiks p\u0101rs\u016bt\u012bta VL-TB\/LNNK<br \/>\ndeput\u0101tiem, lai izprastu situ\u0101ciju un rastu risin\u0101jumus uz n\u0101kamaj\u0101m<br \/>\nv\u0113l\u0113\u0161an\u0101m.<\/span><\/p>\n<p><span style=\"color: #003300;\"> <\/span><\/p>\n<p><span style=\"color: #003300;\">cie\u0146\u0101,<br \/>\nL.Ozoli\u0146a<br \/>\nVL-TB\/LNNK preses sekret\u0101re<\/span><\/p>\n","protected":false},"excerpt":{"rendered":"<p>Pirms lasi noskaties(ja neesi v\u0113l to izdar\u012bjis) HABADistu \u0101rpr\u0101tu, tad lab\u0101k saprat\u012bsi pret ko c\u012bn\u0101s LRTT un k\u0101di civiliz\u0101cijas izdzimumi valda p\u0101r pasauli un it sevi\u0161\u0137i Latvij\u0101: https:\/\/www.youtube.com\/watch?v=6_i5oMjXbIU T\u0101 ar\u012b nesagaid\u012bju no Agneses Krasti\u0146as&#46;&#46;&#46;<\/p>\n","protected":false},"author":1,"featured_media":0,"comment_status":"open","ping_status":"open","sticky":false,"template":"","format":"standard","meta":[],"categories":[1],"tags":[],"_links":{"self":[{"href":"https:\/\/tautastribunals.eu\/index.php?rest_route=\/wp\/v2\/posts\/20354"}],"collection":[{"href":"https:\/\/tautastribunals.eu\/index.php?rest_route=\/wp\/v2\/posts"}],"about":[{"href":"https:\/\/tautastribunals.eu\/index.php?rest_route=\/wp\/v2\/types\/post"}],"author":[{"embeddable":true,"href":"https:\/\/tautastribunals.eu\/index.php?rest_route=\/wp\/v2\/users\/1"}],"replies":[{"embeddable":true,"href":"https:\/\/tautastribunals.eu\/index.php?rest_route=%2Fwp%2Fv2%2Fcomments&post=20354"}],"version-history":[{"count":20,"href":"https:\/\/tautastribunals.eu\/index.php?rest_route=\/wp\/v2\/posts\/20354\/revisions"}],"predecessor-version":[{"id":20364,"href":"https:\/\/tautastribunals.eu\/index.php?rest_route=\/wp\/v2\/posts\/20354\/revisions\/20364"}],"wp:attachment":[{"href":"https:\/\/tautastribunals.eu\/index.php?rest_route=%2Fwp%2Fv2%2Fmedia&parent=20354"}],"wp:term":[{"taxonomy":"category","embeddable":true,"href":"https:\/\/tautastribunals.eu\/index.php?rest_route=%2Fwp%2Fv2%2Fcategories&post=20354"},{"taxonomy":"post_tag","embeddable":true,"href":"https:\/\/tautastribunals.eu\/index.php?rest_route=%2Fwp%2Fv2%2Ftags&post=20354"}],"curies":[{"name":"wp","href":"https:\/\/api.w.org\/{rel}","templated":true}]}}