{"id":2002,"date":"2010-06-23T12:07:30","date_gmt":"2010-06-23T09:07:30","guid":{"rendered":"http:\/\/tautastribunals.eu\/?p=2002"},"modified":"2010-06-24T11:42:18","modified_gmt":"2010-06-24T08:42:18","slug":"uzmanibu-sodien-ari-satanistuledjajevistu-diena","status":"publish","type":"post","link":"https:\/\/tautastribunals.eu\/?p=2002","title":{"rendered":"Uzman\u012bbu- \u0161odien ar\u012b s\u0101tanistu(\u013bedjajevistu) diena !"},"content":{"rendered":"<p><strong><span style=\"color: #008000\">Lai S\u0101tans parauj visus \u0161os Latvijas murgus&#8230; .<\/span><\/strong><\/p>\n<p><strong><span style=\"color: #008000\">Lai <span style=\"color: #ff0000\">sadeg <\/span>vi\u0146i pa\u0161i &#8220;\u0161ajos&#8221; <span style=\"color: #ff0000\">uguns-kuros&#8230;<\/span><\/span><\/strong><\/p>\n<p><strong><span style=\"color: #008000\">Kuros vi\u0146i dedzin\u0101ja LATVJU DAINAS un Jaunsudrabi\u0146a BALTO GR\u0100MATU !<\/span><\/strong><\/p>\n<p><strong><span style=\"color: #008000\">=============================================================================================<\/span><\/strong><\/p>\n<p><strong><span style=\"color: #008000\"><img decoding=\"async\" loading=\"lazy\" class=\"alignleft size-full wp-image-2007\" src=\"http:\/\/tautastribunals.eu\/wp-content\/uploads\/2010\/06\/Spr\u0101gonis.jpg\" alt=\"Spr\u0101gonis\" width=\"400\" height=\"280\" srcset=\"https:\/\/tautastribunals.eu\/wp-content\/uploads\/2010\/06\/Spr\u0101gonis.jpg 400w, https:\/\/tautastribunals.eu\/wp-content\/uploads\/2010\/06\/Spr\u0101gonis-300x210.jpg 300w\" sizes=\"(max-width: 400px) 100vw, 400px\" \/><span style=\"color: #000000\">Foto:<\/span> <span style=\"color: #333399\">Latvijas s\u0101tanistu biedr\u012bbas \u0161efs, biju\u0161ais KGB\u00a0virsnieks,\u00a0Aleksejs <\/span><span style=\"color: #333399\">\u013bedjajevs.<\/span><\/span><\/strong><\/p>\n<p><strong><span style=\"color: #008000\"><span style=\"color: #333399\">L\u0101\u010dpl\u0113sis ir zoofilijas produkts un lai braucot uz Amsterdamu: \u201eL\u0101\u010dpl\u0113sis ir mazi\u0146\u0161 un za\u013c\u0161, sal\u012bdzinot ar krist\u012bgajiem person\u0101\u017eiem.\u201d Saka A\u013co\u0161a !<\/span><\/span><\/strong><\/p>\n<div><strong><span style=\"color: #008000\"><span style=\"color: #333399\">Tiek piem\u0113roti ar\u012b izsm\u0113j\u012bgi v\u0101rdi\u00a0L\u012bgo sv\u0113tkiem, pau\u017eot, ka latvie\u0161i gu\u013c pie kv\u0113pin\u0101miem alt\u0101riem un savos v\u0113mek\u013cos. \u201eJaun\u0101 paaudze\u201d ne pirmo reizi izce\u013cas ar naidu un nicin\u0101jumu pret latvisko, jau agr\u0101k \u013bedjajevs dainas nosauca par pag\u0101niskaj\u0101m mantr\u0101m.<\/span><\/span><\/strong><\/div>\n<div><strong><span style=\"color: #008000\"><span style=\"color: #333399\"><strong><span style=\"color: #993366\">\u201eJaunajai paaudzei\u201d ir atbalst\u012bt\u0101ji un draugi politiskaj\u0101s aprind\u0101s \u2014 Pirmaj\u0101 partij\u0101\/\u201dLatvijas ce\u013cs\u201d. Piem\u0113ram, R\u012bgas vicem\u0113rs Ain\u0101rs \u0160lesers, R\u012bgas Domes Dro\u0161\u012bbas un k\u0101rt\u012bbas jaut\u0101jumu komitejas priek\u0161s\u0113d\u0113t\u0101js Dainis Turlais, R\u012bgas Domes Pirm\u0101s partijas\/\u201dLatvijas ce\u013ca\u201d frakcijas priek\u0161s\u0113dis Andris Ameriks, savuk\u0101rt Saeimas deput\u0101te Inta Feldmane pat ir kritusi trans\u0101 zem\u0113 \u013bedjajeva dievkalpojum\u0101.<br \/>\nDainis Turlais kasjauns.lv uzsver, ka vi\u0146\u0161, lai ar\u012b bijis \u201eJaun\u0101s paaudzes\u201d pas\u0101kumos, ir apmekl\u0113jis ar\u012b daudzus citus pas\u0101kumus, un ar \u0161o draudzi vi\u0146am organizatoriskas saist\u012bbas nav. \u201eNeko nosod\u0101mu te nesaskatu !!!<\/span><\/strong><\/span><\/span><\/strong><\/div>\n<div><strong><span style=\"color: #008000\"><span style=\"color: #333399\">\u00a0<\/span><\/span><\/strong><\/div>\n<p><strong><span style=\"color: #008000\"><span style=\"color: #333399\">\u00a0<\/p>\n<p><\/span><\/span><\/strong><\/p>\n<p>Andris Ameriks tik run\u012bgs nav. J\u0101, attiec\u012bbas ar \u201eJauno paaudzi\u201d partijai ir labas, <strong><span style=\"color: #ff0000\">\u013bedjajevam esot ar\u012b pozit\u012bvi veikumi,<\/span><\/strong> bet \u201edraudzei ir sava dz\u012bve\u201d un politi\u0137is neko nekoment\u0113\u0161ot. \u201eJ\u016bs tikai taisiet skand\u0101lus,\u201d dusm\u012bgi pau\u017e Ameriks un nev\u0113las sarunu turpin\u0101t, atst\u0101jot vietu min\u0113jumiem, vai, vi\u0146apr\u0101t, tautas pasaku dedzin\u0101\u0161ana nav skand\u0101ls.<\/p>\n<p><span style=\"color: #993300\"><strong><img decoding=\"async\" loading=\"lazy\" class=\"alignleft size-full wp-image-2010\" src=\"http:\/\/tautastribunals.eu\/wp-content\/uploads\/2010\/06\/S\u0101tanists-Janka.jpg\" alt=\"S\u0101tanists Janka\" width=\"79\" height=\"69\" \/>Un ko saka Janka Vanags par \u0161o &#8220;lietu&#8221;:<\/strong><em><span style=\"color: #0000ff\"> <\/span><\/em><\/span><span style=\"color: #0000ff\"><em>Latvijas Eva\u0146\u0123\u0113liski luterisk\u0101s bazn\u012bcas arhib\u012bskaps J\u0101nis Vanags jaun\u0101kaj\u0101 \u017eurn\u0101l\u0101 \u201ePaties\u0101 Dz\u012bve\u201d ir iztauj\u0101ts par savu attieksmi pret \u201eJauno paaudzi\u201d. Vi\u0146\u0161 ir dzird\u0113jis par gr\u0101matu dedzin\u0101\u0161anu, bet, jaut\u0101ts, vai luter\u0101\u0146u bazn\u012bca \u201eJauno paaudzi\u201d uzskata par sektu, teic:<span style=\"color: #ff0000\"> \u201eNu, ko j\u016bs tagad gaid\u0101t no manis&#8230; Ka es citus kristie\u0161us?&#8230;\u201d<\/span><\/em> <\/span><strong><span style=\"color: #993300\">Nu, protams, ka nenosod\u012bsi, jo\u00a0no vienas bandas ta\u010du esiet&#8230; !<\/span><\/strong><\/p>\n<p><strong><span style=\"color: #993300\">================================================================================<\/span><\/strong><\/p>\n<div><span style=\"color: #993300\"><span style=\"color: #ff0000\"><strong><img decoding=\"async\" loading=\"lazy\" class=\"alignleft size-full wp-image-2016\" src=\"http:\/\/tautastribunals.eu\/wp-content\/uploads\/2010\/06\/Nils-Mui\u017enieks1.jpg\" alt=\"Nils Mui\u017enieks\" width=\"65\" height=\"66\" \/>Nelabais izejot br\u0113cot,saka Nils Mui\u017enieks !<\/strong>\u00a0<\/span><br \/>\n<span style=\"color: #800000\"><em><span style=\"color: #000000\">Internet\u0101 var redz\u0113t, ka \u201eJaun\u0101s paaudzes\u201d dievkalpojuma akt\u012bvi dal\u012bbnieki biju\u0161i Latvijas Pirm\u0101s partijas jeb t\u0101 saukt\u0101s m\u0101c\u012bt\u0101ju partijas elite \u2014Ain\u0101rs \u0160lesers, Juris Luj\u0101ns, Nils Mui\u017enieks, Juris Radzevi\u010ds. Savuk\u0101rt, piedaloties nelab\u0101 izdz\u012b\u0161anas ritu\u0101l\u0101 tikt\u0101l, ka j\u0101kr\u012bt gar zemi, sav\u0101 tic\u012bb\u0101 visus p\u0101rsp\u0113j parlament\u0101riete Inta Feldmane.<\/span><\/em><\/span><\/span><\/div>\n<div><span style=\"color: #993300\">\u00a0<\/span><span style=\"color: #800000\"><span style=\"color: #000000\"><span style=\"font-family: Calibri;font-size: small\"><a href=\"http:\/\/www.tribine.lv\/zinas\/Inta-Feldmane-raustas-afekta-stavokli\/3741\">http:\/\/www.tribine.lv\/zinas\/Inta-Feldmane-raustas-afekta-stavokli\/3741<\/a><\/span><\/span><\/span><strong><span style=\"color: #333399\">\u00a0<\/span><\/strong><\/div>\n<div><strong><span style=\"color: #333399\">P\u0113c Mui\u017enieka teikt\u0101 var secin\u0101t: \u00a0N. Mui\u017enieks ir sapratis, ka ir pilns ar nelabo&#8230; . Un t\u0101di m\u0113sli \u0161odien valda p\u0101r latvie\u0161u tautu !!!<\/span><\/strong><\/div>\n<p>\u00a0<span style=\"color: #333399\"><em>===============================================================================<\/em><\/span><\/p>\n<p><span style=\"color: #008000\"><strong><span style=\"color: #993300\">S\u0101tanistu \u013bedjajevistu dedzin\u0101tais un n\u012bstais J\u0101nis Jaunsudrabi\u0146\u0161.<\/span><\/strong><br \/>\n\u00a0<br \/>\n<strong>J\u0101nis Jaunsudrabi\u0146\u0161, PIEMINI LATVIJU !<\/strong><br \/>\n\u00a0<br \/>\n<strong>\u00a0Latvi, lai kur\u0101 zemes da\u013c\u0101 tu non\u0101ktu- piemini Latviju ! Nekad un nekur sav\u0101 m\u016b\u017e\u0101 tu vairs nedzird\u0113si skaist\u0101ka v\u0101rda par \u0161o v\u0101rdu, t\u0101p\u0113c nemities to daudzin\u0101t, nebeidz slav\u0113t valsti, kas \u0161o v\u0101rdu nes. Ja esi t\u0113vs, paud to saviem b\u0113rniem, ja esi m\u0101te, dziedi par vi\u0146u pie savu b\u0113rnu un mazb\u0113rnu \u0161upu\u013ciem, bet ja esi b\u0113rns, kas dzimis trimd\u0101,- nerimsti tauj\u0101t par \u0161o zemi savus vec\u0101kus. Latvija lai tav\u0101s dom\u0101s un iedom\u0101s ir k\u0101 t\u0101la, br\u012bni\u0161\u0137\u012bga sala pasaules j\u016br\u0101, uz kuru vienm\u0113r j\u0101st\u0101v v\u0113rstam tavas dz\u012bves laivas priek\u0161galam. Diena vai nakts, vakars vai r\u012bts,- turi vi\u0146u pr\u0101t\u0101, piemini vi\u0146u, iem\u012bli vi\u0146u arvien dedz\u012bg\u0101k. Gada laikiem n\u0101kot un ejot,- piemini Latviju !<\/strong><\/span><\/p>\n<p><span style=\"color: #333399\"><em>LRTT\u00a0\u00a0\u00a0\u00a0\u00a0\u00a0\u00a0\u00a0\u00a0\u00a0\u00a0\u00a0\u00a0\u00a0\u00a0\u00a0\u00a0\u00a0\u00a0\u00a0\u00a0\u00a0\u00a0\u00a0 23.06.2010<\/em><\/span><\/p>\n<p><span style=\"color: #333399\"><em>Materi\u0101li ar\u012b no:<\/em><strong> <\/strong><a href=\"http:\/\/www.kasjauns.lv\"><strong>www.kasjauns.lv<\/strong><\/a><\/span><\/p>\n","protected":false},"excerpt":{"rendered":"<p>Lai S\u0101tans parauj visus \u0161os Latvijas murgus&#8230; . Lai sadeg vi\u0146i pa\u0161i &#8220;\u0161ajos&#8221; uguns-kuros&#8230; Kuros vi\u0146i dedzin\u0101ja LATVJU DAINAS un Jaunsudrabi\u0146a BALTO GR\u0100MATU ! ============================================================================================= Foto: Latvijas s\u0101tanistu biedr\u012bbas \u0161efs, biju\u0161ais KGB\u00a0virsnieks,\u00a0Aleksejs \u013bedjajevs. L\u0101\u010dpl\u0113sis&#46;&#46;&#46;<\/p>\n","protected":false},"author":6,"featured_media":0,"comment_status":"open","ping_status":"open","sticky":false,"template":"","format":"standard","meta":[],"categories":[1],"tags":[],"_links":{"self":[{"href":"https:\/\/tautastribunals.eu\/index.php?rest_route=\/wp\/v2\/posts\/2002"}],"collection":[{"href":"https:\/\/tautastribunals.eu\/index.php?rest_route=\/wp\/v2\/posts"}],"about":[{"href":"https:\/\/tautastribunals.eu\/index.php?rest_route=\/wp\/v2\/types\/post"}],"author":[{"embeddable":true,"href":"https:\/\/tautastribunals.eu\/index.php?rest_route=\/wp\/v2\/users\/6"}],"replies":[{"embeddable":true,"href":"https:\/\/tautastribunals.eu\/index.php?rest_route=%2Fwp%2Fv2%2Fcomments&post=2002"}],"version-history":[{"count":23,"href":"https:\/\/tautastribunals.eu\/index.php?rest_route=\/wp\/v2\/posts\/2002\/revisions"}],"predecessor-version":[{"id":2026,"href":"https:\/\/tautastribunals.eu\/index.php?rest_route=\/wp\/v2\/posts\/2002\/revisions\/2026"}],"wp:attachment":[{"href":"https:\/\/tautastribunals.eu\/index.php?rest_route=%2Fwp%2Fv2%2Fmedia&parent=2002"}],"wp:term":[{"taxonomy":"category","embeddable":true,"href":"https:\/\/tautastribunals.eu\/index.php?rest_route=%2Fwp%2Fv2%2Fcategories&post=2002"},{"taxonomy":"post_tag","embeddable":true,"href":"https:\/\/tautastribunals.eu\/index.php?rest_route=%2Fwp%2Fv2%2Ftags&post=2002"}],"curies":[{"name":"wp","href":"https:\/\/api.w.org\/{rel}","templated":true}]}}