{"id":13504,"date":"2013-04-06T12:57:15","date_gmt":"2013-04-06T09:57:15","guid":{"rendered":"http:\/\/tautastribunals.eu\/?p=13504"},"modified":"2024-04-28T12:20:22","modified_gmt":"2024-04-28T09:20:22","slug":"i-ronis-pret-m-p-valdi-dombrovski","status":"publish","type":"post","link":"https:\/\/tautastribunals.eu\/?p=13504","title":{"rendered":"I. Ronis. Pret m.p. Valdi Dombrovski"},"content":{"rendered":"<h2><span style=\"color: #ff0000;\"><img decoding=\"async\" loading=\"lazy\" class=\"alignleft  wp-image-13505\" title=\"www.tautastribunals.eu 2\" src=\"http:\/\/tautastribunals.eu\/wp-content\/uploads\/2013\/04\/www.tautastribunals.eu-2.png\" alt=\"www.tautastribunals.eu 2\" width=\"1628\" height=\"234\" srcset=\"https:\/\/tautastribunals.eu\/wp-content\/uploads\/2013\/04\/www.tautastribunals.eu-2.png 950w, https:\/\/tautastribunals.eu\/wp-content\/uploads\/2013\/04\/www.tautastribunals.eu-2-300x43.png 300w, https:\/\/tautastribunals.eu\/wp-content\/uploads\/2013\/04\/www.tautastribunals.eu-2-800x115.png 800w\" sizes=\"(max-width: 1628px) 100vw, 1628px\" \/><span style=\"text-decoration: underline;\">LATVIJA- S\u0100TANISTU PER\u0112KLIS<\/span><br \/>\n<\/span><\/h2>\n<h2><span style=\"color: #ff0000;\">MIGLA SARKAN\u0100- NOL\u0100D\u0112T\u0100<\/span><\/h2>\n<p><span style=\"color: #800000;\"><span style=\"text-decoration: underline;\"><strong>&#8220;Ar\u00a0 1995. gada\u00a0 pavasari\u00a0 s\u0101k\u0101s\u00a0 iesniedz\u0113ja\u00a0 apmelo\u0161anas\u00a0 kampa\u0146a\u00a0 par\u00a0 psihiski\u00a0 slimu\u00a0 ar\u012b\u00a0 LU\u00a0 Latvijas\u00a0 v\u0113stures\u00a0 instit\u016bt\u0101.\u00a0 K\u0101du\u00a0 r\u012btu\u00a0 p\u0113c\u00a0 R.V\u012bksnes\u00a0 l\u016bguma\u00a0 grupa\u00a0 instit\u016bta\u00a0 darbinieku (V.M.B\u0113rzi\u0146\u0161, I.Lo\u010dmelis,\u00a0 A.Vasks) ,\u00a0 solidariz\u0113joties\u00a0 ar\u00a0 R.V\u012bksni,\u00a0 grib\u0113ja\u00a0 iesniedz\u0113ju \u00a0vest\u00a0 uz\u00a0 slimn\u012bcu .&#8221;<\/strong><\/span><\/span><\/p>\n<p><span style=\"color: #003300;\"><span style=\"color: #ff0000;\"><span style=\"color: #ff0000;\">T\u0101ds \u0101rpr\u0101ts, k\u0101ds valda<span style=\"text-decoration: underline;\"> <strong>4. maija kli\u0137es KGBistu Latvij\u0101<\/strong><\/span><strong>,<\/strong> nav vald\u012bjis nevienas mums zin\u0101m\u0101s civiliz\u0101cijas valstiskajos veidojumos. <\/span><\/span><\/span><\/p>\n<p><span style=\"color: #003300;\"><span style=\"color: #ff0000;\"><span style=\"color: #ff0000;\">N\u0113, Latvija nav <strong>D\u017e. Orvela &#8220;Dz\u012bvnieku ferma&#8221;<\/strong>, bet gan<span style=\"text-decoration: underline;\"><strong> s\u0101tanisk\u0101s Pasaules<\/strong><\/span> <span style=\"text-decoration: underline;\"><strong>IZDZIMTE\u0145U<\/strong><\/span> gar\u012bgais centrs. <\/span><\/span><\/span><\/p>\n<p><span style=\"color: #003300;\"><span style=\"color: #ff0000;\"><span style=\"color: #ff0000;\">T\u0101p\u0113c jau ar\u012b \u013coti daudziem ministriem, deput\u0101tiem u.c. augsti st\u0101vo\u0161ajiem sej\u0101s <strong>atspulgojas dz\u012bvnieciskums <\/strong>un <strong>s\u0101taniskums<\/strong><em>(\u0161izofr\u0113nija)<\/em>. Ne tikai sej\u0101s, bet ar\u012b gait\u0101, run\u0101s un \u017eestikul\u0101cij\u0101s.<\/span><\/span><\/span><\/p>\n<p><span style=\"color: #003300;\"><span style=\"color: #ff0000;\"><span style=\"color: #ff0000;\">&#8220;M\u016bsu&#8221; padomju v\u0113sturnieki t\u0101p\u0113c tik akt\u012bvi sl\u0113pj latvie\u0161u &#8220;karav\u012bru&#8221; noziegumus, jo vi\u0146i bija \u010dekas saverv\u0113ti un veica <strong>NKVD<\/strong> uzdevumu. Tas viss labi sakan ar <span style=\"text-decoration: underline;\"><strong>Sta\u013cina politiku<\/strong><\/span>: j\u0101dara viss, lai rad\u012btu naidu pret fa\u0161istiem. Ar\u012b \u0161odien t\u0101di viltus latvie\u0161i &#8220;rad\u012bti&#8221; un sab\u0101zti vis\u0101s iesp\u0113jam\u0101s viet\u0101s. \u0160odienas <strong>R\u016aDOLFI VEISI<\/strong> ir<span style=\"text-decoration: underline;\"><strong> lapinski, gardas, lapsas<\/strong><strong>, oroli<\/strong><\/span>&#8230; .<br \/>\n<\/span><\/span><\/span><\/p>\n<p><span style=\"color: #003300;\"><span style=\"color: #ff0000;\"><span style=\"color: #ff0000;\">Dom\u0101jams, velti ir gaid\u012bt no di\u017e\u0101 &#8220;demokr\u0101ta&#8221; <strong>Lato Lapsas<\/strong>, ka vi\u0146\u0161 t\u0101da veida dokumentus public\u0113s <strong>PIETIEK.COM <\/strong>vietn\u0113.<\/span><\/span><\/span><\/p>\n<p><span style=\"color: #003300;\"><span style=\"color: #ff0000;\"><span style=\"color: #ff0000;\">06.04.13.\u00a0\u00a0\u00a0 LRTT<\/span><\/span><\/span><\/p>\n<h1><span style=\"color: #0000ff;\"><a href=\"http:\/\/www.youtube.com\/watch?v=PVgvCbsHelo\">http:\/\/www.youtube.com\/watch?v=PVgvCbsHelo<\/a><\/span><\/h1>\n<p><span style=\"color: #003300;\"><span style=\"color: #ff0000;\"><span style=\"color: #ff0000;\">============================================<br \/>\n<\/span><\/span><\/span><\/p>\n<h1><span style=\"color: #003300;\"><img decoding=\"async\" loading=\"lazy\" class=\"alignleft  wp-image-13515\" title=\"www.tautastribunals.eu 1\" src=\"http:\/\/tautastribunals.eu\/wp-content\/uploads\/2013\/04\/www.tautastribunals.eu-11.png\" alt=\"www.tautastribunals.eu 1\" width=\"2046\" height=\"286\" srcset=\"https:\/\/tautastribunals.eu\/wp-content\/uploads\/2013\/04\/www.tautastribunals.eu-11.png 950w, https:\/\/tautastribunals.eu\/wp-content\/uploads\/2013\/04\/www.tautastribunals.eu-11-300x42.png 300w, https:\/\/tautastribunals.eu\/wp-content\/uploads\/2013\/04\/www.tautastribunals.eu-11-800x112.png 800w\" sizes=\"(max-width: 2046px) 100vw, 2046px\" \/>ADMINISTRAT\u012aVAJAI\u00a0 RAJONA\u00a0 TIESAI.<\/span><\/h1>\n<p><span style=\"color: #003300;\"><em> <img decoding=\"async\" loading=\"lazy\" class=\"alignleft  wp-image-13508\" title=\"Indulis-Ronis2\" src=\"http:\/\/tautastribunals.eu\/wp-content\/uploads\/2013\/04\/Indulis-Ronis2.jpg\" alt=\"Indulis-Ronis2\" width=\"205\" height=\"308\" \/>Indu\u013ca Ro\u0146a, personas kods\u00a0\u00a0 250343-11802 <\/em><\/span><\/p>\n<p><span style=\"color: #003300;\"><em>vecuma pension\u0101ra,\u00a0 zemnieku saimniec\u012bbas\u00a0 \u201eKrau\u013ci\u201d \u012bpa\u0161nieka,<\/em><\/span><\/p>\n<p><span style=\"color: #003300;\"><em>habilit\u0113t\u0101\u00a0 doktora\u00a0 v\u0113stur\u0113<\/em><\/span><\/p>\n<p><span style=\"color: #003300;\"><em>adrese:\u00a0 \u201eKrau\u013ci\u201d, \u012avandes pagasts,\u00a0 Kuld\u012bgas\u00a0 novads, LV-3313<\/em><\/span><\/p>\n<p><span style=\"color: #003300;\"><em>e-pasts: <a href=\"mailto:kraulietis13@inbox.lv\">kraulietis13@inbox.lv<\/a><\/em><\/span><\/p>\n<p><span style=\"color: #003300;\"><em>mobilais telefons\u00a0 26261152<\/em><\/span><\/p>\n<p><span style=\"color: #003300;\"><strong> L\u016aGUMS\u00a0 PIE\u0145EMT ADMINISTRAT\u012aV\u0100S\u00a0 RAJONA TIESAS\u00a0 TIESVED\u012aB\u0100\u00a0 UN\u00a0 IEROSIN\u0100T\u00a0 ADMINISTRAT\u012aVO\u00a0 PROCESU\u00a0 PRET\u00a0 MINISTRU\u00a0 PREZIDENTU\u00a0 VALDI\u00a0 DOMBROVSKI\u00a0 \u00a0UN\u00a0 LATVIJAS REPUBLIKAS\u00a0 AUGST\u0100K\u0100S\u00a0 TIESAS\u00a0 TIESNE\u0160U\u00a0 DISCIPLIN\u0100RKOL\u0112\u0122IJAS\u00a0 PRIEK\u0160S\u0112D\u0112T\u0100JU\u00a0 P\u0112TERI\u00a0 DZALBI\u00a0 PAR\u00a0 ATTEIK\u0160ANOS\u00a0 IZSKAT\u012aT\u00a0 UN\u00a0 SNIEGT\u00a0 ATBILDI\u00a0 UZ\u00a0 PIETEIC\u0112JA <\/strong> 2012.gada 7.maija\u00a0 \u201e L\u016bgums\u00a0 atjaunot tiesiskumu\u00a0 un Latvijas Republikas\u00a0 likumu\u00a0 iev\u0113ro\u0161anu\u00a0 Latvijas\u00a0 valsts\u00a0 iest\u0101\u017eu\u00a0 un\u00a0 tiesu\u00a0 darb\u012bb\u0101 \u2013 attiec\u012bb\u0101s\u00a0 ar\u00a0 iesnieguma\u00a0 autoru\u201d. <\/span><\/p>\n<p><span style=\"color: #003300;\"> 2012.gada\u00a0 14.j\u016bnij\u0101. <\/span><\/p>\n<p><span style=\"color: #003300;\"> \u0160\u012b\u00a0 gada 7.maij\u0101\u00a0 pieteic\u0113js \u00a0\u00a0v\u0113rs\u0101s\u00a0 pie\u00a0 ministru\u00a0 prezidenta\u00a0 Valda Dombrovska\u00a0 \u00a0\u00a0un\u00a0 Latvijas\u00a0 Republikas\u00a0 Augst\u0101k\u0101s\u00a0 tiesas\u00a0 Tiesne\u0161u\u00a0 disciplin\u0101rkol\u0113\u0123ijas\u00a0 priek\u0161s\u0113d\u0113t\u0101ja\u00a0 P\u0113tera\u00a0 Dzalbes\u00a0 \u00a0\u00a0ar\u00a0 \u201eL\u016bgums\u00a0 atjaunot\u00a0 tiesiskumu\u00a0 un\u00a0 Latvijas\u00a0 Republikas\u00a0 likumu\u00a0 iev\u0113ro\u0161anu\u00a0 Latvijas\u00a0 valsts\u00a0 iest\u0101\u017eu\u00a0 un\u00a0 tiesu\u00a0 darb\u012bb\u0101 \u2013 attiec\u012bb\u0101s\u00a0 ar\u00a0 iesnieguma\u00a0 autoru\u201d\u00a0 (pielikuma\u00a0 1.dokuments\u201d), kur\u0161\u00a0 prettiesiski\u00a0 tika\u00a0 atst\u0101ts\u00a0 bez\u00a0 izskat\u012b\u0161anas\u00a0 un\u00a0 atbildes. <\/span><\/p>\n<p><span style=\"color: #003300;\"> \u012aSS\u00a0 LIETAS\u00a0 B\u016aT\u012aBAS\u00a0 IZKL\u0100STS: <\/span><\/p>\n<p><span style=\"color: #003300;\"> 1.1. K\u0101\u00a0 pier\u0101da\u00a0 \u0161.g.\u00a0 7.maija\u00a0 l\u016bguma \u00a0\u00a01.-3.1.\u00a0 un 3.6. \u00a0punkt\u0101\u00a0 min\u0113tie\u00a0 fakti,\u00a0 \u00a0tad\u00a0 \u00a0kop\u0161 \u00a01996. gada febru\u0101ra\u00a0 pieteic\u0113js \u00a0\u00a0tika\u00a0 un\u00a0 tiek\u00a0 vaj\u0101ts\u00a0 Latvijas Republikas\u00a0 (turpm\u0101k \u2013 LR) valsts\u00a0 iest\u0101\u017eu\u00a0 l\u012bmen\u012b.\u00a0 Proti,\u00a0 no 1997. gada\u00a0 l\u012bdz\u00a0 pension\u0113\u0161an\u0101s\u00a0 laikam\u00a0 liedzot\u00a0 vi\u0146am\u00a0 darbu\u00a0 specialit\u0101t\u0113, liedzot \u00a0ties\u012bbas\u00a0 paust\u00a0 savus\u00a0 uzskatus\u00a0 akad\u0113miskaj\u0101\u00a0 pres\u0113,\u00a0 Latvijas V\u0113sturnieku\u00a0 komisijas\u00a0 simpozijos\u00a0 un\u00a0 konferenc\u0113s,\u00a0 \u00a0\u00a0ignor\u0113jot\u00a0 vi\u0146a\u00a0 iesniegumus \u00a0valsts\u00a0 iest\u0101d\u0113s\u00a0 un\u00a0 ties\u0101&#8211;\u00a0 nesniedzot\u00a0 nek\u0101du\u00a0 atbildi,\u00a0 vai\u00a0 nesniedzot\u00a0 atbildes\u00a0 p\u0113c\u00a0 b\u016bt\u012bbas u.c.\u00a0 , kas\u00a0 p\u0101rk\u0101pj\u00a0 demokr\u0101tiskas\u00a0 iek\u0101rtas\u00a0 principus (APL 12.pants). Attiec\u012bb\u0101s\u00a0 ar\u00a0 pieteic\u0113ju\u00a0 netiek\u00a0 iev\u0113rots\u00a0 sam\u0113r\u012bguma\u00a0 princips (APL\u00a0 13.pants). \u00a0T\u0101l\u0101k\u00a0 min\u0113tie\u00a0 fakti\u00a0 pier\u0101da,\u00a0 ka\u00a0 pieteic\u0113js \u00a0\u00a0tiek\u00a0 vaj\u0101ts\u00a0 vi\u0146a\u00a0 politisko\u00a0 uzskatu\u00a0 un\u00a0 god\u012bg\u0101s\u00a0 zin\u0101tnisk\u0101s\u00a0 darb\u012bbas\u00a0 d\u0113\u013c,\u00a0\u00a0 ignor\u0113jot\u00a0 Satversmes 100.pantu,\u00a0 Visp\u0101r\u0113jo\u00a0 cilv\u0113kties\u012bbu\u00a0 pamatnormas\u00a0 un\u00a0 starptautisko\u00a0 ties\u012bbu\u00a0 normas,\u00a0 t.i. attiec\u012bb\u0101s\u00a0 ar\u00a0 pras\u012bt\u0101ju \u00a0ir\u00a0 p\u0101rk\u0101pti\u00a0 APL \u00a015. pants\u00a0 14 (prim) pants u.c. <\/span><\/p>\n<p><span style=\"color: #003300;\">Pieteic\u0113js \u00a0\u00a0vienm\u0113r\u00a0 ir\u00a0 bijis\u00a0 un\u00a0 ir\u00a0 uztic\u012bga\u00a0 demokr\u0101tijas\u00a0 pamatprincipiem \u2013 vi\u0146\u0161 asi\u00a0 un\u00a0 nesamierin\u0101mi\u00a0 ir\u00a0 v\u0113rsies\u00a0 pret \u00a0\u00a0latvie\u0161u\u00a0 \u00a0un \u00a0lielkrievu\u00a0 \u0161ovinisma\u00a0 tenden\u010du\u00a0 pieaug\u0161anu\u00a0 \u00a0Latvijas\u00a0 Republikas\u00a0 (turpm\u0101k \u2013 LR) \u00a0politiskaj\u0101\u00a0 elit\u0113:\u00a0 agr\u0101k \u00a0LLNK,\u00a0 TB un PCTVL, \u0161odien\u00a0 Nacion\u0101laj\u0101\u00a0 apvien\u012bb\u0101\u00a0 un\u00a0 Saska\u0146as\u00a0 Centr\u0101.<\/span><\/p>\n<p><span style=\"color: #003300;\">Sav\u0101\u00a0 zin\u0101tniskaj\u0101\u00a0 darb\u012bb\u0101 \u00a0pat \u00a0\u00a0padomju\u00a0 okup\u0101cijas\u00a0 gados (!)\u00a0 iesniedz\u0113js \u00a0\u00a0iesp\u0113ju\u00a0 robe\u017e\u0101s\u00a0 \u00a0cent\u0101s\u00a0 apiet\u00a0 antizin\u0101tnisko\u00a0 \u201emarksistiski-\u013ce\u0146inisko\u00a0 metodolo\u0123iju\u201d,\u00a0 bet\u00a0 \u00a0\u00a0M.Gorba\u010dova\u00a0 \u201eperestroikas\u201d laik\u0101\u00a0 ar\u00a0 LPSR ZA\u00a0 viceprezidenta\u00a0 Aleksandra\u00a0 Dr\u012bzu\u013ca\u00a0 un\u00a0\u00a0 faktisk\u0101\u00a0 LKP\u00a0 likvidatora\u00a0 Ivara \u0136ezbera\u00a0 atbalstu , \u00a0k\u0101\u00a0 \u00a0\u00a0LZA V\u0113stures\u00a0 instit\u016bta\u00a0 p\u0113d\u0113jais\u00a0 direktors\u00a0 un\u00a0 LU Latvijas\u00a0 v\u0113stures\u00a0 instit\u016bta\u00a0 pirmais\u00a0 direktors,\u00a0\u00a0 sekm\u012bgi\u00a0 veica\u00a0 antizin\u0101tnisk\u0101\u00a0 marksisma-\u013cenisma\u00a0 demont\u0101\u017eu Latvijas\u00a0 v\u0113stures\u00a0 zin\u0101tn\u0113.<\/span><\/p>\n<p><span style=\"color: #003300;\">Diem\u017e\u0113l\u00a0 pieteic\u0113js \u00a0\u00a0cieta\u00a0 sak\u0101vi\u00a0 c\u012b\u0146\u0101\u00a0 pret\u00a0 Latvijas\u00a0 v\u0113stures\u00a0 neonaciz\u0113t\u0101jiem,\u00a0 par\u00a0 k\u0101diem\u00a0 k\u013cuva\u00a0 vair\u0101ki \u00a0\u00a0vakardienas\u00a0\u00a0 dogmatiski \u00a0padomju\u00a0 v\u0113sturnieki . Vado\u0161ie\u00a0 no\u00a0 vi\u0146iem\u00a0 \u0161odien\u00a0 ir\u00a0 : D.Bleiere,\u00a0\u00a0 I.Butulis,\u00a0 I.Feldmanis,\u00a0 A.Stranga, A.Zunda ,\u00a0\u00a0 p\u0113d\u0113j\u0101\u00a0 laik\u0101\u00a0 vi\u0146iem\u00a0 piebiedrojusies\u00a0 jaun\u0101k\u0101s\u00a0 paaudzes\u00a0 v\u0113sturniece\u00a0 V.Zel\u010da.\u00a0 \u00a0\u00a0Vairums\u00a0 no\u00a0 vi\u0146iem\u00a0 ir\u00a0 vado\u0161ie\u00a0 v\u0113sturnieki \u00a0Latvijas V\u0113sturnieku\u00a0 komisij\u0101\u00a0 \u00a0\u00a0pie\u00a0 Valsts prezidenta\u00a0 A.B\u0113rzi\u0146a ,\u00a0 bet \u00a0profesors\u00a0\u00a0 A.\u00a0 Zunda \u00a0\u00a0pat\u00a0 ir\u00a0 Valsts \u00a0prezidenta\u00a0 A.B\u0113rzi\u0146a\u00a0 \u00a0padomnieks\u00a0 v\u0113stures\u00a0 jaut\u0101jumos.<\/span><\/p>\n<p><span style=\"color: #003300;\"> 1.2.\u00a0\u00a0 Apzin\u0101ti\u00a0 \u013caunpr\u0101t\u012bgi\u00a0\u00a0 izmantojot\u00a0 savu\u00a0 dienesta\u00a0 st\u0101vokli\u00a0 (t\u0101\u00a0 veicot KL 319. pant\u0101\u00a0 kvalific\u0113tas\u00a0 darb\u012bbas)\u00a0 \u00a0A.Zunda\u00a0 faktiski\u00a0 ir\u00a0 veicis\u00a0 sazv\u0113rniecisku \u00a0darb\u012bbu\u00a0 pret\u00a0 Satversm\u0113\u00a0 nostiprin\u0101to\u00a0 LR\u00a0 demokr\u0101tisko\u00a0 valsts\u00a0 iek\u0101rtu.\u00a0 Proti, vi\u0146\u0161\u00a0 un\u00a0 p\u0101r\u0113jie\u00a0 min\u0113tie\u00a0 LU\u00a0 profesori\u00a0 ir\u00a0 dezinform\u0113ju\u0161i\u00a0 \u00a0\u00a0Valsts\u00a0 prezidentu\u00a0 Andri\u00a0 B\u0113rzi\u0146u\u00a0 par\u00a0 Iero\u010du\u00a0 SS \u00a0br\u012bvpr\u0101t\u012bg\u0101\u00a0 \u00a0Latvie\u0161u \u00a0\u00a0\u00a0le\u0123iona\u00a0 patieso\u00a0 b\u016bt\u012bbu\u00a0 un\u00a0 patieso\u00a0 lomu\u00a0 LR\u00a0 pilso\u0146u\u00a0 likte\u0146os\u00a0 2. Pasaules\u00a0 kara\u00a0 laik\u0101.\u00a0 T\u0101\u00a0 rezult\u0101t\u0101\u00a0 Valsts\u00a0 prezidents\u00a0 A.B\u0113rzi\u0146\u0161\u00a0\u00a0 \u0161.g. 16.marta\u00a0 le\u0123ion\u0101ru\u00a0 piemi\u0146as\u00a0 dienas\u00a0 sakar\u012bb\u0101\u00a0 ir\u00a0\u00a0 sniedzis\u00a0 un\u00a0 turpina\u00a0 sniegt \u00a0vair\u0101kus\u00a0 katastrof\u0101li\u00a0 k\u013c\u016bdainus\u00a0 pazi\u0146ojumus\u00a0 par\u00a0 \u00a0SS \u00a0\u00a0br\u012bvpr\u0101t\u012bgajiem\u00a0 \u00a0latvie\u0161u\u00a0 le\u0123ion\u0101riem,\u00a0 kuri\u00a0 smagi\u00a0 kompromit\u0113ja \u00a0un\u00a0 kompromit\u0113\u00a0 \u00a0LR\u00a0 starptautiskaj\u0101\u00a0 ar\u0113n\u0101\u00a0 un\u00a0 izrais\u012bja\u00a0 politisk\u0101s\u00a0 un\u00a0 starpnacion\u0101l\u0101s\u00a0 konfront\u0101cijas\u00a0 b\u016btisku\u00a0 pastiprin\u0101\u0161anos\u00a0 valsts\u00a0 iek\u0161ien\u0113. <\/span><\/p>\n<p><span style=\"color: #003300;\">Paties\u012bb\u0101\u00a0\u00a0\u00a0 SS\u00a0 br\u012bvpr\u0101t\u012bg\u0101\u00a0 latvie\u0161u\u00a0 le\u0123iona\u00a0 kodolu\u00a0 sast\u0101d\u012bja\u00a0 daudzi\u00a0 t\u016bksto\u0161i (!)\u00a0 nacistiskie\u00a0 kara\u00a0 noziedznieki ,\u00a0 kuri\u00a0 bija\u00a0 \u0146\u0113mu\u0161i\u00a0 tie\u0161u\u00a0 dal\u012bbu\u00a0\u00a0\u00a0 desmitiem\u00a0 t\u016bksto\u0161u\u00a0 civiliedz\u012bvot\u0101ju\u00a0 slepkav\u012bb\u0101s\u00a0 okup\u0113tajos\u00a0\u00a0 Austrumu\u00a0 apgabalos (Ostland\u0113: Igaunija, Latvija, Lietuva,\u00a0 liel\u0101k\u0101\u00a0 da\u013ca\u00a0 Baltkrievijas\u00a0 un\u00a0 vair\u0101ki\u00a0 Pleskavas\u00a0 novada\u00a0 apgabali).<\/span><\/p>\n<p><span style=\"color: #003300;\">7.maija\u00a0 l\u016bguma \u00a0\u00a02. punkt\u0101\u00a0 pieteic\u0113js\u00a0 \u00a0rakst\u012bja : \u201eProfesora \u00a0Dr. H.Biez\u0101\u00a0 gr\u0101mata\u00a0 \u201eLatvija\u00a0 \u00a0\u00a0k\u0101\u0161krusta\u00a0 var\u0101. \u00a0\u00a0Sve\u0161i kungi\u2014pa\u0161u\u00a0 \u013caudis. [Apg\u0101ds\u00a0 Gauja\u00a0 (\u012astlansinga, ASV), 1992.]\u00a0 l\u012bdz\u00a0 \u0161odienai\u00a0 ir\u00a0 vien\u012bg\u0101\u00a0 zin\u0101tnisk\u0101\u00a0 gr\u0101mata\u00a0 latvie\u0161u\u00a0 valod\u0101\u00a0 par\u00a0 Otr\u0101\u00a0 pasaules\u00a0 kara\u00a0 v\u0113sturi\u00a0 Latvij\u0101,\u00a0 kur\u0101\u00a0 kaism\u012bgi\u00a0 atmaskots\u00a0 nacion\u0101lsoci\u0101listiskais\u00a0 okup\u0101cijas\u00a0 re\u017e\u012bms\u00a0 un\u00a0 t\u0101\u00a0 kara\u00a0 noziegumi,\u00a0 \u012bpa\u0161u\u00a0 v\u0113r\u012bbu\u00a0 piev\u0113r\u0161ot\u00a0 latvie\u0161u kara\u00a0 noziedznieku\u00a0 atmasko\u0161anai. Profesors\u00a0 Dr.Haralds Biezais\u00a0 dokument\u0101li\u00a0 pier\u0101d\u012bja,\u00a0 ka\u00a0 latvie\u0161u\u00a0 pal\u012bgpolicija,\u00a0 kuru\u00a0 s\u0101kotn\u0113ji\u00a0 vad\u012bja\u00a0 biju\u0161ais\u00a0 pirm\u0101s\u00a0 republikas\u00a0 milit\u0101rais\u00a0 ata\u0161ejs\u00a0 Voldem\u0101rs\u00a0 Veiss,\u00a0 veica\u00a0 v\u0113l\u00a0 liel\u0101kus\u00a0 kara\u00a0 noziegumus\u00a0 nek\u0101\u00a0 pla\u0161i\u00a0 paz\u012bstamais\u00a0 kara\u00a0 noziedznieks\u00a0 Viktors\u00a0 Ar\u0101js\u00a0 ar\u00a0 savu\u00a0 bataljonu (komandu).\u00a0 Ta\u010du\u00a0 Br\u0101\u013cu\u00a0 kapu\u00a0 komiteja\u00a0 uzskat\u012bja\u00a0 par\u00a0 iesp\u0113jamu\u00a0 atjaunot\u00a0 piemi\u0146as\u00a0 pl\u0101ksni\u00a0 \u0161im\u00a0 lielajam\u00a0 kara\u00a0 noziedzniekam\u00a0 pa\u0161\u0101\u00a0 presti\u017e\u0101kaj\u0101\u00a0 Br\u0101\u013cu\u00a0 kapu\u00a0 viet\u0101\u00a0 (M\u0101tes-Latvijas\u00a0 t\u0113la\u00a0 pak\u0101j\u0113)\u00a0 un\u00a0 to\u00a0 saglab\u0101t\u00a0 ar\u012b\u00a0 p\u0113c\u00a0 profesora\u00a0 H.Biez\u0101\u00a0 izcil\u0101s\u00a0 monogr\u0101fijas\u00a0 public\u0113\u0161anas\u201d.<\/span><\/p>\n<p><span style=\"color: #003300;\">Min\u0113taj\u0101\u00a0 gr\u0101mat\u0101\u00a0 profesors\u00a0 Dr.H.Biezais\u00a0 ir\u00a0 prec\u012bzi\u00a0 att\u0113lojis\u00a0\u00a0\u00a0 SS\u00a0\u00a0 br\u012bvpr\u0101t\u012bg\u0101\u00a0 latvie\u0161u\u00a0 le\u0123iona\u00a0 izveido\u0161an\u0101s\u00a0 gaitu. Proti, t\u016bl\u012bt p\u0113c\u00a0\u00a0 nacistu\u00a0 okup\u0101cijas\u00a0 civiliedz\u012bvot\u0101ju\u00a0 izn\u012bcin\u0101\u0161anai\u00a0 (psihiski\u00a0 slimo, \u00a0padomju\u00a0 akt\u012bvistu,\u00a0 bie\u017ei\u00a0 karag\u016bstek\u0146u,\u00a0 bet\u00a0 \u012bpa\u0161i\u00a0 \u010dig\u0101nu\u00a0 un\u00a0 ebreju taut\u012bbas\u00a0 iedz\u012bvot\u0101ju\u00a0 no\u0161au\u0161anai)\u00a0 tika\u00a0 izveidotas\u00a0 \u00a0\u00a0pirm\u0101s\u00a0 republikas\u00a0 latvie\u0161u\u00a0 virsnieku\u00a0 un\u00a0 policistu \u00a04 grupas (196. lpp.),\u00a0 kuras dr\u012bz\u00a0\u00a0 k\u013cuva\u00a0 par\u00a0 galvenajiem\u00a0 br\u012bvpr\u0101t\u012bgo\u00a0 latvie\u0161u\u00a0 policijas\u00a0 bataljonu\u00a0 organiz\u0113t\u0101jiem \u00a0(202.-209.lpp.).\u00a0 \u0160os\u00a0 policijas\u00a0 bataljonus\u00a0 izmantoja\u00a0 k\u0101\u00a0 dro\u0161\u012bbas\u00a0 sp\u0113kus\u00a0 pie\u00a0 v\u0113rmahta\u00a0 front\u0113 ,\u00a0 c\u012b\u0146ai\u00a0 pret\u00a0 ielenktaj\u0101m\u00a0 sarkanarmie\u0161u vien\u012bb\u0101m,\u00a0 padomju\u00a0 partiz\u0101niem\u00a0 un\u00a0 diversantiem.\u00a0 \u013boti\u00a0 bie\u017ei\u00a0 policijas\u00a0 bataljoni\u00a0 tika\u00a0 izmantoti\u00a0 pla\u0161\u0101m \u00a0noziedz\u012bg\u0101m \u00a0akcij\u0101m\u00a0 pret\u00a0 mier\u012bgajiem\u00a0 civiliedz\u012bvot\u0101jiem\u00a0 t\u0101lu\u00a0 no\u00a0 frontes\u00a0 l\u012bnijas &#8211;Baltkrievij\u0101,\u00a0 Pleskavas\u00a0 apgabal\u0101, Polij\u0101\u00a0 u.c.\u00a0 Proti,\u00a0 ja\u00a0\u00a0 s\u0101d\u017e\u0101\u00a0 atrada\u00a0 k\u0101du\u00a0 partiz\u0101ni,\u00a0 tad\u00a0 s\u0101d\u017eu\u00a0 nodedzin\u0101ja ,\u00a0 bet\u00a0 daudzus\u00a0 civiliedz\u012bvot\u0101jus\u00a0 no\u0161\u0101va.\u00a0 Iesniedz\u0113jam\u00a0 ASV\u00a0 n\u0101c\u0101s\u00a0 dzird\u0113t\u00a0\u00a0 biju\u0161o\u00a0 le\u0123ion\u0101ru\u00a0 st\u0101stu,\u00a0 ka\u00a0 Voldem\u0101ru\u00a0 Veisu\u00a0 uz\u00a0 padomju\u00a0 partiz\u0101nu\u00a0 r\u0113\u0137ina\u00a0 no\u0161\u0101vu\u0161i\u00a0 pa\u0161i\u00a0 latvie\u0161u\u00a0 policijas\u00a0 bataljona\u00a0 lc\u012bn\u012bt\u0101ji &#8212;\u00a0 par\u00a0 V.Veisa\u00a0 sadistisko\u00a0 ne\u017e\u0113l\u012bbu\u00a0 pret\u00a0 civiliedz\u012bvot\u0101jiem.\u00a0 \u00a0P\u0113c Hitlera un Himlera\u00a0 pav\u0113les\u00a0 tad\u00a0 ar\u012b\u00a0 1943.gada\u00a0 s\u0101kum\u0101\u00a0 br\u012bvpr\u0101t\u012bgie\u00a0 latvie\u0161u\u00a0 policijas\u00a0 bataljoni\u00a0 tika\u00a0 apvienoti\u00a0 SS br\u012bvpr\u0101t\u012bgaj\u0101\u00a0 latvie\u0161u\u00a0 le\u0123ion\u0101 (265.-266.lpp.).<\/span><\/p>\n<p><span style=\"color: #003300;\">J\u0101,\u00a0\u00a0 SS\u00a0 br\u012bvpr\u0101t\u012bgais\u00a0\u00a0 latvie\u0161u \u00a0\u00a0le\u0123ions\u00a0 patie\u0161\u0101m\u00a0 izveidoj\u0101s\u00a0 no\u00a0 tiem,\u00a0 kuri\u00a0 br\u012bvpr\u0101t\u012bgi\u00a0 bija\u00a0 st\u0101ju\u0161ies\u00a0 nacistisko\u00a0 okupantu\u00a0 dienest\u0101\u00a0 un\u00a0 veiku\u0161i\u00a0 milz\u012bgus\u00a0 kara\u00a0 noziegumus.\u00a0 T\u0101tad\u00a0 mums\u00a0 j\u0101run\u0101\u00a0 nevis\u00a0 par\u00a0 da\u017eiem\u00a0 simtiem,\u00a0 vai\u00a0 da\u017eiem\u00a0 t\u016bksto\u0161iem \u00a0latvie\u0161u\u00a0 kara\u00a0 noziedznieku\u00a0 no Viktora\u00a0 Ar\u0101ja\u00a0 komandas,\u00a0 bet\u00a0 gan\u00a0 par\u00a0 daudziem\u00a0 t\u016bksto\u0161iem\u00a0 latvie\u0161u\u00a0 kara\u00a0 noziedznieku\u00a0 no\u00a0 pirmaj\u0101m\u00a0 4\u00a0 cilv\u0113k\u0161\u0101v\u0113ju\u00a0 grup\u0101m\u00a0 un\u00a0 to\u00a0 izveidotajiem\u00a0 br\u012bvpr\u0101t\u012bgajiem \u00a0\u00a0\u00a0policijas\u00a0 bataljoniem.\u00a0 \u00a0\u00a0Ar\u012b\u00a0 pirm\u0101s\u00a0 divas\u00a0 mobiliz\u0101cijas\u00a0 SS\u00a0 latvie\u0161u \u00a0br\u012bvpr\u0101t\u012bgaj\u0101\u00a0 le\u0123ion\u0101\u00a0 bija\u00a0 br\u012bvpr\u0101t\u012bgas.\u00a0 Tikai, kad\u00a0 tauta\u00a0 p\u0101rst\u0101ja\u00a0 uzklaus\u012bt\u00a0 kvislingu\u00a0 Dankera,\u00a0 Bangerska u.c.\u00a0 aicin\u0101jumus\u00a0 br\u012bvpr\u0101t\u012bgi\u00a0\u00a0 \u00a0\u00a0st\u0101ties\u00a0 le\u0123ion\u0101,\u00a0\u00a0 kara\u00a0 nosl\u0113guma\u00a0 f\u0101z\u0113\u00a0 notika\u00a0 piespiedu\u00a0 mobiliz\u0101cija.\u00a0 Tikai\u00a0 p\u0113d\u0113jo\u00a0 le\u0123ion\u0101ru\u00a0 grupu\u00a0 m\u0113s\u00a0 varam\u00a0 uzl\u016bkot\u00a0 k\u0101\u00a0 nacistu\u00a0 okup\u0101cijas\u00a0 re\u017e\u012bma\u00a0 upurus,\u00a0 p\u0101r\u0113jie\u00a0 bija\u00a0 kvislingi,\u00a0 bet\u00a0 liela\u00a0 to\u00a0 da\u013ca\u00a0 kara\u00a0 noziedznieki,\u00a0 daudzi\u00a0 palika\u00a0 nesod\u012bti.<\/span><\/p>\n<p><span style=\"color: #003300;\"> 1.3. Katastrof\u0101li\u00a0 k\u013c\u016bdaini\u00a0 ir\u00a0 ar\u012b\u00a0 Valsts prezidenta\u00a0 A.B\u0113rzi\u0146a\u00a0 vair\u0101kk\u0101rt\u012bgie\u00a0 izteikumi,\u00a0 kuros\u00a0 vi\u0146\u0161\u00a0 viennoz\u012bm\u012bgi\u00a0 v\u0113rt\u0113,\u00a0 k\u0101\u00a0\u00a0\u00a0 nacion\u0101lsoci\u0101listisko\u00a0 okup\u0101ciju,\u00a0 t\u0101\u00a0 padomju\u00a0 okup\u0101ciju.\u00a0 Proti,\u00a0 Hitlera\u00a0 apstiprin\u0101tais\u00a0 Austrumu\u00a0 \u0123ener\u0101lpl\u0101ns (Generalplan\u00a0 Ost) par\u00a0 okup\u0113to\u00a0 Austrumu\u00a0 apgabalu\u00a0 valsts\u00a0 iek\u0101rtu\u00a0 p\u0113c\u00a0 Tre\u0161\u0101\u00a0 reiha\u00a0 uzvaras\u00a0 kar\u0101\u00a0 paredz\u0113ja,\u00a0 ka\u00a0 Baltijas\u00a0 valstu\u00a0 teritorija\u00a0 tie\u0161i\u00a0 iek\u013caujama\u00a0 reih\u0101,\u00a0 k\u0101\u00a0 tikai \u00a0v\u0101cie\u0161u\u00a0 apdz\u012bvota\u00a0 teritorija.\u00a0 Baltijas\u00a0 valstu\u00a0 iedz\u012bvot\u0101jus\u00a0 bija\u00a0 paredz\u0113ts\u00a0 p\u0101rvietot\u00a0 uz\u00a0 Austrumiem,\u00a0 p\u0101rv\u0101cojot\u00a0 tikai\u00a0 niec\u012bgu\u00a0 da\u013cu\u00a0 pa\u0161u\u00a0 uzticam\u0101ko \u00a0kvislingu.\u00a0 Ja\u00a0 ar\u012b\u00a0 m\u0113s\u00a0 t\u012bri\u00a0 spekulat\u012bvi\u00a0 pie\u0146emtu,\u00a0 ka\u00a0 p\u0113c\u00a0 gadiem\u00a0 50\u00a0 nacistu\u00a0 totalit\u0101r\u0101\u00a0 re\u017e\u012bma\u00a0 viet\u0101\u00a0 n\u0101ktu\u00a0 k\u0101ds\u00a0 liber\u0101l\u0101ks\u00a0 re\u017e\u012bms\u00a0 &#8212;\u00a0 Baltijas\u00a0 tautas\u00a0 tad\u00a0 jau\u00a0 b\u016btu\u00a0 izn\u012bcin\u0101tas. <\/span><\/p>\n<p><span style=\"color: #003300;\">Padomju\u00a0 okup\u0101cijas\u00a0 re\u017e\u012bma\u00a0 apst\u0101k\u013cos\u00a0 Baltijas\u00a0 tautas \u00a0cieta\u00a0 smagus\u00a0 zaud\u0113jumus,\u00a0 ta\u010du\u00a0 netika\u00a0 izn\u012bcin\u0101tas.\u00a0 V\u0113l\u00a0 vair\u0101k,\u00a0 padomju\u00a0 re\u017e\u012bma\u00a0 liberaliz\u0101cijas\u00a0 rezult\u0101t\u0101\u00a0 Baltijas\u00a0 valstis\u00a0 atguva\u00a0 neatkar\u012bbu,\u00a0 kuru\u00a0 atzina\u00a0 gan\u00a0 p\u0113d\u0113jais\u00a0 PSRS\u00a0 prezidents\u00a0 M.Gorba\u010dovs, gan\u00a0 pirmais\u00a0 Krievijas\u00a0 prezidents\u00a0 B.Je\u013ccins. Tas\u00a0 notika\u00a0 \u00a0t\u0101p\u0113c,\u00a0 ka\u00a0 2. Pasaules\u00a0 kara\u00a0 gados\u00a0 PSRS\u00a0 bija\u00a0 Rietumu\u00a0 demokr\u0101tiju\u00a0 sabiedrot\u0101\u00a0 c\u012b\u0146\u0101\u00a0 pret\u00a0 tot\u0101li\u00a0 noziedz\u012bgo\u00a0 nacistu\u00a0 Tre\u0161o\u00a0 reihu\u00a0 un\u00a0 tai\u00a0 bija\u00a0 j\u0101r\u0113\u0137in\u0101s\u00a0 ar\u00a0 savu\u00a0 sabiedroto\u00a0 viedokli. \u0160o\u00a0 tendenci\u00a0 PSRS\u00a0 \u0101rpolitik\u0101\u00a0 atjaunoja\u00a0 \u0145.Hru\u0161\u010dovs\u00a0 un\u00a0 tie\u0161i\u00a0 Rietumu\u00a0 demokr\u0101tiju\u00a0 atbalsts\u00a0 nosp\u0113l\u0113ja\u00a0 iz\u0161\u0137iro\u0161o\u00a0 lomu\u00a0 Baltijas\u00a0 valstu\u00a0 neatkar\u012bbas\u00a0 atjauno\u0161an\u0101.<\/span><\/p>\n<p><span style=\"color: #003300;\">K\u013c\u016bdainie\u00a0 Valsts prezidenta\u00a0 A.B\u0113rzi\u0146a\u00a0 izteikumi\u00a0 k\u013cuva\u00a0 iesp\u0113jami\u00a0 tikai\u00a0 t\u0101p\u0113c,\u00a0 ka\u00a0 LR\u00a0 apm\u0113ram\u00a0 ar\u00a0 jaun\u0101\u00a0 gadu\u00a0 t\u016bksto\u0161a\u00a0 s\u0101kumu\u00a0 aizmuguriski\u00a0 un\u00a0 antikonstitucion\u0101li\u00a0 ir\u00a0 likvid\u0113ta\u00a0 v\u0101rda\u00a0 un\u00a0 sirdsapzi\u0146as\u00a0 br\u012bv\u012bba,\u00a0 \u012bpa\u0161i\u00a0 LR\u00a0 akad\u0113miskaj\u0101\u00a0 vid\u0113. K\u0101\u00a0 m\u0113s\u00a0 to\u00a0 redz\u0113sim\u00a0 t\u0101l\u0101k,\u00a0 tas\u00a0 ir\u00a0 paveikts\u00a0 apzin\u0101tas\u00a0 Saeimas\u00a0 un\u00a0 Ministru\u00a0 kabineta\u00a0 politikas\u00a0 rezult\u0101ts,\u00a0 jo \u00a0\u00a0ministri\u00a0 un\u00a0 ministru\u00a0 prezidenti\u00a0 ir\u00a0 tikai\u00a0 statisti\u00a0 visvaren\u0101s\u00a0\u00a0\u00a0 birokr\u0101tijas\u00a0 rok\u0101s. \u00a0Ar\u012b\u00a0 min\u0113tie\u00a0 Valsts\u00a0 prezidenta \u00a0dzi\u013ci\u00a0 k\u013c\u016bdainie \u00a0\u00a0izteikumi\u00a0 balst\u012bti\u00a0 Latvijas\u00a0 V\u0113sturnieku\u00a0 komisijas\u00a0\u00a0 apzin\u0101ti\u00a0 \u013caunpr\u0101t\u012bgi\u00a0 falsific\u0113taj\u0101s\u00a0 publik\u0101cij\u0101s, sl\u0113pjot\u00a0 liel\u0101ko\u00a0 da\u013cu\u00a0 no\u00a0 nacistu\u00a0 veiktajiem\u00a0 kara\u00a0 noziegumiem\u00a0 Latvijas\u00a0 teritorij\u0101 ,\u00a0 bet\u00a0 \u012bpa\u0161i\u00a0 sl\u0113pjot\u00a0 patiesos\u00a0 nacistu\u00a0 kara\u00a0 noziedzniekus,\u00a0 jo\u00a0 vair\u0101kas\u00a0 vi\u0146u\u00a0 meitas\u00a0 un\u00a0 d\u0113li\u00a0 ie\u0146em\u00a0 \u012bsti\u00a0 redzamu\u00a0 vietu\u00a0 LR akad\u0113miskaj\u0101\u00a0 (\u0161obr\u012bd\u00a0 ar\u012b\u00a0 paral\u0113li\u00a0 politiskaj\u0101) \u00a0elit\u0113\u00a0 un\u00a0 latvie\u0161u\u00a0\u00a0 politisko\u00a0 emigrantu\u00a0 organiz\u0101cij\u0101s , \u012bpa\u0161i\u00a0 V\u0101cijas FR\u00a0 un\u00a0 ASV.\u00a0 J\u0101uzsver,\u00a0 ka\u00a0 neonacistisk\u0101s\u00a0 ievirzes\u00a0 daudzs\u0113jumu\u00a0 \u201eLatvijas V\u0113sturnieku\u00a0 Komisijas\u00a0 Raksti\u201d\u00a0 \u00a0sagatavo\u0161anai\u00a0 nelietder\u012bgi\u00a0 ir\u00a0 izmantotas\u00a0 milz\u012bgas\u00a0\u00a0 summas\u00a0 no\u00a0 nodok\u013cu\u00a0 maks\u0101t\u0101ju\u00a0 naudas.\u00a0 Lab\u0101kaj\u0101\u00a0 gad\u012bjum\u0101\u00a0 \u0161ie\u00a0 raksti\u00a0 ir\u00a0 makulat\u016bra,\u00a0 ta\u010du\u00a0\u00a0 vair\u0101kos\u00a0 gad\u012bjumos \u00a0tajos\u00a0 ir\u00a0 veikta \u00a0apzin\u0101ti\u00a0 \u013caunpr\u0101t\u012bga\u00a0 dokumentu\u00a0 falsifik\u0101cija\u00a0 ar\u00a0\u00a0 <span style=\"text-decoration: underline;\"><span style=\"color: #ff0000;\">m\u0113r\u0137i\u00a0 sl\u0113pt\u00a0 nacistu\u00a0 un\u00a0 padomju\u00a0 kara\u00a0 noziedzniekus<\/span><\/span> un\u00a0 vi\u0146u\u00a0\u00a0 izdar\u012btos\u00a0 kara\u00a0 noziegumus,\u00a0 kas\u00a0 ir\u00a0 smags\u00a0 krimin\u0101lnodar\u012bjums.<\/span><\/p>\n<p><span style=\"color: #003300;\"> 2.1. Pieteic\u0113ja \u00a0\u00a0prettiesisk\u0101\u00a0 atbr\u012bvo\u0161ana\u00a0 no\u00a0 LU Latvijas v\u0113stures\u00a0 instit\u016bta\u00a0 direktora\u00a0 amata\u00a0 un\u00a0\u00a0 vi\u0146am\u00a0 uzliktais\u00a0 aizmuguriskais\u00a0 profesijas\u00a0 aizliegums (vi\u0146am\u00a0 neizsakot nek\u0101das\u00a0 re\u0101las\u00a0 pretenzijas) &#8212;\u00a0 ir\u00a0 nodar\u012bjusi\u00a0 lielu\u00a0 kait\u0113jumu\u00a0 ne\u00a0 tikai\u00a0 iesniedz\u0113jam,\u00a0 bet\u00a0 ar\u012b\u00a0 LR\u00a0 starptautiskajam\u00a0 prest\u012b\u017eam\u00a0 un\u00a0 iek\u0161politiskam\u00a0 mieram\u00a0 un\u00a0 saska\u0146ai\u00a0 LR\u00a0 sabiedr\u012bb\u0101. <\/span><\/p>\n<p><span style=\"color: #003300;\">.Pieteic\u0113ja \u00a0\u00a0prettiesisko\u00a0 atbr\u012bvo\u0161anu\u00a0 no\u00a0 LU Latvijas\u00a0 v\u0113stures\u00a0 instit\u016bta\u00a0 direktora\u00a0 amata\u00a0 pavad\u012bja\u00a0 milz\u012bga\u00a0 nacion\u0101lo\u00a0 v\u0113rt\u012bbu\u00a0 izlaup\u012b\u0161ana,\u00a0 ar\u00a0 tirgus\u00a0 v\u0113rt\u012bbu\u00a0 vair\u0101kos\u00a0 miljonos\u00a0 latu,\u00a0 ko\u00a0 pier\u0101da \u00a0\u0161.g.\u00a0 \u00a07.maija\u00a0\u00a0 l\u016bguma\u00a0 punktos 3.2.,\u00a0 3.3.,\u00a0 4.1\u00a0 min\u0113tie\u00a0 fakti.\u00a0 T\u0101pat\u00a0 prettiesiski\u00a0 tika\u00a0 p\u0101rk\u0101ptas\u00a0 pieteic\u0113ja \u00a0\u00a0autorties\u012bbas,\u00a0 ko\u00a0 pier\u0101da \u00a07.maija l\u016bguma \u00a0punkt\u0101\u00a0 4.3.\u00a0 min\u0113tie\u00a0 fakti. Runa\u00a0 iet\u00a0 par\u00a0 pieteic\u0113ja \u00a0\u00a0granta \u201ePolitiskie\u00a0 tiesas procesi Latvij\u0101. 1940.-1990.\u201d atsavin\u0101\u0161anu\u00a0 klaji\u00a0 pir\u0101tisk\u0101m\u00a0 metod\u0113m.\u00a0 Min\u0113t\u0101\u00a0 granta\u00a0 ietvaros\u00a0 pieteic\u0113js\u00a0 s\u0101ka\u00a0 sast\u0101d\u012bt\u00a0 pilnu\u00a0 to\u00a0 LPSR VDK\u00a0 darbinieku,\u00a0 prokuroru,\u00a0 tiesne\u0161u,\u00a0 VDK a\u0123entu\u00a0 (praktiski\u00a0 visas\u00a0 \u201epieaicin\u0101t\u0101s\u00a0 personas\u201d krat\u012b\u0161anu\u00a0 laik\u0101,\u00a0 daudzi\u00a0 biju\u0161ie\u00a0 policijas\u00a0 bataljonu\u00a0 v\u012bri \u00a0\u00a0un\u00a0 le\u0123ion\u0101ri,\u00a0 kuri\u00a0 sniedza\u00a0\u00a0 nepatiesas\u00a0 liec\u012bbas-\u00a0 <span style=\"text-decoration: underline;\"><span style=\"color: #ff0000;\">atbilsto\u0161as\u00a0 VDK\u00a0 izmekl\u0113t\u0101ju\u00a0 safantaz\u0113taj\u0101m\u00a0 aps\u016bdz\u012bb\u0101m<\/span><\/span>). P\u0113c\u00a0 LPSR krimin\u0101lkodeksa \u00a0un\u00a0 KL tie\u00a0 ir joproj\u0101m\u00a0\u00a0 smagi\u00a0 sod\u0101mi krimin\u0101lnoziegumi,\u00a0 jo\u00a0 runa\u00a0 iet\u00a0 par\u00a0 kara\u00a0 noziegumu\u00a0 lietu\u00a0 apzin\u0101tu\u00a0 falsifik\u0101ciju,\u00a0 dom\u0101jams\u00a0 operat\u012bvos\u00a0 nol\u016bkos.<\/span><\/p>\n<p><span style=\"color: #003300;\">Pa\u0161reiz\u0113jais\u00a0 pretendendents\u00a0 uz\u00a0 LZA prezidenta\u00a0 amatu,\u00a0 Ministru\u00a0 prezidenta\u00a0 V.Dombrovska\u00a0 padomnieks\u00a0 zin\u0101tnes\u00a0 jaut\u0101jumos,\u00a0 profesors\u00a0 un\u00a0 akad\u0113mi\u0137is\u00a0 Ivars\u00a0 L\u0101cis,\u00a0 laik\u0101\u00a0 kad\u00a0 vi\u0146\u0161\u00a0 bija\u00a0 LU\u00a0 rektors,\u00a0 nosauca\u00a0 \u0161o\u00a0 sarakstu\u00a0 par\u00a0 \u201e\u010dekistu\u00a0 failu\u201d un\u00a0 teica,\u00a0 ka\u00a0 tagad\u00a0 saprotot,\u00a0 k\u0101p\u0113c\u00a0 par\u00a0 pieteic\u0113ju\u00a0 aizmuguriski\u00a0 izplatot\u00a0 tik\u00a0 fantastiskus\u00a0 apmelojumus.\u00a0 Vi\u0146\u0161\u00a0 \u00a0ieteica\u00a0 pabeigt\u00a0 gr\u0101matu\u00a0 par\u00a0 mistiskajiem\u00a0 J\u0101\u0146a Rai\u0146a\u00a0 n\u0101ves\u00a0 apst\u0101k\u013ciem, apsolot\u00a0 nosl\u0113gt\u00a0 ar\u00a0 pieteic\u0113ju \u00a0\u00a0darba\u00a0 l\u012bgumu.\u00a0 <span style=\"text-decoration: underline;\"><span style=\"color: #ff0000;\">P\u0113c tam\u00a0 vi\u0146\u0161\u00a0 apsol\u012bja\u00a0 \u00a0\u00a0izdot\u00a0 ar\u012b\u00a0 praktiski\u00a0 gatavo\u00a0 gr\u0101matu\u00a0 par\u00a0 V.Munteru\u00a0 ar\u00a0 unik\u0101laj\u0101m\u00a0 V.Muntera\u00a0 liec\u012bb\u0101m\u00a0 PSRS \u00a0KGB\u00a0 no\u00a0 biju\u0161\u0101\u00a0 KGB\u00a0 Centr\u0101l\u0101\u00a0 arh\u012bva\u00a0 Maskav\u0101.<\/span><\/span> Ta\u010du\u00a0 I.L\u0101cis\u00a0 lauza\u00a0 savu\u00a0 sol\u012bjumu\u00a0 un\u00a0 p\u0101rdeva\u00a0 savu\u00a0 godu\u00a0 un akad\u0113misko\u00a0 pasauli\u00a0 ar\u00a0 t\u0101s\u00a0 rakst\u012btajiem\u00a0 un\u00a0 nerakst\u012btajiem\u00a0 likumiem\u00a0 par\u00a0 labu\u00a0 sabiedriski\u00a0\u00a0 politiskai\u00a0 karjerai\u00a0 \u00a0\u00a0un \u00a0nosl\u0113pumainas\u00a0 naudas\u00a0 ieg\u016b\u0161anai.<\/span><\/p>\n<p><span style=\"color: #003300;\"> 2.2. \u0160.g.\u00a0 \u00a07. maija\u00a0 l\u016bguma\u00a0 6.punkt\u0101\u00a0 min\u0113tie\u00a0 fakti\u00a0 liecina,\u00a0 ka\u00a0 \u0122ener\u0101lprokurat\u016bras\u00a0 prokurore\u00a0 L.Dadz\u012bte\u00a0 un\u00a0 \u0123ener\u0101lprokurori\u00a0 J\u0101nis\u00a0 Maiz\u012btis\u00a0 un\u00a0 \u0112riks\u00a0 Kalnmeiers, \u00a0apzin\u0101ti\u00a0 \u013caunpr\u0101t\u012bgi \u00a0izmantojot\u00a0 savu\u00a0 dienesta\u00a0 st\u0101vokli, \u00a0sl\u0113pj\u00a0 nacistu\u00a0 biolo\u0123isko\u00a0 iero\u010du\u00a0 izstr\u0101des\u00a0 centru\u00a0 \u201eMedic\u012bnisk\u0101s\u00a0 zoolo\u0123ijas\u00a0 instit\u016btu\u201d ,\u00a0 kam\u00a0 par\u00a0 upuri\u00a0 krita\u00a0 simtiem t\u016bksto\u0161i\u00a0 (!) padomju\u00a0 karag\u016bstek\u0146i\u00a0 vis\u0101\u00a0 okup\u0113to\u00a0 austrumu\u00a0 apgabalu\u00a0 (Ostlandes)\u00a0 teritorij\u0101,\u00a0 t\u0101\u00a0 veicot KL\u00a0 319.pant\u0101 \u00a0u.c. \u00a0kvalific\u0113tas\u00a0 darb\u012bbas. <\/span><\/p>\n<p><span style=\"color: #003300;\"> 2.3. \u0160.g.\u00a0 7.maija\u00a0 l\u016bguma\u00a0 \u00a0punkt\u0101\u00a0 7.1. pieteic\u0113js \u00a0\u00a0min\u00a0 \u00a0\u00a0savu\u00a0 2011.gada 8.j\u016blija\u00a0 iesniegumu\u00a0 Valsts prezidentam \u00a0A.B\u0113rzi\u0146am,\u00a0 kur\u0101\u00a0\u00a0 \u00a0\u00a0bija\u00a0 ar\u012b\u00a0 izteikts \u00a0br\u012bdin\u0101jums \u00a0par\u00a0 Valsts\u00a0 prezidenta\u00a0 padomnieku\u00a0 v\u0113stures\u00a0 jaut\u0101jumos\u00a0 A..Zundu,\u00a0\u00a0 k\u0101\u00a0 neonacistu.\u00a0\u00a0\u00a0 Ta\u010du\u00a0 iesniedz\u0113js\u00a0 nesa\u0146\u0113ma\u00a0 nek\u0101du\u00a0 atbildi.\u00a0\u00a0 Iesniedz\u0113js\u00a0 nesa\u0146\u0113ma\u00a0 nek\u0101du\u00a0 atbildi\u00a0 ar\u012b\u00a0 uz\u00a0 vair\u0101kiem\u00a0 atk\u0101rtotiem\u00a0 iesniegumiem\u00a0 Valsts\u00a0 prezidentam\u00a0 A.B\u0113rzi\u0146am, tan\u012b\u00a0 skait\u0101\u00a0\u00a0 ar\u012b\u00a0 caur\u00a0 kancelejas\u00a0 vad\u012bt\u0101ju\u00a0 G.Daudzi, prezidenta\u00a0 padomnieku,\u00a0 biju\u0161o\u00a0 \u0123ener\u0101lprokuroru J.Maiz\u012bti\u00a0\u00a0 u.c. <\/span><\/p>\n<p><span style=\"color: #003300;\">\u0160obr\u012bd\u00a0 pieteic\u0113jam \u00a0\u00a0\u00a0ir\u00a0 radu\u0161\u0101s\u00a0 nopietnas\u00a0 aizdomas,\u00a0 ka\u00a0 vi\u0146a\u00a0 iesniegumi\u00a0 no\u00a0 Valsts\u00a0 prezidenta\u00a0 A.B\u0113rzi\u0146a \u00a0\u00a0ir\u00a0 nosl\u0113pti\u00a0 ar\u00a0 m\u0113r\u0137i\u00a0 kompromit\u0113t\u00a0 Valsts\u00a0 prezidentu\u00a0 A.B\u0113rzi\u0146a\u00a0 ,\u00a0 sniedzot\u00a0 vi\u0146am\u00a0 sagroz\u012btu\u00a0 inform\u0101ciju\u00a0 v\u0113stures\u00a0 jaut\u0101jumos\u00a0 &#8212;\u00a0 t\u0101\u00a0 \u00a0\u00a0\u00a0iedrag\u0101jot \u00a0LR\u00a0 starptautisko\u00a0 presti\u017eu,\u00a0 \u00a0radot\u00a0 apdraud\u0113jumu\u00a0 LR\u00a0 suverenit\u0101tei. \u00a0\u00a0\u0160\u0101d\u0101\u00a0 gad\u012bjum\u0101\u00a0 vain\u012bg\u0101s\u00a0 amatpersonas\u00a0 ir\u00a0 apzin\u0101ti\u00a0 \u013caunpr\u0101t\u012bgi\u00a0 izmantoju\u0161as\u00a0 savu\u00a0 dienesta\u00a0\u00a0 st\u0101vokli,\u00a0 kas\u00a0 ir\u00a0 KL 319. pant\u0101\u00a0 kvalific\u0113ts\u00a0 krimin\u0101lnodar\u012bjums.<\/span><\/p>\n<p><span style=\"color: #003300;\"> 2.4. \u00a0\u0160.g. 7.maija\u00a0 l\u016bguma \u00a0punkt\u0101\u00a0 7.3.\u00a0 min\u0113tie\u00a0 fakti\u00a0 pier\u0101da,\u00a0 ka\u00a0 apzin\u0101ti\u00a0 neonacistiska\u00a0 rakstura\u00a0 darb\u012bbas\u00a0 veic\u00a0 \u00a0\u00a0ar\u012b\u00a0\u00a0 pa\u0161reiz\u0113jais\u00a0 izgl\u012bt\u012bbas\u00a0 un\u00a0 zin\u0101tnes\u00a0 ministrs\u00a0 R.\u0136\u012blis,\u00a0 kur\u0161\u00a0 apzin\u0101ti\u00a0 veicina\u00a0 neonacistisku\u00a0 uzskatu\u00a0 propagandu\u00a0 skolu\u00a0 un\u00a0 augstskolu \u00a0programm\u0101s\u00a0 un \u00a0m\u0101c\u012bbu\u00a0 gr\u0101mat\u0101s. Kad\u00a0 pieteic\u0113js \u00a0sniedza\u00a0 ministrijai\u00a0 pla\u0161u\u00a0 inform\u0101ciju\u00a0 par\u00a0 notieko\u0161o\u00a0 Latvijas\u00a0 v\u0113stures\u00a0 neonaciz\u0101ciju,\u00a0 vi\u0146am \u00a0ministra\u00a0 R.\u0136\u012b\u013ca\u00a0 uzdevum\u0101\u00a0 \u00a0\u00a0tika\u00a0 ieteikts\u00a0 v\u0113rsties\u00a0 Latvijas\u00a0 V\u0113sturnieku\u00a0 komisij\u0101 \u00a0(pielikuma \u00a02.dokuments) . To\u00a0 ar\u012b\u00a0 pieteic\u0113js\u00a0 izdar\u012bja ,\u00a0 v\u0113r\u0161oties\u00a0 pie\u00a0 Latvijas\u00a0 V\u0113sturnieku\u00a0 komisijas\u00a0 koordinatora , Valsts prezidenta\u00a0 padomnieka\u00a0 v\u0113stures\u00a0 jaut\u0101jumos\u00a0 A.Zundas,\u00a0 ta\u010du\u00a0 nesa\u0146\u0113mu\u00a0 nek\u0101du\u00a0 atbildi. <\/span><\/p>\n<p><span style=\"color: #003300;\"> 2.5. \u0160.g. 7.maija\u00a0 l\u016bguma punktos\u00a0\u00a0\u00a0 3.7.\u00a0 un 7.2. min\u0113tie\u00a0\u00a0 fakti\u00a0 pier\u0101da,\u00a0 ka\u00a0 pieteic\u0113js\u00a0 ir\u00a0 ticis\u00a0 apmelots\u00a0 par\u00a0 psihiski\u00a0 slimu\u00a0 un\u00a0 pret\u00a0 vi\u0146u\u00a0 \u0161obr\u012bd\u00a0 tiek\u00a0 pielietota\u00a0 aizmuguriska\u00a0 soda\u00a0 psihiatrija. <\/span><\/p>\n<p><span style=\"color: #003300;\"> 2.6. \u0160.g. 7.maija l\u016bguma\u00a0 punkt\u0101\u00a0 3.4.\u00a0 min\u0113tie\u00a0 \u00a0\u00a0fakti\u00a0 par\u00a0\u00a0\u00a0 LR\u00a0 \u0122ener\u0101lprokurat\u016bras\u00a0 arh\u012bva\u00a0 darbinieka\u00a0 G.V\u0101cie\u0161a\u00a0 iesp\u0113jamu\u00a0\u00a0 slepkav\u012bbu\u00a0 ar\u00a0 psihotrono\u00a0 iero\u010du\u00a0 pal\u012bdz\u012bbu\u00a0 par\u00a0 b\u016btisku\u00a0 pal\u012bdz\u012bbu\u00a0 pieteic\u0113jam \u00a0,\u00a0 vi\u0146am \u00a0p\u0113tot\u00a0 nacistu\u00a0 biolo\u0123isko\u00a0 iero\u010du\u00a0 izstr\u0101des\u00a0 centra\u00a0 \u201eMedic\u012bnisk\u0101s\u00a0 zoolo\u0123ijas\u00a0 instit\u016bta\u201d \u00a0darb\u012bbu,\u00a0 pier\u0101da,\u00a0 ka\u00a0 neonacistiskie\u00a0 sp\u0113ki\u00a0 nevair\u0101s\u00a0 no\u00a0 nek\u0101diem \u00a0noziegumiem. <\/span><\/p>\n<p><span style=\"color: #003300;\"><span style=\"text-decoration: underline;\"><span style=\"color: #ff0000;\">Pieteic\u0113ja \u00a0\u00a0c\u012b\u0146u\u00a0 biedra\u00a0 I.Daudi\u0161a , kur\u0161\u00a0 atbalst\u012bja\u00a0 pieteic\u0113ja \u00a0\u00a0p\u0113tniec\u012bbu\u00a0 KGB\u00a0 arh\u012bvos, d\u0113ls\u00a0\u00a0 it\u00a0 k\u0101\u00a0 no\u0161\u0101v\u0101s\u00a0 rota\u013c\u0101joties\u00a0 ar\u00a0 t\u0113va\u00a0 pistoli \u00a05.Saeimas\u00a0 priek\u0161v\u0113l\u0113\u0161anu\u00a0 kampa\u0146as\u00a0 laik\u0101.\u00a0 2002.\u00a0 gad\u0101\u00a0 b\u016bdams\u00a0 vesels, I.Daudi\u0161s\u00a0 nomira\u00a0 it\u00a0 k\u0101\u00a0 ar\u00a0 infarktu,\u00a0 bet\u00a0 v\u0113l\u0101k mistiski\u00a0 g\u0101ja\u00a0 boj\u0101\u00a0 vi\u0146a\u00a0 meita,\u00a0 it\u00a0 k\u0101\u00a0 nokr\u012btot\u00a0 no\u00a0 trep\u0113m.<\/span><\/span> <\/span><\/p>\n<p><span style=\"color: #003300;\">Teiktais\u00a0 liecina,\u00a0 ka\u00a0 visus\u00a0 \u0161os\u00a0 bezties\u012bbas\u00a0 pilnos\u00a0 gadus\u00a0 iesniedz\u0113ja \u00a0\u00a0\u0123imenei\u00a0 un\u00a0 iesniedz\u0113jam \u00a0\u00a0bija\u00a0 j\u0101dz\u012bvo\u00a0 nemit\u012bga apdraud\u0113juma\u00a0 apst\u0101k\u013cos. <\/span><\/p>\n<p><span style=\"color: #003300;\"> 2.7. \u0160.g. \u00a07.maija\u00a0\u00a0 l\u016bguma\u00a0 punktos 4.2, 4.3 un 5.1.-6.3.\u00a0 min\u0113tie\u00a0 fakti\u00a0 pier\u0101da,\u00a0 ka\u00a0 LR ties\u012bbsarg\u0101\u0161anas\u00a0 instit\u016bcijas\u00a0 un\u00a0 tiesa\u00a0 ne\u00a0 tikai\u00a0 neaizst\u0101v\u0113ja\u00a0 pieteic\u0113ja\u00a0 \u00a0likumisk\u0101s\u00a0 ties\u012bbas,\u00a0 bet\u00a0 vair\u0101ki\u00a0 tiesne\u0161i\u00a0 pat\u00a0 veica\u00a0 KL\u00a0 kvalific\u0113tas\u00a0 darb\u012bbas\u00a0 pret\u00a0 pieteic\u0113ja \u00a0\u00a0un\u00a0 valsts\u00a0 interes\u0113m,\u00a0 radot\u00a0 ab\u0101m\u00a0 min\u0113taj\u0101m\u00a0 pus\u0113m\u00a0 lielu\u00a0\u00a0 mor\u0101lo\u00a0 un \u00a0materi\u0101lo\u00a0 kait\u0113jumu\u00a0 un\u00a0 pastiprinot\u00a0 \u00a0\u00a0apdraud\u0113jumu\u00a0 iesniedz\u0113jam\u00a0 un\u00a0 vi\u0146a\u00a0 \u0123imenes\u00a0 locek\u013ciem. <\/span><\/p>\n<p><span style=\"color: #003300;\">3. 1. 7.maija\u00a0 iesnieguma\u00a0 l\u016bgumu\u00a0 da\u013c\u0101 \u00a0iesniedz\u0113js\u00a0 \u00a0\u00a0l\u016bdza\u00a0 Ministru\u00a0 prezidentu\u00a0 V.Dombrovski \u00a0\u00a0nov\u0113rst\u00a0 milzu\u00a0 kait\u0113jumu\u00a0 valsts\u00a0 un\u00a0 sabiedr\u012bbas\u00a0 interes\u0113m &#8212;\u00a0\u00a0 kas\u00a0 rad\u0101s\u00a0 biju\u0161\u0101\u00a0 izgl\u012bt\u012bbas\u00a0 un\u00a0 zin\u0101tnes\u00a0 ministra\u00a0\u00a0 M.Gr\u012bnblata\u00a0 darb\u012bbas\u00a0 rezult\u0101t\u0101,\u00a0 ministram M.Gr\u012bnblatam \u00a0\u00a0piesedzot (bet\u00a0 iesp\u0113jams\u00a0 l\u012bdzdarbojoties)\u00a0 lielu\u00a0 nacion\u0101lo\u00a0 v\u0113rt\u012bbu\u00a0 izlaup\u012b\u0161anu\u00a0 Latvijas Universit\u0101tes\u00a0 Latvijas\u00a0 v\u0113stures\u00a0 instit\u016bt\u0101.\u00a0 Tas\u00a0 k\u013cuva\u00a0 iesp\u0113jams \u00a0\u00a0t\u0101p\u0113c,\u00a0 ka\u00a0 min\u0113tais\u00a0 instit\u016bts\u00a0 netika\u00a0 p\u0101r\u0146emts\u00a0 no\u00a0 iesniedz\u0113ja tiesisk\u0101\u00a0 ce\u013c\u0101\u00a0 &#8212; \u00a0\u00a0sagatavojot\u00a0 oblig\u0101to instit\u016bta \u00a0nodo\u0161anas-pie\u0146em\u0161anas\u00a0 aktu,\u00a0 k\u0101\u00a0 ar\u012b\u00a0 Humanit\u0101ro\u00a0 un\u00a0 soci\u0101lo\u00a0 instit\u016btu\u00a0 apvienot\u0101s\u00a0 bibliot\u0113kas\u00a0 nodo\u0161anas- pie\u0146em\u0161anas\u00a0 aktu,\u00a0 jo\u00a0 par\u00a0 \u0161o\u00a0 bibliot\u0113ku\u00a0 iesniedz\u0113js\u00a0 bija\u00a0 vien\u012bg\u0101\u00a0 materi\u0101li\u00a0 atbild\u012bg\u0101\u00a0 persona. T\u0101pat \u00a0iesniedz\u0113js\u00a0\u00a0 l\u016bdza \u00a0\u00a0nov\u0113rst\u00a0 Latvijas\u00a0 v\u0113stures\u00a0 naciz\u0101ciju\u00a0 skolu\u00a0 m\u0101c\u012bbu\u00a0 programm\u0101s\u00a0 un\u00a0\u00a0 m\u0101c\u012bbu\u00a0 gr\u0101mat\u0101s\u00a0 u.c.,\u00a0 k\u0101\u00a0 ar\u012b\u00a0 nodro\u0161in\u0101t\u00a0 likum\u0101\u00a0 noteikt\u0101s\u00a0 \u0161\u0137\u012br\u0113jtiesas\u00a0 sasauk\u0161anu\u00a0 iesniedz\u0113ja\u00a0 autorties\u012bbu\u00a0 jaut\u0101jum\u0101. <\/span><\/p>\n<p><span style=\"color: #003300;\"> 3.2. Augst\u0101k\u0101s tiesas Tiesne\u0161u\u00a0 disciplin\u0101rkomisijas\u00a0 priek\u0161s\u0113d\u0113t\u0101ju\u00a0 P.Dzalbi\u00a0 iesniedz\u0113js\u00a0 l\u016bdza\u00a0 \u201eizmekl\u0113t\u00a0 Latvijas\u00a0 Republikas\u00a0 Augst\u0101k\u0101s\u00a0 tiesas\u00a0\u00a0 priek\u0161s\u0113d\u0113t\u0101ja\u00a0 I.Bi\u010dkovi\u010da\u00a0 2011.gada\u00a0 22.febru\u0101ra\u00a0 l\u0113muma\u00a0\u00a0 tiesiskumu,\u00a0 atst\u0101t\u00a0 bez\u00a0 izskat\u012b\u0161anas\u00a0 l\u016bdz\u0113ja\u00a0 2011.gada\u00a0 10. febru\u0101ra\u00a0 iesniegumu.\u201d Proti,\u00a0 2011.gada\u00a0 10.febru\u0101ra\u00a0 iesniegum\u0101,\u00a0 atsaucoties\u00a0 ar\u012b\u00a0 uz\u00a0 citiem\u00a0 Augst\u0101kaj\u0101\u00a0 ties\u0101\u00a0\u00a0 neizskat\u012btiem\u00a0 iesniegumiem , \u00a0ir\u00a0 nosauktas\u00a0 vair\u0101kas\u00a0 konkr\u0113tas\u00a0 personas,\u00a0 to\u00a0 skait\u0101\u00a0 vair\u0101ki\u00a0 Augst\u0101k\u0101s\u00a0 tiesas\u00a0 locek\u013ci, kuri \u00a0nep\u0101rprotami \u00a0ir\u00a0 pielietoju\u0161i\u00a0 pret\u00a0 iesniedz\u0113ju\u00a0 aizmugurisku \u00a0soda\u00a0 psihiatriju \u2013 ar\u012b \u00a0\u00a0mantk\u0101r\u012bgos \u00a0\u00a0nol\u016bkos.\u00a0 Proti, \u00a0viens\u00a0 vai\u00a0 vair\u0101ki vair\u0101ki\u00a0 Augst\u0101k\u0101s\u00a0 tiesas\u00a0 locek\u013ci \u00a0\u00a0\u00a0ir\u00a0 l\u012bdzdarboju\u0161ies\u00a0 \u00a0iesniedz\u0113jam\u00a0 \u00a0testament\u0101\u00a0 nov\u0113l\u0113tas\u00a0 mantojuma\u00a0 da\u013cas\u00a0 nozag\u0161an\u0101\u00a0 \u00a0\u00a0uz\u00a0 viltotu\u00a0 dokumentu\u00a0 pamata.\u00a0 Proti ,\u00a0\u00a0 mantojums\u00a0 netika\u00a0 nododots\u00a0 \u00a0\u00a0\u00a0\u00a0\u00a0iesniedz\u0113jam ,\u00a0 bet\u00a0 gan\u00a0 vi\u0146a\u00a0 1995.gada\u00a0 decembr\u012b\u00a0\u00a0 \u0161\u0137irtajai\u00a0 sievai\u00a0\u00a0 Rud\u012btei\u00a0 V\u012bksnei\u00a0 uz\u00a0 viltotu\u00a0 dokumentu\u00a0 pamata\u00a0 &#8212; it\u00a0 k\u0101\u00a0 vi\u0146a\u00a0 v\u0113l\u00a0 mantojuma\u00a0 sa\u0146em\u0161anas\u00a0 laik\u0101\u00a0\u00a0 (kad\u00a0\u00a0 iesniedz\u0113js \u00a0\u00a0jau\u00a0 bija prec\u0113jies\u00a0 ar\u00a0 Baibu\u00a0 Roni)\u00a0 b\u016btu\u00a0 bijusi\u00a0 iesniedz\u0113ja\u00a0\u00a0 sieva\u00a0 un\u00a0 aizbildne,\u00a0\u00a0\u00a0 bet\u00a0 iesniedz\u0113js\u00a0 b\u016btu\u00a0 bijis\u00a0 nepieskait\u0101ms. Ta\u010du\u00a0 Latvijas\u00a0 Republikas\u00a0 Augst\u0101k\u0101s\u00a0 tiesas\u00a0 priek\u0161s\u0113d\u0113t\u0101js I.Bi\u010dkovi\u010ds,\u00a0 atst\u0101ja \u00a0\u00a0bez\u00a0 piekrit\u012bgas\u00a0 virz\u012bbas\u00a0 iesniegumu\u00a0 par\u00a0 smagiem\u00a0 krimin\u0101lnodar\u012bjumiem. <\/span><\/p>\n<p><span style=\"color: #003300;\"> 3.3. Pieteic\u0113ja\u00a0 2011.gada\u00a0 10.febru\u0101ra\u00a0 iesniegum\u0101\u00a0 Augst\u0101k\u0101s\u00a0 tiesas\u00a0 priek\u0161s\u0113d\u0113t\u0101jam\u00a0 ir\u00a0 pied\u0101v\u0101ts\u00a0 miera\u00a0 izl\u012bgums\u00a0 Latvijas\u00a0 Republikai &#8212;\u00a0 nekav\u0113joties\u00a0 samaks\u0101t\u00a0 kompens\u0101ciju\u00a0 pieteic\u0113jam\u00a0 Ls. 2,5 miljoni\u00a0 apm\u0113r\u0101 (kuri\u00a0 p\u0101rskait\u0101mi\u00a0 uz\u00a0 AS \u201e SEB banka\u201d Kuld\u012bgas\u00a0 fili\u0101li,\u00a0 kur\u00a0 pieteic\u0113jam\u00a0 ir\u00a0 atv\u0113rts\u00a0 konts)\u00a0 un\u00a0 p\u0101r\u0146emt\u00a0 pieteic\u0113ja\u00a0 lietas\u00a0 tiesisku\u00a0 izv\u0113rt\u0113\u0161anu\u00a0 LR\u00a0 jurisdikcij\u0101,\u00a0 vai\u00a0 p\u0101rs\u016bt\u012bt\u00a0 to\u00a0 izties\u0101\u0161anai\u00a0 uz\u00a0 Starptautisko\u00a0 Krimin\u0101ltiesu\u00a0 H\u0101g\u0101.\u00a0 \u0160o\u00a0 pras\u012bjumu\u00a0 pieteic\u0113js\u00a0 uztur\u00a0 sp\u0113k\u0101. <\/span><\/p>\n<p><span style=\"color: #003300;\">. Neraugoties\u00a0 uz\u00a0 pieteic\u0113ja \u00a0\u00a0\u0161.g. 7.maija l\u016bguma\u00a0 \u0101rk\u0101rt\u012bgi\u00a0 lielo\u00a0 sabiedrisko\u00a0 un\u00a0 valstisko\u00a0 noz\u012bm\u012bgumu &#8212;\u00a0 tas\u00a0 tika\u00a0 atst\u0101ts\u00a0 bez\u00a0 izskat\u012b\u0161anas. \u00a0\u00a0Augst\u0101k\u0101s\u00a0 tiesas\u00a0 Tiesne\u0161u\u00a0 disciplin\u0101rkol\u0113\u0123ijas\u00a0 priek\u0161s\u0113d\u0113t\u0101js\u00a0 P.Dzalbe\u00a0 iesniedz\u0113ja\u00a0 7.maija\u00a0 l\u016bgumu\u00a0\u00a0 visp\u0101r\u00a0 ignor\u0113ja,\u00a0 nesniedzot\u00a0 nek\u0101du\u00a0 atbildi\u00a0 \u00a0Atbilsto\u0161i\u00a0 LR likumdo\u0161anai\u00a0 vi\u0146am\u00a0 bija\u00a0 j\u0101iepaz\u012bstas\u00a0 ar\u00a0 Augst\u0101k\u0101s tiesas\u00a0 priek\u0161s\u0113d\u0113t\u0101ja\u00a0 I.Bi\u010dkovi\u010da\u00a0\u00a0 neizskat\u012bto iesniedz\u0113ja\u00a0 2011.gada\u00a0 10. febru\u0101ra iesniegumu,\u00a0 k\u0101\u00a0 ar\u012b\u00a0 ar\u00a0 iepriek\u0161\u0113jiem\u00a0 neizskat\u012btajiem\u00a0 iesniegumiem .\u00a0 Dom\u0101jams,\u00a0 ka\u00a0 Tiesne\u0161u\u00a0 disciplin\u0101rkol\u0113\u0123ijas\u00a0 priek\u0161s\u0113d\u0113t\u0101js\u00a0 P.Dzalbe\u00a0 to\u00a0 ar\u012b\u00a0 izdar\u012bja,\u00a0 p\u0101rliecin\u0101j\u0101s,\u00a0 ka\u00a0 iesniedz\u0113ja\u00a0 min\u0113tie\u00a0 fakti\u00a0 atbilst\u00a0 paties\u012bbai ,\u00a0 bet\u00a0\u00a0 karjeras\u00a0 intereses\u00a0 (P.Dzalbe\u00a0 vienlaic\u012bgi\u00a0 ir\u00a0 ar\u012b\u00a0 LR Augst\u0101k\u0101s\u00a0 tiesas\u00a0 priek\u0161s\u0113d\u0113t\u0101ja\u00a0 I.Bi\u010dkovi\u010da\u00a0 vietnieks)\u00a0 st\u0101d\u012bja\u00a0 augst\u0101k\u00a0 nek\u0101\u00a0 kalpo\u0161anu\u00a0\u00a0 Likuma\u00a0 burtam\u00a0 un\u00a0 garam, \u00a0\u00a0t\u0101\u00a0 k\u013c\u016bstot\u00a0 par\u00a0 l\u012bdzdal\u012bbnieku\u00a0 aizmuguriskas\u00a0 soda\u00a0 psihiatrijas\u00a0 pielieto\u0161an\u0101\u00a0 pret\u00a0 iesniedz\u0113ju\u00a0 un\u00a0 l\u012bdzdal\u012bbnieku\u00a0 iesniedz\u0113ja\u00a0 apzag\u0161an\u0101\u00a0 uz\u00a0 viltotu\u00a0 dokumentu\u00a0 pamata\u00a0 (KL 327. pant\u0101\u00a0 u.c.\u00a0 kvalific\u0113ts\u00a0 krimin\u0101lnodar\u012bjums ) u.c.<\/span><\/p>\n<p><span style=\"color: #003300;\">4.1. 2012.gada\u00a0 9.maij\u0101\u00a0 Ministru\u00a0 prezidenta\u00a0 padomniece\u00a0 \u0101r\u0113j\u0101s\u00a0 ekonomisk\u0101s\u00a0 sadarb\u012bbas\u00a0 koordin\u0101cijas\u00a0 jaut\u0101jumos\u00a0 B. S\u0113j\u0101ne\u00a0 Ministru\u00a0 prezidenta\u00a0 biroja\u00a0 vad\u012bt\u0101jas \u00a0\u00a0viet\u0101\u00a0 sagatavoja\u00a0 v\u0113stuli\u00a0\u00a0 Nr. 20\/R-1190\u00a0 \u201ePar\u00a0 iesnieguma\u00a0 virz\u012bbu\u201d (pielikuma\u00a0 3.dokuments). Min\u0113tais\u00a0 dokuments\u00a0 pier\u0101da ,\u00a0 ka\u00a0 pieteic\u0113ja \u00a0\u00a0\u0161.g. \u00a07.maija\u00a0 l\u016bgums\u00a0 ministru\u00a0 prezidentam\u00a0 V. Dombrovskim \u00a0\u00a0visp\u0101r\u00a0 nav\u00a0 par\u0101d\u012bts,\u00a0 bet\u00a0 l\u0113mumu\u00a0 p\u0101rs\u016bt\u012bt\u00a0 iesniedz\u0113ja\u00a0 l\u016bgumu\u00a0 \u201eizskat\u012b\u0161anai\u00a0 un\u00a0 atbildes\u00a0 snieg\u0161anai\u201d\u00a0 Izgl\u012bt\u012bbas\u00a0 un\u00a0 zin\u0101tnes\u00a0 ministrijai,\u00a0 Kult\u016bras\u00a0 ministrijai\u00a0 un\u00a0 Tieslietu\u00a0 ministrijai\u00a0 pie\u0146\u0113musi \u00a0\u00a0padomniece\u00a0 B.S\u0113j\u0101ne,\u00a0 atst\u0101jot\u00a0 sava\u00a0 l\u0113muma\u00a0 izpildi\u00a0 bez\u00a0\u00a0 kontroles.<\/span><\/p>\n<p><span style=\"color: #003300;\"> 4.2. Iesniegumu\u00a0 likuma\u00a0 noteiktaj\u0101\u00a0 termi\u0146\u0101\u00a0 iesniedz\u0113js\u00a0 nav\u00a0 sa\u0146\u0113mis\u00a0 atbildi\u00a0 ne\u00a0 no\u00a0 ministru\u00a0 prezidenta,\u00a0 ne\u00a0 vi\u0146a\u00a0 uzdevum\u0101\u00a0 no\u00a0 Ministru\u00a0 prezidenta\u00a0 biroja,\u00a0 k\u0101\u00a0 to\u00a0 paredz\u00a0 Ministru\u00a0 kabineta\u00a0 lietved\u012bbas\u00a0 noteikumi. <\/span><\/p>\n<p><span style=\"color: #003300;\">4.3. No\u00a0 padomnieces\u00a0 B.S\u0113j\u0101nes\u00a0 patva\u013c\u012bgi\u00a0 un\u00a0 prettiesiski\u00a0 izv\u0113l\u0113t\u0101jiem\u00a0 trijiem\u00a0 p\u0101radres\u0101tiem\u00a0 &#8212;\u00a0 atbild\u0113ja\u00a0 tikai\u00a0 viens.\u00a0 Tieslietu\u00a0 ministrijas\u00a0 valsts\u00a0 sekret\u0101ra\u00a0 vietniece\u00a0 tiesu\u00a0 jaut\u0101jumos\u00a0 I.Kalni\u0146a\u00a0\u00a0 \u0161.g. 24.maij\u0101\u00a0 sagatavoja\u00a0 v\u0113stuli\u00a0 Nr. 18-2.4\/851- R\u00a0 \u201ePar\u00a0 iesnieguma\u00a0 atst\u0101\u0161anu\u00a0 bez\u00a0 izskat\u012b\u0161anas\u201d (pielikuma\u00a0 4.dokuments). K\u0101\u00a0 liecina\u00a0 min\u0113t\u0101\u00a0 dokumenta\u00a0 saturs ,\u00a0 tas\u00a0 ir\u00a0 piln\u012bgi\u00a0 prettiesisks,\u00a0 nekompetents\u00a0 ar\u00a0 klaji\u00a0 izsmejo\u0161u\u00a0 raksturu. <\/span><\/p>\n<p><span style=\"color: #003300;\">Diezin\u00a0 vai\u00a0 zema\u00a0 ranga\u00a0 Tieslietu\u00a0 ministrijas\u00a0 ier\u0113dne\u00a0 uz\u00a0 savu\u00a0 galvu\u00a0 vien\u00a0 uzdro\u0161in\u0101tos\u00a0 sagatavot\u00a0 LR \u00a0likumus\u00a0 un\u00a0 iesniedz\u0113ju,\u00a0 cien\u012bjamu\u00a0 sabiedr\u012bbas\u00a0 locekli \u2013 habilit\u0113tu\u00a0 v\u0113sture\u00a0 doktoru,\u00a0 smagi\u00a0 apvainojo\u0161u \u00a0\u00a0v\u0113stuli\u00a0 bez\u00a0 tieslietu\u00a0 ministra\u00a0 Gaida\u00a0 B\u0113rzi\u0146a\u00a0 \u00a0tie\u0161a\u00a0 nor\u0101d\u012bjuma.\u00a0 Nupat\u00a0\u00a0 apgalvoto\u00a0 \u00a0\u00a0pier\u0101da\u00a0 tas,\u00a0 ka\u00a0\u00a0 valsts\u00a0 sekret\u0101ra\u00a0 vietnieces\u00a0 I.Kalni\u0146as\u00a0 nepietieko\u0161as\u00a0 profesion\u0101l\u0101s\u00a0 sagatavot\u012bbas\u00a0 gad\u012bjum\u0101,\u00a0 ja\u00a0 vi\u0146a\u00a0 patiesi\u00a0 nesaprastu \u00a0iesniedz\u0113ja\u00a0 kvalitat\u012bvi\u00a0 un\u00a0\u00a0 prec\u012bzi \u00a0sagatavoto\u00a0 tekstu\u00a0 par\u00a0\u00a0 \u00a0LR tiesu\u00a0 sist\u0113mas\u00a0 smagaj\u0101m\u00a0 deform\u0101cij\u0101m,\u00a0 vi\u0146ai\u00a0 atlika\u00a0 piepras\u012bt\u00a0 no\u00a0 Tieslietu\u00a0 ministrijas\u00a0 arh\u012bva \u00a0papildinform\u0101ciju.\u00a0 Runa\u00a0 iet\u00a0 par \u00a0\u00a0bag\u0101t\u012bgi\u00a0 dokument\u0113to\u00a0 iesniedz\u0113ja\u00a0 l\u016bgumu\u00a0 G.B\u0113rzi\u0146am\u00a0 \u00a0\u00a0vi\u0146a \u00a0\u00a0pirmaj\u0101\u00a0 tieslietu \u00a0ministra\u00a0 termi\u0146\u0101 \u00a0&#8212; kur\u0101\u00a0 iesniedz\u0113js\u00a0 l\u016bdza\u00a0 nov\u0113rst \u00a0civiliz\u0113t\u0101\u00a0 sabiedr\u012bb\u0101\u00a0 \u00a0nepie\u0146emamo\u00a0 praksi,\u00a0 ka\u00a0 Administrat\u012bvaj\u0101\u00a0 rajona\u00a0 ties\u0101\u00a0 tiesu\u00a0 sprie\u017e\u00a0 tiesnesis\u00a0 M.Mednis,\u00a0 bet\u00a0 Administrat\u012bvo\u00a0 apgabaltiesu\u00a0 vada\u00a0 A. \u00a0Lavi\u0146\u0161,\u00a0 kurus\u00a0 pati\u00a0 Administrat\u012bv\u0101\u00a0 apgabaltiesa\u00a0 tika\u00a0\u00a0 atzinusi\u00a0 par\u00a0 nesod\u012btiem\u00a0 krimin\u0101lnoziedzniekiem.\u00a0 \u00a0Min\u0113t\u0101\u00a0 iesnieguma\u00a0 \u00a0\u00a0prec\u012bzs \u00a0re\u0123istr\u0101cijas\u00a0 numurs\u00a0 ir\u00a0 min\u0113ts\u00a0 iesniedz\u0113ja \u00a0\u0161.g. \u00a07.maija\u00a0 l\u016bguma\u00a0 pielikuma\u00a0 31.dokument\u0101,\u00a0 bet\u00a0 min\u0113t\u0101\u00a0\u00a0 pielikuma\u00a0 32.dokument\u0101\u00a0 cit\u0113ta\u00a0 \u0161\u012b\u00a0 iesnieguma \u00a0\u00a0\u00a0b\u016btisk\u0101k\u0101\u00a0\u00a0 da\u013ca.<\/span><\/p>\n<p><span style=\"color: #003300;\">Lietas\u00a0 b\u016bt\u012bba\u00a0 ir\u00a0 t\u0101,\u00a0 ka\u00a0 G.B\u0113rzi\u0146\u0161\u00a0 ir\u00a0 Nacion\u0101l\u0101s\u00a0 apvien\u012bbas\u00a0 izv\u0113l\u0113ts\u00a0 ministrs,\u00a0 t\u0101tad\u00a0 ass\u00a0 pieteic\u0113ja \u00a0politiskais\u00a0 pretinieks.\u00a0 Nep\u0101rprotami,\u00a0 ka\u00a0 Augst\u0101k\u0101s\u00a0 tiesas\u00a0 Tiesne\u0161u\u00a0 disciplin\u0101rkol\u0113\u0123ijas\u00a0 priek\u0161s\u0113d\u0113t\u0101js\u00a0 P.Dzalbe\u00a0 ignor\u0113ja (iesp\u0113jami\u00a0 sa\u0146emot\u00a0 ar\u012b\u00a0 da\u013cu\u00a0 no\u00a0 iesniedz\u0113jam\u00a0 nozagt\u0101\u00a0 mantojuma)\u00a0 iesniedz\u0113ja\u00a0 \u0161.g. \u00a0\u00a07.maija\u00a0 l\u016bgumu ne\u00a0 tikai\u00a0 p\u0113c\u00a0 LR Augst\u0101k\u0101s\u00a0 tiesas\u00a0 priek\u0161s\u0113d\u0113t\u0101ja\u00a0 I.Bi\u010dkovi\u010da\u00a0\u00a0 nor\u0101d\u012bjuma,\u00a0 bet\u00a0 ar\u012b\u00a0 p\u0113c\u00a0 tieslietu\u00a0 ministra\u00a0 G.B\u0113rzi\u0146a\u00a0 tie\u0161a\u00a0 nor\u0101d\u012bjuma.\u00a0 T\u0101tad\u00a0 ar\u012b\u00a0 \u0161aj\u0101\u00a0 gad\u012bjum\u0101\u00a0 pieteic\u0113js\u00a0 \u00a0tika\u00a0 nost\u0101d\u012bts\u00a0 \u0101rpus\u00a0 LR likumiem, \u00a0\u0101rpus\u00a0 \u00a0Satversm\u0113\u00a0 garant\u0113taj\u0101m\u00a0 pilso\u0146a\u00a0 ties\u012bb\u0101m\u00a0\u00a0\u00a0 un\u00a0 \u0101rpus \u00a0Visp\u0101r\u0113j\u0101s\u00a0 cilv\u0113kties\u012bbu\u00a0 deklar\u0101cijas\u00a0 pamatprincipiem\u00a0 \u00a0&#8212; politisku un\u00a0 t\u012bri\u00a0 krimin\u0101lu\u00a0 \u00a0mot\u012bvu\u00a0 v\u0101rd\u0101. Pa\u0161\u0101\u00a0 vi\u0146ai\u00a0 \u00a0\u00a0vislab\u0101kaj\u0101\u00a0 gad\u012bjum\u0101\u00a0 valsts\u00a0 sekret\u0101ra\u00a0 vietniece\u00a0 I.Kalni\u0146a\u00a0 ir\u00a0 nolaid\u012bgi\u00a0 pild\u012bjusi\u00a0 savus\u00a0 dienesta\u00a0 pien\u0101kumus\u00a0 (KL 197. pant\u0101\u00a0 kvalific\u0113ta\u00a0 darb\u012bba),\u00a0 slikt\u0101kaj\u0101 &#8212;\u00a0 veikusi\u00a0 smagu\u00a0 krimin\u0101lnoziegumu\u00a0 noziedz\u012bg\u0101\u00a0 grup\u0101.<\/span><\/p>\n<p><span style=\"color: #003300;\"> 4.3. Kult\u016bras\u00a0 ministre\u00a0 \u017d. Jaunzeme \u2013Grende\u00a0 ignor\u0113ja\u00a0 vi\u0146ai\u00a0 \u0161.g.\u00a0 9.maij\u0101\u00a0 p\u0101rs\u016bt\u012bto\u00a0\u00a0 daudzk\u0101rt\u00a0 jau\u00a0 min\u0113to\u00a0 \u0161.g.\u00a0 7.maija\u00a0 l\u016bgumu,\u00a0 kaut\u00a0 gan\u00a0 Kult\u016bras\u00a0 ministrija\u00a0 ir\u00a0 atbild\u012bga\u00a0 par\u00a0 Latvijas\u00a0 arh\u012bvu\u00a0 fonda\u00a0 saglab\u0101\u0161anu. \u00a06.maija\u00a0 l\u016bguma\u00a0 punkt\u0101\u00a0 3.3.\u00a0 bija \u00a0sniegta\u00a0\u00a0 prec\u012bza\u00a0 inform\u0101cija\u00a0 par\u00a0\u00a0 notiku\u0161u\u00a0 Latvijas nacion\u0101l\u0101\u00a0 arh\u012bva\u00a0 fonda\u00a0 noz\u012bm\u012bgas\u00a0 ori\u0123in\u0101ldokumentu\u00a0 grupas\u00a0 izlaup\u012b\u0161anu.\u00a0 \u0160\u0101dai\u00a0 ministres\u00a0 \u017d.Jaunzemes-Grendes\u00a0 izaicino\u0161i\u00a0 pretlikumiskas\u00a0 r\u012bc\u012bba\u00a0\u00a0\u00a0\u00a0 nep\u0101rprotami\u00a0 ar\u012b\u00a0 ir\u00a0 politiski\u00a0 motiv\u0113ta,\u00a0 jo\u00a0 ar\u012b\u00a0 vi\u0146a\u00a0 \u00a0ir\u00a0 Nacion\u0101l\u0101s\u00a0\u00a0 apvien\u012bbas \u00a0izvirz\u012bta \u00a0ministre. \u013boti\u00a0 iesp\u0113jams,\u00a0 ka\u00a0 \u00a0p\u0101rs\u016bt\u012bto\u00a0 iesniedz\u0113ja\u00a0 \u0161.g. 7.maija\u00a0 l\u016bgumu\u00a0 vi\u0146a\u00a0 ignor\u0113ja\u00a0 p\u0113c\u00a0 noziedz\u012bgas\u00a0 vieno\u0161an\u0101s\u00a0 ar \u00a0\u00a0tieslietu \u00a0ministru\u00a0 G.B\u0113rzi\u0146u.. <\/span><\/p>\n<p><span style=\"color: #003300;\">Ar\u012b\u00a0 izgl\u012bt\u012bbas\u00a0 un\u00a0 zin\u0101tnes\u00a0 ministrs\u00a0 R.\u0136\u012blis\u00a0 ignor\u0113ja\u00a0 p\u0101rs\u016bt\u012bto\u00a0 iesniedz\u0113ja\u00a0 7. maija\u00a0 l\u016bgumu\u00a0 politisku\u00a0 mot\u012bvu\u00a0 v\u0101rd\u0101,\u00a0 jo\u00a0 par\u00a0 ministru\u00a0 vi\u0146\u0161\u00a0 k\u013cuva\u00a0 k\u0101\u00a0 LU\u00a0 profesors\u00a0 humanit\u0101raj\u0101s\u00a0 zin\u0101tn\u0113s.\u00a0 \u0160aj\u0101\u00a0 nozar\u0113\u00a0 LU\u00a0 domin\u0113\u00a0 neosovjetiski\u00a0 noska\u0146ots\u00a0 akad\u0113miskais \u00a0\u00a0\u00a0person\u0101ls,\u00a0 kur\u0161\u00a0 padomju\u00a0 okup\u0101cijas\u00a0\u00a0 gados\u00a0 bija\u00a0 cie\u0161i\u00a0 saist\u012bts\u00a0 ar\u00a0 LKP CK\u00a0 un\u00a0 LPSR\u00a0 VDK.\u00a0 T\u0101\u00a0 punkt\u0101\u00a0 1.1. min\u0113tais\u00a0 profesors\u00a0 A.Stranga\u00a0 bija LPSR\u00a0 VDK\u00a0 pulkve\u017ea\u00a0 d\u0113ls,\u00a0 VDK\u00a0 uzticam\u012bbas\u00a0 persona\u00a0 un\u00a0 provokatos\u00a0 v\u0113l\u00a0 no\u00a0 studentu\u00a0 gadiem., bet\u00a0 profesore\u00a0 D.Bleiere\u00a0 \u00a0bija\u00a0 propagandiste\u00a0 \u00a0\u00a0zin\u0101tnisk\u0101\u00a0 l\u012bdzstr\u0101dnieka\u00a0 amat\u0101\u00a0 \u00a0LPSR\u00a0 ZA V\u0113stures\u00a0 instit\u016bta \u201eAtt\u012bst\u012bt\u0101\u00a0 soci\u0101lisma\u201d \u00a0\u00a0sektor\u0101,\u00a0 k\u0101\u00a0 ar\u012b\u00a0 LPSR\u00a0 VDK\u00a0 slepen\u0101\u00a0 a\u0123ente.\u00a0\u00a0 Dom\u0101jams,\u00a0 ka\u00a0 ar\u012b\u00a0 p\u0101r\u0113jie\u00a0 4\u00a0 no\u00a0 \u0161odien\u00a0 neonacistiski\u00a0 noska\u0146otajiem\u00a0 punkt\u0101\u00a0 1.1.\u00a0 min\u0113tajiem\u00a0 v\u0113sturniekiem\u00a0 padomju\u00a0 okup\u0101cijas\u00a0 laik\u0101\u00a0 darboj\u0101s\u00a0 LPSR\u00a0 VDK\u00a0 vad\u012bb\u0101.<\/span><\/p>\n<p><span style=\"color: #003300;\">Gan\u00a0 5.Saeimas\u00a0 sekret\u0101rs\u00a0 I.Daudi\u0161s,\u00a0 gan\u00a0 6.Saeimas\u00a0 deput\u0101ts\u00a0 I.\u0136ezbers\u00a0 pieteic\u0113ju\u00a0 br\u012bdin\u0101ja\u00a0 no\u00a0 radik\u0101laj\u0101m\u00a0 organiz\u0101cij\u0101m,\u00a0 k\u0101\u00a0 revan\u0161istiski\u00a0 noska\u0146otu\u00a0 \u010dekistu\u00a0 organiz\u0113t\u0101m\u00a0 un\u00a0 vad\u012bt\u0101m\u00a0 organiz\u0101cij\u0101m.\u00a0 \u012apa\u0161i\u00a0 tiku\u00a0 br\u012bdin\u0101ts\u00a0 no\u00a0 LNNK,\u00a0 kuru\u00a0 Kultkoma\u00a0 viet\u0101\u00a0 darbam\u00a0 emigrantu\u00a0 vid\u016b\u00a0 esot\u00a0 izveidojis\u00a0 \u0101r\u0113j\u0101\u00a0 izl\u016bkdienesta\u00a0 pulkvedis\u00a0 Gun\u0101rs\u00a0 Pudels.<\/span><\/p>\n<p><span style=\"color: #003300;\"> 4.4. T\u016bl\u012bt\u00a0 p\u0113c\u00a0 punkt\u0101\u00a0\u00a0 4.1.\u00a0 min\u0113t\u0101s\u00a0 \u00a0padomnieces B. S\u0113j\u0101nes\u00a0 prettiesisk\u0101s\u00a0 v\u0113stules\u00a0 sa\u0146em\u0161anas,\u00a0 pieteic\u0113js \u00a0\u00a0to \u00a0\u0161.g. 15. maij\u0101\u00a0 \u00a0p\u0101rs\u016bdz\u0113ja\u00a0 Valsts kancelejas\u00a0 direktorei\u00a0 E.Dreimanei\u00a0 un\u00a0 l\u016bdza\u00a0 direktori\u00a0 E.Dreimani\u00a0\u00a0 \u00a0\u00a0inform\u0113t\u00a0 ministru\u00a0 prezidentu\u00a0 par\u00a0 padomnieces\u00a0 B.S\u0113j\u0101nes\u00a0 izaicino\u0161i\u00a0 prettiesisko\u00a0 r\u012bc\u012bbu\u00a0 (pielikuma \u00a05.dokumenta\u00a0 b) pielikums).\u00a0 Ta\u010du\u00a0 Valsts\u00a0 kancelejas\u00a0 direktore E.Dreimane\u00a0 r\u012bkoj\u0101s\u00a0 tikpat\u00a0 prettiesiski , proti, \u00a0iz\u0146\u0113ma\u00a0 no\u00a0 Valsts\u00a0 kancelejas\u00a0 ofici\u0101l\u0101s\u00a0 dokumentu\u00a0 aprites (caur\u00a0 DAUKS)\u00a0 iesniedz\u0113ja\u00a0 ofici\u0101lo\u00a0 e-pasta\u00a0 v\u0113stuli\u00a0 Nr. 11\u00a0360,\u00a0 to\u00a0 p\u0101rs\u016bt\u012bja\u00a0 Valsts\u00a0 kancelejas\u00a0 Komunik\u0101ciju\u00a0 departamenta\u00a0 juriskonsultei\u00a0 Zitai\u00a0 Kurmi\u0146ai\u00a0 ar\u00a0 ac\u012bmredzamu\u00a0 nor\u0101d\u012bjumu\u00a0 piesegt\u00a0 padomnieces\u00a0 B.S\u0113j\u0101nes\u00a0 prettiesisko\u00a0 r\u012bc\u012bbu.\u00a0 Teikto\u00a0\u00a0 pier\u0101da\u00a0 juriskonsultes\u00a0 Z.Kurmi\u0146as\u00a0 e-v\u0113stule\u00a0 iesniedz\u0113jam (pielikuma\u00a0 4.dokumenta\u00a0 pielikums a).\u00a0 \u0160.g. 16.maij\u0101\u00a0 iesniedz\u0113js\u00a0 noprotest\u0113ja\u00a0 juriskonsultes\u00a0\u00a0 Z.Kurmi\u0146as\u00a0 prettiesisko\u00a0 atbildi\u00a0 (pielikuma\u00a0 4.dokuments),\u00a0 ta\u010du\u00a0 nek\u0101du\u00a0 atbildi\u00a0 nesa\u0146\u0113ma.\u00a0\u00a0 Min\u0113tie\u00a0 fakti\u00a0 pier\u0101da,\u00a0 ka\u00a0 Valsts kancelejas\u00a0 direktore\u00a0 E.Dreimane,\u00a0 juriskonsulte Z.Kurmi\u0146a\u00a0 un\u00a0 ministru\u00a0 prezidenta\u00a0 padomniece\u00a0 B.S\u0113j\u0101ne\u00a0 grup\u0101\u00a0 veica\u00a0 smagu\u00a0 krimin\u0101lu\u00a0 nodar\u012bjumu\u00a0 &#8212;\u00a0 apzin\u0101ti\u00a0 \u013caunpr\u0101t\u012bgi\u00a0 izmantoja\u00a0 savu\u00a0 dienesta\u00a0 st\u0101vokli,\u00a0 lai\u00a0 nosl\u0113ptu\u00a0 smagus\u00a0 valsts\u00a0 amatpersonu\u00a0 nodar\u012bjumus\u00a0 pret\u00a0 iesniedz\u0113ja \u00a0un\u00a0 valsts un sabiedr\u012bbas\u00a0 interes\u0113m, t\u0101\u00a0 veicot\u00a0 KL 319. u.c. pantos\u00a0 kvalific\u0113tas\u00a0 darb\u012bbas. <\/span><\/p>\n<p><span style=\"color: #003300;\"> 5.1.Pieteic\u0113ja \u00a0\u00a0\u00a0lietas\u00a0 b\u016bt\u012bbas\u00a0 izpratnei\u00a0 nepiecie\u0161ams\u00a0 sniegt\u00a0 papildus\u00a0 paskaidrojumus\u00a0\u00a0 par\u00a0 kuriem\u00a0 vi\u0146\u0161\u00a0 nerun\u0101ju\u00a0 \u0161.g. 7.maija\u00a0 l\u016bgum\u0101,\u00a0 \u00a0kur\u0161 \u00a0\u00a0izaicino\u0161i\u00a0\u00a0 \u00a0\u00a0prettiesiski\u00a0 ir\u00a0 atst\u0101ts\u00a0 bez\u00a0 izskat\u012b\u0161anas un\u00a0 bez\u00a0 atbildes. <\/span><\/p>\n<p><span style=\"color: #003300;\">Pieteic\u0113ja \u00a0\u00a0\u00a0atkl\u0101ta\u00a0 vaj\u0101\u0161ana\u00a0 s\u0101k\u0101s\u00a0 p\u0113c\u00a0 tam,\u00a0 kad\u00a0 vi\u0146\u0161\u00a0 1995.gada\u00a0 mart\u0101 \u00a0visai\u00a0 d\u012bvainos\u00a0 apst\u0101k\u013cos \u00a0iepazin\u0101s ar\u00a0 savu\u00a0 tagad\u0113jo\u00a0 sievu\u00a0 Baibu\u00a0 Roni, \u00a0\u00a01996.gada\u00a0 maij\u0101\u00a0 apprec\u0113j\u0101s \u00a0(pielikuma\u00a0 6.dokuments) \u00a0un\u00a0 no\u00a0 1996.gada\u00a0 rudens\u00a0 iesaist\u012bj\u0101s\u00a0 vi\u0146as \u00a0\u00a0meiti\u0146as\u00a0 no\u00a0 pirm\u0101s\u00a0 laul\u012bbas, \u00a0\u00a0Vijas \u00a0Pusares,\u00a0 neskaidro \u00a0n\u0101ves\u00a0 apst\u0101k\u013cu\u00a0 noskaidro\u0161an\u0101\u00a0 1981.gada apr\u012bl\u012b \u00a0R\u012bgas\u00a0 pils\u0113tas\u00a0 1. dzemd\u012bbu\u00a0 nam\u0101\u00a0 Viji\u0146as\u00a0 boj\u0101\u00a0 ejas \u00a0\u00a0apst\u0101k\u013ci\u00a0 tika\u00a0 izkl\u0101st\u012bti\u00a0 iesniegum\u0101\u00a0 Administrat\u012bv\u0101s\u00a0 rajona\u00a0 tiesas\u00a0 tiesnesim\u00a0 M.Mednim,\u00a0 iesniedz\u0113ja\u00a0 administrat\u012bv\u0101\u00a0 procesa\u00a0 gait\u0101. 2004.-2005.gait\u0101,\u00a0 kaut\u00a0 ar\u012b\u00a0 tiesnesis\u00a0 M.Mednis\u00a0 pieteic\u0113ja\u00a0 pieteikumu\u00a0 par\u00a0 iesp\u0113jamu\u00a0 \u0101rk\u0101rt\u012bgi\u00a0\u00a0\u00a0 smagu \u00a0\u00a0nozieguma\u00a0 pret\u00a0 cilv\u0113ciskumu\u00a0 un\u00a0 cilv\u0113ci\u00a0 atst\u0101ja\u00a0 bez\u00a0 piekrit\u012bgas\u00a0 virz\u012bbas\u00a0 &#8212;\u00a0 pret\u0113ji\u00a0 starptautisko\u00a0 ties\u012bbu,\u00a0 Visp\u0101r\u0113j\u0101s\u00a0 cilv\u0113kties\u012bbu\u00a0 deklar\u0101cijas\u00a0 un\u00a0 LR\u00a0 Satversmes\u00a0 un\u00a0 likumu,\u00a0 t. sk.\u00a0\u00a0 APL\u00a0 un\u00a0\u00a0 KL\u00a0 pras\u012bb\u0101m. \u00a0Lietas\u00a0 b\u016bt\u012bba\u00a0 ir\u00a0 t\u0101,\u00a0 ka\u00a0\u00a0 iesniedz\u0113js\u00a0\u00a0 l\u016bdza\u00a0 tiesnesi\u00a0 M.Medni\u00a0 veikt\u00a0 V.Pusares\u00a0 ekshum\u0101ciju,\u00a0 jo\u00a0 pirms\u00a0 savas\u00a0 n\u0101ves\u00a0 I.Daudi\u0161s\u00a0 pieteic\u0113ju \u00a0\u00a0inform\u0113ja\u00a0 it k\u0101\u00a0 Vija\u00a0 dzemd\u012bbu\u00a0 nam\u0101\u00a0 ir\u00a0 samain\u012bta,\u00a0 nozagta\u00a0 un\u00a0 p\u0101rdota\u00a0 uz\u00a0 It\u0101liju,\u00a0 bet\u00a0 apbed\u012b\u0161anai\u00a0 izsniegts\u00a0 citas\u00a0 m\u0101tes\u00a0 b\u0113rna\u00a0 l\u012b\u0137\u012btis.\u00a0 \u0145emot\u00a0 v\u0113r\u0101\u00a0 pieteic\u0113ja \u00a0\u00a0sievas\u00a0 \u0123en\u0113tisko\u00a0 mantojumu (par\u00a0 to\u00a0 runa\u00a0 ies\u00a0 6.punkt\u0101),\u00a0 \u0161\u012b\u00a0 inform\u0101cija\u00a0\u00a0\u00a0 \u0161\u0137ita\u00a0 ticama.<\/span><\/p>\n<p><span style=\"color: #003300;\">5.2.\u00a0 1996.gada\u00a0 4.decembr\u012b\u00a0\u00a0 pieteic\u0113js\u00a0\u00a0 uzrakst\u012bja\u00a0 iesniegumu\u00a0 vesel\u012bbas\u00a0 valsts\u00a0 ministram\u00a0 Jurim\u00a0 Vi\u0146\u0137elim ,\u00a0 kur\u0101\u00a0 bija\u00a0 teikts :\u00a0 \u201eManu\u00a0 l\u016bgumu\u00a0\u00a0 izrais\u012bja\u00a0 vair\u0101kas\u00a0\u00a0 laikraksta\u00a0 \u201eDiena\u201d publik\u0101cijas,\u00a0 kur\u0101s\u00a0\u00a0 ar\u00a0 tra\u0123iskiem,\u00a0 bet\u00a0 re\u0101liem\u00a0 faktiem\u00a0 konstat\u0113ts,\u00a0 ka\u00a0 m\u0101tes\u00a0\u00a0 un\u00a0 jaundzimu\u0161ie\u00a0 1.dzemd\u012bbu\u00a0 nam\u0101\u00a0 atradu\u0161ies\u00a0 piln\u012bg\u0101\u00a0 atkar\u012bb\u0101\u00a0 no\u00a0 medic\u012bnas\u00a0 darbinieku\u00a0 godapr\u0101ta,\u00a0 bet\u00a0 p\u0113d\u0113jo\u00a0 vair\u0101kos\u00a0 konkr\u0113tos\u00a0\u00a0 gad\u012bjumos\u00a0\u00a0\u00a0 m\u0101mi\u0146as\u00a0 un\u00a0 \u017eurn\u0101liste\u00a0 M.Gr\u012bnberga\u00a0 ap\u0161auba,\u00a0 jo\u00a0 atradu\u0161ies\u00a0\u00a0 par\u00a0 miru\u0161iem\u00a0 uzskat\u012bti\u00a0 b\u0113rni\u0146i,\u00a0 m\u0101mi\u0146as\u00a0 sa\u0146\u0113mu\u0161as\u00a0 no\u00a0 medic\u012bnisk\u0101\u00a0 person\u0101la\u00a0\u00a0 pretrun\u012bgas\u00a0 zi\u0146as\u00a0\u00a0 par\u00a0 saviem\u00a0 b\u0113rni\u0146iem\u00a0 un\u00a0 to\u00a0 n\u0101ves\u00a0 apst\u0101k\u013ciem (\u201eDiena\u201d, 1996.gada 19.oktobr\u012b).\u00a0 L\u012bdz\u012bga\u00a0 tra\u0123\u0113dija\u00a0 piemekl\u0113jusi\u00a0 ar\u012b\u00a0 manu\u00a0 \u0123imeni.\u00a0 Manas\u00a0 sievas\u00a0 Baibas\u00a0 Rones\u00a0 pirmais\u00a0 b\u0113rni\u0146\u0161\u00a0 piedzima\u00a0 1981.gada\u00a0 30. mart\u0101\u00a0 un\u00a0 nomira\u00a0 min\u0113taj\u0101 \u00a0dzemd\u012bbu\u00a0 nam\u0101\u00a0 t\u0101\u00a0 pa\u0161a\u00a0 gada\u00a0 apr\u012b\u013ca\u00a0 s\u0101kum\u0101\u00a0 [..]\u00a0 P\u0113c\u00a0 min\u0113taj\u0101m\u00a0 publik\u0101cij\u0101m,\u00a0 p\u0101rskatot\u00a0 dokument\u0101ciju\u00a0 un\u00a0 t\u0101\u00a0 laika\u00a0 pierakstus,\u00a0 konstat\u0113j\u0101m,\u00a0 ka\u00a0 ir\u00a0 pretrun\u012bgs\u00a0\u00a0 b\u0113rni\u0146a\u00a0 mir\u0161anas\u00a0 datums,\u00a0 ka\u00a0 par\u00a0 n\u0101ves\u00a0 c\u0113loni\u00a0 min\u0113tas\u00a0 t\u0101das\u00a0 kaites,\u00a0 kuras\u00a0 bez\u00a0 sekcijas\u00a0 nav\u00a0 iesp\u0113jams\u00a0 konstat\u0113t,\u00a0 bet\u00a0 sekcija\u00a0 miru\u0161ajam\u00a0 b\u0113rni\u0146am\u00a0 netika\u00a0 izdar\u012bta.\u00a0 Ir\u00a0 ar\u012b\u00a0 citas\u00a0 pagaid\u0101m\u00a0 gr\u016bti\u00a0 izskaidrojamas\u00a0 pretrunas\u201d.<\/span><\/p>\n<p><span style=\"color: #003300;\">Sarakste\u00a0 ar\u00a0 ministru J.Vi\u0146\u0137eli\u00a0 izv\u0113rs\u0101s\u00a0 visai\u00a0 pla\u0161a,\u00a0 pieteic\u0113js \u00a0\u00a0tika\u00a0 pie\u0146emts\u00a0 pat\u00a0 audienc\u0113.\u00a0 Ta\u010du\u00a0 p\u0113c\u00a0 6.Saeimas\u00a0 deput\u0101ta\u00a0 Ivara \u0136ezbera,\u00a0 kur\u0161\u00a0 bija\u00a0 atsaucies\u00a0 pieteic\u0113ja\u00a0\u00a0 l\u016bgumam\u00a0 tikt\u00a0 skaidr\u012bb\u0101\u00a0 par\u00a0 Viji\u0146as\u00a0 likteni,\u00a0 mistisk\u0101s\u00a0 n\u0101ves\u00a0 Strasb\u016br\u0101,\u00a0 I..\u0136ezbera\u00a0 DP \u201eSaimnieks\u201d biedrs\u00a0 J.Vi\u0146\u0137elis\u00a0 k\u013cuva\u00a0 pret\u00a0 pieteic\u0113ju\u00a0 klaji\u00a0 noraido\u0161s.<\/span><\/p>\n<p><span style=\"color: #003300;\"> 5.3. Kop\u0101\u00a0 ar\u00a0 sievu\u00a0 pieteic\u0113js \u00a0\u00a0tik\u0101s\u00a0 ar\u00a0 \u017eurn\u0101listi \u00a0\u00a0M.Gr\u012bnbergu,\u00a0 kura\u00a0 apstiprin\u0101ja,\u00a0 ka\u00a0 t\u0101di\u00a0 tra\u0123iski\u00a0 gad\u012bjumi\u00a0 1.dzemd\u012bbu\u00a0 nam\u0101\u00a0 konstat\u0113ti\u00a0 daudzi,\u00a0 ta\u010du\u00a0 medi\u0137i\u00a0 ie\u0146\u0113mu\u0161i\u00a0 necaursitamas\u00a0 aizst\u0101v\u012bbas\u00a0 poz\u012bcijas\u00a0 un\u00a0 \u00a0visu\u00a0 noliedz, \u00a0bet\u00a0 dokumentus\u00a0 neizsniedz. Iesniedz\u0113js\u00a0 ar\u00a0 dz\u012bves\u00a0 biedri\u00a0 par\u00a0 to\u00a0 var\u0113ja\u00a0 p\u0101rliecin\u0101ties\u00a0 praks\u0113 \u00a0&#8212; \u017eurn\u0101listei\u00a0 M.Gr\u012bnbergai\u00a0 izr\u0101d\u012bj\u0101s\u00a0 piln\u012bga\u00a0 taisn\u012bba. <\/span><\/p>\n<p><span style=\"color: #003300;\">Pieteic\u0113jam \u00a0\u00a0n\u0101c\u0101s\u00a0 veikt\u00a0 Vijas\u00a0\u00a0 mekl\u0113jumus\u00a0 ar\u00a0 sava\u00a0 drauga\u00a0 Imanta\u00a0 Daudi\u0161a\u00a0 pal\u012bdz\u012bbu\u00a0 priv\u0101tdetekt\u012bva\u00a0 metod\u0113m.\u00a0 2010.gada\u00a0 pavasar\u012b\u00a0 pieteic\u0113js \u00a0\u00a0uz\u00a0 2\u00a0 m\u0113ne\u0161iem\u00a0 ierad\u0101s\u00a0 Rom\u0101,\u00a0 lai\u00a0 Vijas\u00a0 mekl\u0113jumos\u00a0\u00a0\u00a0 l\u016bgtu\u00a0\u00a0 Vatik\u0101na\u00a0\u00a0 pal\u012bdz\u012bbu.\u00a0 Prom\u00a0 no\u00a0 m\u0101j\u0101m,\u00a0 krist\u012bg\u0101s\u00a0 pasaules\u00a0 metropol\u0113,\u00a0 pieteic\u0113js \u00a0\u00a0sp\u0113ja\u00a0 paraudz\u012bties\u00a0\u00a0 uz\u00a0 \u0161o\u00a0 lietu\u00a0 it k\u0101\u00a0 no\u00a0 malas\u00a0 un\u00a0 saprata,\u00a0 ka\u00a0 Vija\u00a0 patiesi\u00a0\u00a0 g\u0101jusi\u00a0 boj\u0101\u00a0\u00a0 dzemd\u012bbu\u00a0 nam\u0101.\u00a0 Bez\u00a0 tam\u00a0 pier\u0101d\u012bt\u00a0 vairs\u00a0 neko\u00a0 nevar\u0113ja,\u00a0 jo\u00a0 sievas\u00a0 br\u0101lim\u00a0 Arnim \u0100bolti\u0146am\u00a0 apglab\u0101jot\u00a0 \u0123imenes\u00a0 kapa\u00a0 viet\u0101\u00a0 savu\u00a0 sievu\u00a0\u00a0 Maiju\u00a0 \u0100bolti\u0146u (dzimu\u0161u\u00a0 V\u0113ju),\u00a0 Viji\u0146as\u00a0 apbed\u012bjums\u00a0 tika\u00a0 izpost\u012bts.<\/span><\/p>\n<p><span style=\"color: #003300;\"> 5.4. 1996.gada\u00a0 janv\u0101r\u012b\u00a0 pieteic\u0113js \u00a0\u00a0bija\u00a0\u00a0 11. polikl\u012bnik\u0101\u00a0 pie\u00a0 savas\u00a0 rajona\u00a0 \u0101rstes\u00a0 dr. Dobroserdovas,\u00a0 kura \u00a0\u00a0apvainoti\u00a0 iejaut\u0101j\u0101s,\u00a0 ko\u00a0\u00a0 vi\u0146a\u00a0 nogr\u0113kojusies,\u00a0\u00a0 ja\u00a0 pieteic\u0113js \u00a0\u00a0ejot\u00a0 pie\u00a0 dr. Gulbja,\u00a0 l\u016bk,\u00a0 pat\u00a0\u00a0 mans\u00a0 personas\u00a0 kods\u00a0 uz\u00a0 ambulatorisk\u0101s\u00a0 kartes\u00a0 uzrakst\u012bts\u00a0 ar\u00a0 vi\u0146a\u00a0 roku.\u00a0 Iesniedz\u0113js\u00a0 samulsa,\u00a0 jo\u00a0 pie\u00a0 dr. Gulbja\u00a0 nekad\u00a0 nebija\u00a0 bijis,\u00a0 kaut\u00a0 gan \u00a0iesniedz\u0113ja \u00a0\u00a0\u00a0ambulatoriskaj\u0101\u00a0 kart\u0113 \u00a0\u00a0\u00a0bija\u00a0 lapa,\u00a0 kas\u00a0 dat\u0113ta\u00a0 ar\u00a0 1995.gada\u00a0 5. apr\u012bli\u00a0 un\u00a0 vi\u0146am \u00a0nesaprotamu\u00a0\u00a0 tekstu (pielikuma\u00a0 7.dokuments).\u00a0 Iesniedz\u0113js\u00a0 aizg\u0101ja\u00a0 pie\u00a0 \u00a0\u00a0\u00a0dr. Gulbja,\u00a0 kur\u0161\u00a0\u00a0 teic\u0101s\u00a0 neko\u00a0 neatceroties,\u00a0 varb\u016bt,\u00a0\u00a0 ka\u00a0 k\u0101da\u00a0 sieva\u00a0 \u017e\u0113lojusies,\u00a0 ka\u00a0 v\u012brs\u00a0 slims\u00a0 ar\u00a0 nerviem\u00a0 un\u00a0 vi\u0146\u0161\u00a0 kaut\u00a0 ko \u00a0ir \u00a0izrakst\u012bjis. <\/span><\/p>\n<p><span style=\"color: #003300;\">Iz\u0161\u0137\u012bros\u00a0 no\u00a0 Rud\u012btes\u00a0 V\u012bksnes\u00a0 t\u0101p\u0113c,\u00a0 ka\u00a0 I.Daudi\u0161s,\u00a0 k\u0101\u00a0 5.Saeimas\u00a0 sekret\u0101rs,\u00a0\u00a0 br\u012bdin\u0101ja\u00a0 iesniedz\u0113ju\u00a0 no\u00a0 vi\u0146as,\u00a0 k\u0101\u00a0 vecas\u00a0 LPSR\u00a0 VDK\u00a0 a\u0123entes.\u00a0 Iesniedz\u0113js\u00a0 to\u00a0 pateica\u00a0 ar\u012b\u00a0 R.V\u012bksnei\u00a0 un\u00a0 br\u012bdin\u0101ja\u00a0 vi\u0146as\u00a0 \u0161\u0137irto\u00a0 v\u012bru\u00a0\u00a0 Imantu\u00a0 V\u012bksni.<\/span><\/p>\n<p><span style=\"color: #003300;\"><span style=\"color: #ff0000;\"><span style=\"text-decoration: underline;\"><strong>Ar\u00a0 1995. gada\u00a0 pavasari\u00a0 s\u0101k\u0101s\u00a0 iesniedz\u0113ja\u00a0 apmelo\u0161anas\u00a0 kampa\u0146a\u00a0 par\u00a0 psihiski\u00a0 slimu\u00a0 ar\u012b\u00a0 LU\u00a0 Latvijas\u00a0 v\u0113stures\u00a0 instit\u016bt\u0101.\u00a0 K\u0101du\u00a0 r\u012btu\u00a0 p\u0113c\u00a0 R.V\u012bksnes\u00a0 l\u016bguma\u00a0 grupa\u00a0 instit\u016bta\u00a0 darbinieku (V.M.B\u0113rzi\u0146\u0161, I.Lo\u010dmelis,\u00a0 A.Vasks) ,\u00a0 solidariz\u0113joties\u00a0 ar\u00a0 R.V\u012bksni,\u00a0 grib\u0113ja\u00a0 iesniedz\u0113ju \u00a0vest\u00a0 uz\u00a0 slimn\u012bcu .<\/strong><\/span><\/span> No\u00a0 friz\u0113tavas \u00a0iesniedz\u0113js\u00a0 sazvan\u012bja\u00a0 \u00a0Saeimas\u00a0 sekret\u0101ra\u00a0 pal\u012bdzi\u00a0 E.Podnieci (ar\u012b\u00a0 tagad\u00a0 mirusi)\u00a0 un\u00a0 tikai\u00a0 tad\u00a0 min\u0113tie\u00a0 v\u012bri\u00a0 vi\u0146am \u00a0lika\u00a0 mieru.\u00a0 Toreiz\u00a0 par\u00a0 \u0161\u012bm\u00a0 nej\u0113dz\u012bb\u0101m \u00a0iesniedz\u0113js \u00a0aprobe\u017eoj\u0101s\u00a0 ar\u00a0 sa\u0161utuma\u00a0 izteik\u0161anu\u00a0 Instit\u016bta\u00a0 darbinieku\u00a0 kopsapulc\u0113. \u00a0Ta\u010du \u00a0\u00a0par \u00a0\u00a0incidentu \u00a0polikl\u012bnik\u0101 \u00a0\u00a0iesniedz\u0113js\u00a0 1996.gada\u00a0 23. janv\u0101r\u012b uzrakst\u012bja\u00a0 \u0123ener\u0101lprokuroram\u00a0 J\u0101nim\u00a0 Skrasti\u0146am, \u00a0l\u016bdzot\u00a0 aizsardz\u012bbu\u00a0 no\u00a0 biju\u0161o\u00a0 \u010dekistu\u00a0 m\u0113\u0123in\u0101jumiem\u00a0 pielietot\u00a0 pret\u00a0 vi\u0146u \u00a0\u00a0soda \u00a0psihiatriju.\u00a0 Ta\u010du\u00a0 iesniegums\u00a0 palika \u00a0\u00a0bez\u00a0 atbildes. 1996.gada febru\u0101r\u012b\u00a0\u00a0 iesniedz\u0113ju\u00a0\u00a0 piln\u012bgi\u00a0 prettiesiski\u00a0 atbr\u012bvoja\u00a0 no\u00a0 direktora\u00a0 amata,\u00a0 k\u0101\u00a0 rezult\u0101t\u0101,\u00a0 k\u0101\u00a0 jau\u00a0 min\u0113ts,\u00a0 notika\u00a0 nacion\u0101l\u0101s\u00a0 bag\u0101t\u012bbas\u00a0 izlaup\u012b\u0161ana\u00a0 \u012bpa\u0161i\u00a0 lielos\u00a0 apm\u0113ros.<\/span><\/p>\n<p><span style=\"color: #003300;\"> 5.5. V\u0113l\u0101k\u00a0 iesniedz\u0113js\u00a0 saprata,\u00a0 ka\u00a0 vi\u0146\u0101\u00a0 iepaz\u012bstin\u0101\u0161ana\u00a0 ar\u00a0 Baibu\u00a0 Roni,\u00a0 toreiz\u00a0 Baibu\u00a0 Pusari,\u00a0 bija\u00a0 veco\u00a0 \u010dekistu\u00a0 organiz\u0113ta\u00a0 oper\u0101cija.\u00a0 Proti,\u00a0 k\u0101d\u0101\u00a0 1995.gada\u00a0 marta\u00a0 s\u0101kuma \u00a0sv\u0113tdienas \u00a0r\u012bt\u0101\u00a0 R.V\u012bksnei\u00a0 iegrib\u0113j\u0101s\u00a0 apskat\u012bt\u00a0 porcel\u0101na\u00a0 izst\u0101di\u00a0 R\u012bgas\u00a0 v\u0113stures\u00a0 un\u00a0 ku\u0123niec\u012bbas\u00a0 muzej\u0101,\u00a0 bet\u00a0 non\u0101kot\u00a0 Pils\u00a0 laukum\u0101 \u2013 R.V\u012bksne\u00a0 mani\u00a0 vilk\u0161us\u00a0 ievilka\u00a0 Rai\u0146a\u00a0 Literat\u016bras\u00a0 un\u00a0 m\u0101kslas\u00a0 muzeja\u00a0 izst\u0101d\u0113\u00a0 Rakstniec\u012bba\u00a0 portrej\u0101s.\u00a0 Tikko\u00a0 bija\u00a0 s\u0101kusies\u00a0 ekskursija,\u00a0 kuru\u00a0 vad\u012bja\u00a0 Baiba Pusare \u2013 ar\u00a0 milzu\u00a0 erud\u012bciju\u00a0 apgaismojot\u00a0 19.gs. un 20.gs.\u00a0 s\u0101kuma\u00a0 latvie\u0161u\u00a0 kult\u016bras\u00a0 v\u0113sturi.\u00a0 Bet\u00a0 pieteic\u0113jam\u00a0\u00a0 tr\u016bka\u00a0 \u00a0\u00a0\u00a0kult\u016bras\u00a0 noda\u013cas\u00a0 autors\u00a0 20. gs.\u00a0 v\u0113stures\u00a0 gr\u0101matai\u00a0 un\u00a0 pieteic\u0113js \u00a0\u00a0to\u00a0 pied\u0101v\u0101ja\u00a0 kult\u016brv\u0113sturniecei\u00a0 B.Pusarei. Pied\u0101v\u0101jums\u00a0 tika\u00a0 pie\u0146emts\u00a0 un\u00a0 t\u016bl\u012bt\u00a0 p\u0113c\u00a0 tam\u00a0 s\u0101k\u0101s\u00a0 augst\u0101k\u00a0 min\u0113tie\u00a0 uzbrukumi\u00a0 pret\u00a0 pieteic\u0113ju ,\u00a0 kas\u00a0 nosl\u0113dz\u0101s\u00a0 ar\u00a0 vi\u0146u\u00a0 atcel\u0161anu\u00a0 no\u00a0 direktora\u00a0 amata. <\/span><\/p>\n<p><span style=\"color: #003300;\">Nep\u0101rprotami,\u00a0 ka\u00a0 \u010dekistu\u00a0 s\u0101kotn\u0113j\u0101\u00a0 variant\u0101\u00a0 pieteic\u0113jam\u00a0\u00a0 bija\u00a0 iepl\u0101nota\u00a0 ieslodz\u012b\u0161ana\u00a0 soda\u00a0 psihiatrijas\u00a0 iest\u0101d\u0113.\u00a0 To\u00a0 izjauca\u00a0 tas, \u00a0ka\u00a0 jaunaj\u0101\u00a0 darbiniec\u0113\u00a0 pieteic\u0113js\u00a0 atrada \u00a0\u00a0visuzticam\u0101ko\u00a0 domu\u00a0 un\u00a0 c\u012b\u0146u\u00a0 biedru\u00a0 un\u00a0 m\u0113s\u00a0 apprec\u0113j\u0101mies.<\/span><\/p>\n<p><span style=\"color: #003300;\"> .6.\u00a0 .Saeimas\u00a0 sekret\u0101rs\u00a0 I.Daudi\u0161s\u00a0 bija\u00a0 neizpratn\u0113\u00a0 par\u00a0 pieteic\u0113ja \u00a0\u00a0vaj\u0101\u0161anu\u00a0 un\u00a0 l\u016bdza\u00a0 r\u016bp\u012bgi\u00a0 p\u0101rdom\u0101t,\u00a0 vai\u00a0 tas\u00a0 nav\u00a0 saist\u012bts\u00a0 ar\u00a0 k\u0101du\u00a0 manu\u00a0 atradumu\u00a0 KGB\u00a0 arh\u012bvos.\u00a0 To\u00a0 visu pieteic\u0113js\u00a0 jau\u00a0 bija\u00a0 izdom\u0101jis,\u00a0 nek\u0101\u00a0 t\u0101da\u00a0 nebija.\u00a0 P\u0113c\u00a0 k\u0101z\u0101m\u00a0 pieteic\u0113js\u00a0 bija paman\u012bjis\u00a0 zin\u0101mu\u00a0 Baibas\u00a0 Rones\u00a0 portretisku\u00a0 l\u012bdz\u012bbu\u00a0 ar\u00a0 Nikolaja II\u00a0 sievu\u00a0 Aleksandru Fjodorovnu \u00a0un\u00a0 vec\u0101ko\u00a0 meitu\u00a0 lielk\u0146azi\u00a0 Olgu. <\/span><\/p>\n<p><span style=\"color: #003300;\">I.Daudi\u0161s\u00a0 samierin\u0101ja\u00a0 mani\u00a0 ar\u00a0 I.\u0136ezberu\u00a0 ar\u00a0 kuru\u00a0 tobr\u012bd\u00a0 pres\u0113\u00a0 ved\u0101m\u00a0 asu\u00a0 polemiku. M\u0113s\u00a0 visi\u00a0 tr\u012bs\u00a0 zin\u0101j\u0101m\u00a0 par\u00a0 specgrupu\u00a0 \u00a0(profesors M.Duhanovs, v\u0113stures\u00a0 zin\u0101t\u0146u\u00a0 doktors A.Spreslis,\u00a0 Valdis M.B\u0113rzi\u0146\u0161,\u00a0 \u0161\u0137iet\u00a0 v\u0113l\u00a0 k\u0101ds),\u00a0 kura\u00a0 p\u0113t\u012bja\u00a0 lielk\u0146azes\u00a0 Olgas\u00a0 p\u0113das\u00a0 Latvij\u0101,\u00a0 kur\u00a0 vi\u0146a\u00a0 bija\u00a0 atb\u0113gusi\u00a0 ar\u00a0 sarkano\u00a0 latvie\u0161u\u00a0 str\u0113lnieku\u00a0 Purvinski,\u00a0 ar\u00a0 kuru\u00a0 v\u0113l\u0101k\u00a0 apprec\u0113jusies\u00a0 un\u00a0 piedzimu\u0161i\u00a0 divi\u00a0 b\u0113rni.\u00a0 Ta\u010du\u00a0 lielk\u0146azes\u00a0 p\u0113cte\u010du \u00a0\u00a0anal\u012bze\u00a0 radniec\u012bbas\u00a0 noteik\u0161anai\u00a0 bijusi\u00a0 negat\u012bva.\u00a0 Pa\u0161u\u00a0 vi\u0146u\u00a0 latvie\u0161u\u00a0 radi\u00a0 ievietoju\u0161i\u00a0 psihiatriskaj\u0101\u00a0 iest\u0101d\u0113,\u00a0 kur\u00a0 nacistu\u00a0 rokaspui\u0161i,\u00a0 dom\u0101jams,\u00a0 no\u00a0 latvie\u0161u\u00a0 pal\u012bgpolicijas,\u00a0 vi\u0146u\u00a0 no\u0161\u0101vu\u0161i\u00a0 1940.gada\u00a0 vasar\u0101. \u00a0Viena\u00a0 no\u00a0 versij\u0101m\u00a0 bija,\u00a0 ka\u00a0 b\u0113rni\u00a0 samain\u012bti<\/span><\/p>\n<p><span style=\"color: #003300;\">P\u0113c \u00a0k\u0101da\u00a0 laika\u00a0 I.\u0136ezbers\u00a0 pieteic\u0113ju\u00a0 inform\u0113ja,\u00a0 ka\u00a0 k\u0101dam\u00a0 no\u00a0 manas\u00a0 sievas\u00a0 asinsradiniekiem\u00a0 izdar\u012bta \u00a0nepiecie\u0161am\u0101\u00a0 anal\u012bze\u00a0 &#8212;\u00a0 j\u0101, vi\u0146as\u00a0 m\u0101te\u00a0 esot\u00a0 viens\u00a0 no\u00a0 lielk\u0146azei\u00a0 nozagtajiem\u00a0 b\u0113rniem.\u00a0 Ta\u010du\u00a0 dr\u012bz\u00a0 I.\u0136ezbers\u00a0 aizbrauca\u00a0 komand\u0113jum\u0101\u00a0 uz\u00a0 Strasb\u016bru\u00a0 un\u00a0 neatgriez\u0101s.<\/span><\/p>\n<p><span style=\"color: #003300;\">Iev\u0113rojot\u00a0 nupat\u00a0 sac\u012bto,\u00a0 pieteic\u0113ja\u00a0 \u0123imenes\u00a0 dro\u0161\u012bbas\u00a0 interes\u0113s,\u00a0 pieteic\u0113js\u00a0 p\u0113d\u0113jo\u00a0 m\u0113ne\u0161u\u00a0 laik\u0101\u00a0 par\u00a0 atrastajiem\u00a0 Olgas Romanovas\u00a0 p\u0113cte\u010diem\u00a0\u00a0\u00a0 inform\u0113ja\u00a0 vair\u0101kas\u00a0 Rietumu\u00a0 valstu\u00a0\u00a0\u00a0 v\u0113stniec\u012bbas\u00a0 (ASV, Francijas, Polijas, \u010cehijas,\u00a0 Lietuvas un da\u017eas\u00a0 citas).\u00a0 Nav\u00a0 dom\u0101jams,\u00a0 ka\u00a0 v\u0113stnieki\u00a0 par\u00a0 tik\u00a0 sensacion\u0101lu\u00a0 habilit\u0113ta\u00a0 v\u0113stures\u00a0 doktora\u00a0 inform\u0101ciju\u00a0 neb\u016btu\u00a0 inform\u0113ju\u0161i\u00a0 LR \u0100rlietu\u00a0 ministriju.\u00a0 Ne pieteic\u0113ja\u00a0\u00a0 sieva,\u00a0 ne\u00a0 pieteic\u0113js\u00a0 nav\u00a0 sa\u0146\u0113mis\u00a0 l\u016bgto\u00a0 mor\u0101lo\u00a0 atbalstu,\u00a0 lai\u00a0 p\u0101rtrauktu\u00a0 aizmuguriskas\u00a0 soda\u00a0 psihiatrijas\u00a0 pielieto\u0161anu\u00a0 pret\u00a0 vi\u0146u.\u00a0 Nupat\u00a0 teiktais\u00a0 pier\u0101da,\u00a0 ka\u00a0 aizmugurisk\u0101\u00a0 soda\u00a0 psihiatrija\u00a0 pret\u00a0 iesniedz\u0113ju\u00a0 tiek\u00a0 pielietota\u00a0 vismaz\u00a0 LR \u0100rlietu\u00a0 ministrij\u0101,\u00a0 noziedz\u012bg\u0101\u00a0 grup\u0101\u00a0 ar\u00a0 Augst\u0101k\u0101s\u00a0 tiesas\u00a0 priek\u0161s\u0113d\u0113t\u0101ju\u00a0 I.Bi\u010dkovi\u010du\u00a0 un\u00a0 vi\u0146a\u00a0 vietnieku\u00a0 P.Dzalbi.<\/span><\/p>\n<p><span style=\"color: #003300;\"> \u0145emot\u00a0 v\u0113r\u0101\u00a0 visu\u00a0 augst\u0101k\u00a0 min\u0113to\u00a0 l\u016bdzu\u00a0 Administrat\u012bvo\u00a0 rajona\u00a0 tiesu : <\/span><\/p>\n<p><span style=\"color: #003300;\"> 1. Atbilsto\u0161i\u00a0\u00a0 Administrat\u012bv\u0101\u00a0 procesa \u00a0likuma \u00a0burtam\u00a0 un\u00a0 garam\u00a0 l\u016bdzu\u00a0 \u00a0pie\u0146emt\u00a0 tiesved\u012bb\u0101 \u00a0iesniedz\u0113ja \u00a0\u00a0pras\u012bjumu\u00a0 pret\u00a0 ministru\u00a0 prezidentu\u00a0 V.Dombovski \u00a0un\u00a0 Augst\u0101k\u0101s\u00a0 tiesas\u00a0 Tiesne\u0161u\u00a0 disciplin\u0101rkol\u0113\u0123ijas\u00a0 priek\u0161s\u0113d\u0113t\u0101ju \u00a0\u00a0P.Dzalbi\u00a0 par\u00a0 atteik\u0161anos\u00a0 izskat\u012bt\u00a0 iesniedz\u0113ja\u00a0 \u0161.g. 7.maija\u00a0 \u201eL\u016bgumu\u00a0 atjaunot\u00a0 tiesiskumu\u00a0 un\u00a0 Latvijas\u00a0 Republikas\u00a0 likumu\u00a0 iev\u0113ro\u0161anu\u00a0 Latvijas\u00a0 valsts\u00a0 iest\u0101\u017eu\u00a0 un\u00a0 tiesu\u00a0 darb\u012bb\u0101 \u2013 attiec\u012bb\u0101s\u00a0 ar\u00a0 iesnieguma\u00a0 autoru\u201d,\u00a0 lai\u00a0 nodro\u0161in\u0101tu\u00a0 iesniedz\u0113ja\u00a0 un\u00a0 valsts\u00a0 un\u00a0 sabiedr\u012bbas\u00a0 interes\u0113m\u00a0 noz\u012bm\u012bg\u0101\u00a0 iesnieguma\u00a0 izskat\u012b\u0161anu\u00a0 p\u0113c\u00a0 b\u016bt\u012bbas. <\/span><\/p>\n<p><span style=\"color: #003300;\">2. L\u016bdzu\u00a0 inform\u0113t\u00a0\u00a0 Latvijas Republikas\u00a0 Augst\u0101k\u0101s\u00a0 tiesas\u00a0 priek\u0161s\u0113d\u0113t\u0101ju\u00a0 I.Bi\u010dkovi\u010du\u00a0 par\u00a0 Augst\u0101k\u0101s\u00a0 tiesas\u00a0 priek\u0161s\u0113d\u0113t\u0101ja\u00a0 vietnieka\u00a0 un\u00a0 Tiesne\u0161u\u00a0 disciplin\u0101rkol\u0113\u0123ijas\u00a0 priek\u0161s\u0113d\u0113t\u0101ja\u00a0 P.Dzalbes\u00a0 veiktajiem\u00a0 smagajiem\u00a0 krimin\u0101lnodar\u012bjumiem,\u00a0 kuri\u00a0 pier\u0101d\u012bti\u00a0 iesnieguma\u00a0 punkt\u0101 3.2,\u00a0 un\u00a0 atcelt\u00a0 savu\u00a0 l\u0113mumu\u00a0\u00a0 neizskat\u012bt\u00a0 pieteic\u0113ja\u00a0 2011. gada\u00a0 10. marta\u00a0 iesniegumu, atz\u012bstot\u00a0\u00a0 min\u0113to\u00a0 l\u0113mumu\u00a0 par\u00a0 sp\u0113k\u0101\u00a0 neeso\u0161u\u00a0 kop\u0161\u00a0 pie\u0146em\u0161anas\u00a0 br\u012b\u017ea.<\/span><\/p>\n<p><span style=\"color: #003300;\">3. L\u016bdzu\u00a0 virz\u012bt\u00a0 p\u0113c\u00a0 piekrit\u012bbas\u00a0 iesniedz\u0113ja\u00a0 krimin\u0101lpras\u012bbas\u00a0 pret\u00a0 \u00a0Saeimas\u00a0 Izgl\u012bt\u012bbas,\u00a0 kult\u016bras\u00a0 un\u00a0 zin\u0101tnes\u00a0 komisijas\u00a0 priek\u0161s\u0113d\u0113t\u0101ju\u00a0<span style=\"color: #ff0000;\"><strong> Inu <\/strong><\/span><span style=\"color: #ff0000;\"><strong>Druvieti <\/strong><\/span> (punkts 2.4.), \u00a0izgl\u012bt\u012bbas\u00a0 un\u00a0 zin\u0101tnes\u00a0 ministru <span style=\"color: #ff0000;\"><strong>R. \u0136\u012bli <\/strong><\/span>(punkts 4.3.),\u00a0 kult\u016bras\u00a0 ministri\u00a0 <span style=\"color: #ff0000;\"><strong>\u017d.Jaunzemi-Grendi <\/strong><\/span> un\u00a0 tieslietu\u00a0 ministru <span style=\"color: #ff0000;\"><strong>G.B\u0113rzi\u0146u<\/strong><\/span> (punkts\u00a0 4.2-4.3.),\u00a0 Valsts prezidenta\u00a0 kancelejas\u00a0 vad\u012bt\u0101ju\u00a0<span style=\"color: #ff0000;\"><strong> G.Daudzi <\/strong><\/span> un\u00a0 Valsts prezidenta\u00a0 padomnieku<span style=\"color: #ff0000;\"><strong> J.Maiz\u012bti <\/strong><\/span>(punkts 2.3.),\u00a0 Valsts prezidenta\u00a0 padomnieku\u00a0 v\u0113stures\u00a0 jaut\u0101jumos<span style=\"color: #ff0000;\"><strong> A.Zundu <\/strong><\/span>( punkts 1.2.), \u0122ener\u0101lprokurat\u016bras\u00a0 prokurori\u00a0<span style=\"color: #ff0000;\"><strong> L Dadz\u012bti,<\/strong><\/span> \u0123ener\u0101lprokuroru\u00a0 <span style=\"color: #ff0000;\"><strong>\u0112. Kalnmeieru <\/strong><\/span> un\u00a0 biju\u0161o\u00a0 \u0123ener\u0101lprokuroru\u00a0<span style=\"color: #ff0000;\"><strong> J.Maiz\u012bti <\/strong><\/span>(punkts 2.2.),\u00a0 biju\u0161o\u00a0 izgl\u012bt\u012bbas\u00a0 ministru\u00a0<span style=\"color: #ff0000;\"><strong> M.Gr\u012bnblatu <\/strong><\/span>(punkts 2.7.),\u00a0 Valsts\u00a0 kancelejas direktori\u00a0 <span style=\"color: #ff0000;\"><strong>E.Dreimani<\/strong><\/span> un\u00a0 juriskonsulti<span style=\"color: #ff0000;\"><strong> Z.Kurmi\u0146u<\/strong><\/span>,\u00a0 k\u0101\u00a0 ar\u012b\u00a0 ministru prezidenta\u00a0 padomnieci\u00a0 <span style=\"color: #ff0000;\"><strong>B.S\u0113j\u0101ni<\/strong><\/span> (punkti 4.1.-4.4.).<\/span><\/p>\n<p><span style=\"color: #003300;\"><em> (Indulis\u00a0 Ronis)<\/em><\/span><\/p>\n","protected":false},"excerpt":{"rendered":"<p>LATVIJA- S\u0100TANISTU PER\u0112KLIS MIGLA SARKAN\u0100- NOL\u0100D\u0112T\u0100 &#8220;Ar\u00a0 1995. gada\u00a0 pavasari\u00a0 s\u0101k\u0101s\u00a0 iesniedz\u0113ja\u00a0 apmelo\u0161anas\u00a0 kampa\u0146a\u00a0 par\u00a0 psihiski\u00a0 slimu\u00a0 ar\u012b\u00a0 LU\u00a0 Latvijas\u00a0 v\u0113stures\u00a0 instit\u016bt\u0101.\u00a0 K\u0101du\u00a0 r\u012btu\u00a0 p\u0113c\u00a0 R.V\u012bksnes\u00a0 l\u016bguma\u00a0 grupa\u00a0 instit\u016bta\u00a0 darbinieku (V.M.B\u0113rzi\u0146\u0161, I.Lo\u010dmelis,\u00a0 A.Vasks) ,\u00a0&#46;&#46;&#46;<\/p>\n","protected":false},"author":1,"featured_media":0,"comment_status":"open","ping_status":"open","sticky":false,"template":"","format":"standard","meta":[],"categories":[1],"tags":[],"_links":{"self":[{"href":"https:\/\/tautastribunals.eu\/index.php?rest_route=\/wp\/v2\/posts\/13504"}],"collection":[{"href":"https:\/\/tautastribunals.eu\/index.php?rest_route=\/wp\/v2\/posts"}],"about":[{"href":"https:\/\/tautastribunals.eu\/index.php?rest_route=\/wp\/v2\/types\/post"}],"author":[{"embeddable":true,"href":"https:\/\/tautastribunals.eu\/index.php?rest_route=\/wp\/v2\/users\/1"}],"replies":[{"embeddable":true,"href":"https:\/\/tautastribunals.eu\/index.php?rest_route=%2Fwp%2Fv2%2Fcomments&post=13504"}],"version-history":[{"count":23,"href":"https:\/\/tautastribunals.eu\/index.php?rest_route=\/wp\/v2\/posts\/13504\/revisions"}],"predecessor-version":[{"id":66015,"href":"https:\/\/tautastribunals.eu\/index.php?rest_route=\/wp\/v2\/posts\/13504\/revisions\/66015"}],"wp:attachment":[{"href":"https:\/\/tautastribunals.eu\/index.php?rest_route=%2Fwp%2Fv2%2Fmedia&parent=13504"}],"wp:term":[{"taxonomy":"category","embeddable":true,"href":"https:\/\/tautastribunals.eu\/index.php?rest_route=%2Fwp%2Fv2%2Fcategories&post=13504"},{"taxonomy":"post_tag","embeddable":true,"href":"https:\/\/tautastribunals.eu\/index.php?rest_route=%2Fwp%2Fv2%2Ftags&post=13504"}],"curies":[{"name":"wp","href":"https:\/\/api.w.org\/{rel}","templated":true}]}}