{"id":12509,"date":"2013-01-15T10:21:17","date_gmt":"2013-01-15T08:21:17","guid":{"rendered":"http:\/\/tautastribunals.eu\/?p=12509"},"modified":"2013-01-15T10:21:17","modified_gmt":"2013-01-15T08:21:17","slug":"par-v-busmani-un-teroru","status":"publish","type":"post","link":"https:\/\/tautastribunals.eu\/?p=12509","title":{"rendered":"Par V. Bu\u0161mani un teroru"},"content":{"rendered":"<p><span style=\"color: #003300;\"><img decoding=\"async\" loading=\"lazy\" class=\"alignleft size-full wp-image-12510\" title=\"Vilnis-Bu\u0161manis1\" src=\"http:\/\/tautastribunals.eu\/wp-content\/uploads\/2013\/01\/Vilnis-Bu\u0161manis11.jpg\" alt=\"Vilnis-Bu\u0161manis1\" width=\"118\" height=\"176\" \/>V\u0113sture neatk\u0101rtojas ? <\/span><\/p>\n<p><span style=\"color: #003300;\">Un k\u0101 v\u0113l atk\u0101rtojas ! <strong> <\/strong><\/span><\/p>\n<p><span style=\"color: #003300;\"><strong>Bo\u013c\u0161evisms Eirop\u0101<\/strong> ze\u013c un plaukst, tikai zem cit\u0101m izk\u0101rtn\u0113m. Zem t\u0101 saucamaj\u0101m cilv\u0113kties\u012bb\u0101m var <strong>\u201epab\u0101zt\u201d<\/strong> visu, ko vien sirds v\u0113las. Un kas tad tie <strong>\u201eb\u0101z\u0113ji\u201d<\/strong> ir ? Tie ir tie pa\u0161i <strong>cionistu mazb\u0113rni<\/strong> un <strong>mazmazb\u0113rni<\/strong>&#8211; <strong>biedri komunisti<\/strong>. \u0160ie s\u0101taniskie rad\u012bjumi ir sal\u012bdu\u0161i vis\u0101s iesp\u0113jam\u0101s \u0161\u0137irb\u0101s ne tikai <strong>Latvij\u0101,<\/strong> bet vis\u0101 <strong>Eirop\u0101<\/strong>. Ja k\u0101ds s\u0101k pret vi\u0146iem buntoties, tad izr\u0113\u0137in\u0101\u0161an\u0101s ar \u0161iem buntavniekiem no cionistu- komunistu puses ir neizb\u0113gama. To es esmu pieredz\u0113jis un pieredzu v\u0113l \u0161odien uz savas \u0101das, to ar\u012b <strong>V. Bu\u0161manis <\/strong>izj\u016bt. Terors \u0161im cilv\u0113kam ir v\u0113l jo smag\u0101k panesams t\u0101p\u0113c, ka vi\u0146\u0161 ir akls. Un aklu vi\u0146u patais\u012bja neviens cits, k\u0101 cionistu banda, kura sevi uzskata par izredz\u0113tajiem. <strong>V. Bu\u0161manis <\/strong>ar smagu sirds ritma trauc\u0113jumu ir ievietots slimn\u012bc\u0101. \u0100rsti esot sol\u012bju\u0161i ar elektro\u0161oka pal\u012bdz\u012bbu sirds ritmu stabiliz\u0113t. <\/span><\/p>\n<h3><span style=\"color: #003300;\">Jau rakst\u012bju, ka vi\u0146a audio materi\u0101li ir saboj\u0101ti. <\/span><\/h3>\n<p><span style=\"color: #003300;\">Lai piespiestu vi\u0146u<strong> \u201elabpr\u0101t\u012bgi\u201d<\/strong> piekrist <strong>\u201eizraid\u012bties\u201d<\/strong> uz <strong>Latviju<\/strong>, tiek pielietoti pr\u0101tam neaptverami terora akti. N\u0101kamaj\u0101 dien\u0101 p\u0113c audio materi\u0101lu saboj\u0101\u0161anas, noticis n\u0101ko\u0161ais psiho uzbrukums. Kam\u0113r <strong>V. Bu\u0161manis<\/strong> du\u0161ojies, vi\u0146a istab\u0101 visa gr\u012bda pie\u0137\u0113z\u012bta ar vec\u0101m \u0113dienu paliek\u0101m un smirdo\u0161u ga\u013cu. <strong>Vi\u013c\u0146a <\/strong>istabas biedrs, kuram ir sirds probl\u0113mas un vajadz\u012bgs vienm\u0113r svaigs gaiss, sac\u0113lis trauksmi pa visu pansion\u0101tu. Ieradies ar\u012b pats p\u0101rvaldnieks un <strong>Bu\u0161manim<\/strong> sac\u012bjis, ka vi\u0146a d\u0113\u013c iesp\u0113jams, zaud\u0113s darbu. Cik noprotams, tad ar\u012b pret vi\u0146u tiek v\u0113rsts spiediens. No k\u0101, nav gr\u016bti iedom\u0101ties. <\/span><\/p>\n<p><span style=\"color: #003300;\">N\u0101kamaj\u0101 dien\u0101 esot izlauztas un salauztas skapja durvis, t\u0101 liekot noprast, ka<strong> Bu\u0161manis <\/strong>palicis nepieskait\u0101ms. P\u0113c tam uz vi\u0146a naktsskap\u012b\u0161a rad\u0101s z\u012bme, uz kuras bija rakst\u012bts, ka vi\u0146am j\u0101pazvana uz <strong>R\u012bgu, Emigration Center Riga,\u00a0 tel. nr. 67829710. <\/strong>Pirmdien sazin\u0101jos ar \u0161o <strong>\u201ecentru\u201d.<\/strong> Man pazi\u0146oja, ka neko par t\u0101du <strong>V. Bu\u0161mani <\/strong>nezinot. T\u0101da, l\u016bk, tad ar\u012b izskat\u0101s t\u0101 izdaudzin\u0101t\u0101 <strong>\u201ecilv\u0113kties\u012bbu sabiedr\u012bba\u201d.<\/strong> <\/span><\/p>\n<p><span style=\"color: #003300;\">Vienu v\u0113l gribu piebilst: es savos 62 gados esmu \u013coti, \u013coti daudz sask\u0101ries ar \u0161iem <strong>s\u0101taniskajiem od\u017eu izdzimumiem.<\/strong> Nerun\u0101\u0161u pla\u0161i, tikai lik\u0161u katram aizdom\u0101ties. K\u0101 un ar k\u0101du sp\u0113ku pal\u012bdz\u012bbu <strong>V\u0101cij\u0101<\/strong> \u0161odien abi <strong>\u201egalvenie\u201d <\/strong>cilv\u0113ki, kanclere un prezidents, kuri n\u0101k no biju\u0161\u0101s <strong>DDR<\/strong>, ir tiku\u0161i varas spic\u0113<strong> <\/strong>? <\/span><\/p>\n<p><span style=\"color: #003300;\">Kas tad ar ko apvienoj\u0101s, <strong>VFR <\/strong>ar<strong> DDR<\/strong> vai <strong>DDR <\/strong>ar <strong>VFR ?<\/strong> <\/span><\/p>\n<p><span style=\"color: #003300;\">Ja zin\u0101m, ka <strong>Putins<\/strong> bija viens no galvenajiem<strong> KGB<\/strong> nagu mauc\u0113jiem<strong> Maskavas<\/strong> p\u0101rvald\u012btaj\u0101 <strong>DDR<\/strong>, tad daudzas lietas k\u013c\u016bst saprotamas, bet run\u0101t par t\u0101m ir b\u012bstami&#8230; . Bet <strong>LRTT<\/strong> run\u0101s ar un par \u0161iem <strong>od\u017eu dzimumiem<\/strong>. Tikai uz cilv\u0113ku bail\u0113m turas vi\u0146u varen\u012bba, bet ne uz vi\u0146u mor\u0101li.<\/span><\/p>\n<p><span style=\"color: #003300;\"> <\/span><\/p>\n<p><span style=\"color: #003300;\">L. Granti\u0146\u0161\u00a0 15.01.13.<\/span><\/p>\n","protected":false},"excerpt":{"rendered":"<p>V\u0113sture neatk\u0101rtojas ? Un k\u0101 v\u0113l atk\u0101rtojas ! Bo\u013c\u0161evisms Eirop\u0101 ze\u013c un plaukst, tikai zem cit\u0101m izk\u0101rtn\u0113m. Zem t\u0101 saucamaj\u0101m cilv\u0113kties\u012bb\u0101m var \u201epab\u0101zt\u201d visu, ko vien sirds v\u0113las. Un kas tad tie \u201eb\u0101z\u0113ji\u201d ir&#46;&#46;&#46;<\/p>\n","protected":false},"author":1,"featured_media":0,"comment_status":"open","ping_status":"open","sticky":false,"template":"","format":"standard","meta":[],"categories":[1],"tags":[],"_links":{"self":[{"href":"https:\/\/tautastribunals.eu\/index.php?rest_route=\/wp\/v2\/posts\/12509"}],"collection":[{"href":"https:\/\/tautastribunals.eu\/index.php?rest_route=\/wp\/v2\/posts"}],"about":[{"href":"https:\/\/tautastribunals.eu\/index.php?rest_route=\/wp\/v2\/types\/post"}],"author":[{"embeddable":true,"href":"https:\/\/tautastribunals.eu\/index.php?rest_route=\/wp\/v2\/users\/1"}],"replies":[{"embeddable":true,"href":"https:\/\/tautastribunals.eu\/index.php?rest_route=%2Fwp%2Fv2%2Fcomments&post=12509"}],"version-history":[{"count":3,"href":"https:\/\/tautastribunals.eu\/index.php?rest_route=\/wp\/v2\/posts\/12509\/revisions"}],"predecessor-version":[{"id":12513,"href":"https:\/\/tautastribunals.eu\/index.php?rest_route=\/wp\/v2\/posts\/12509\/revisions\/12513"}],"wp:attachment":[{"href":"https:\/\/tautastribunals.eu\/index.php?rest_route=%2Fwp%2Fv2%2Fmedia&parent=12509"}],"wp:term":[{"taxonomy":"category","embeddable":true,"href":"https:\/\/tautastribunals.eu\/index.php?rest_route=%2Fwp%2Fv2%2Fcategories&post=12509"},{"taxonomy":"post_tag","embeddable":true,"href":"https:\/\/tautastribunals.eu\/index.php?rest_route=%2Fwp%2Fv2%2Ftags&post=12509"}],"curies":[{"name":"wp","href":"https:\/\/api.w.org\/{rel}","templated":true}]}}