{"id":12478,"date":"2013-01-12T23:23:45","date_gmt":"2013-01-12T21:23:45","guid":{"rendered":"http:\/\/tautastribunals.eu\/?p=12478"},"modified":"2013-01-13T11:52:57","modified_gmt":"2013-01-13T09:52:57","slug":"terors-pret-vilni-busmani","status":"publish","type":"post","link":"https:\/\/tautastribunals.eu\/?p=12478","title":{"rendered":"Terors pret Vilni Bu\u0161mani"},"content":{"rendered":"<h2><span style=\"color: #003300;\">Cionistu agresija turpin\u0101s<\/span><\/h2>\n<p><span style=\"color: #003300;\"> <\/span><\/p>\n<p><span style=\"color: #003300;\"><img decoding=\"async\" loading=\"lazy\" class=\"alignleft size-full wp-image-12480\" title=\"LRTT 1\" src=\"http:\/\/tautastribunals.eu\/wp-content\/uploads\/2013\/01\/LRTT-1.bmp\" alt=\"LRTT 1\" width=\"71\" height=\"71\" \/>Jau rakst\u012bj\u0101m, ka tiek m\u0113\u0123in\u0101ts<strong> Vilni Bu\u0161mani <em>\u201eno\u0146emt no skatuves\u201d.<\/em><\/strong> P\u0113d\u0113j\u0101s tik\u0161an\u0101s reiz\u0113 mums mel\u012bgi pazi\u0146oja, ka<strong> Bu\u0161manis<\/strong> neatrodas iest\u0101d\u0113, kur\u0101 l\u012bdz \u0161im vi\u0146\u0161 tika mitin\u0101ts. <\/span><\/p>\n<h3><span style=\"color: #003300;\">Tie izr\u0101d\u012bj\u0101s meli. <\/span><\/h3>\n<p><span style=\"color: #003300;\"><strong>Vilni Bu\u0161mani<\/strong> grib dab\u016bt<strong> Latvijas<\/strong> iest\u0101des sav\u0101 <strong><em>\u201eapg\u0101d\u012bb\u0101\u201d. <\/em><\/strong>Iemesls tam ir nep\u0101rprotams:<strong> Vilnis B\u016b\u0161manis <\/strong>ir noziedzies pret cionistiem <img decoding=\"async\" loading=\"lazy\" class=\"alignleft size-full wp-image-12481\" title=\"Vilnis-Bu\u0161manis\" src=\"http:\/\/tautastribunals.eu\/wp-content\/uploads\/2013\/01\/Vilnis-Bu\u0161manis1.jpg\" alt=\"Vilnis-Bu\u0161manis\" width=\"129\" height=\"191\" \/>atk\u0101rtoti, jo past\u0101st\u012bja sabiedr\u012bbai, kas notiek ar tiem, kuri nepiekr\u012bt vi\u0146u <strong><em>\u201eprogrammai\u201d.<\/em> <\/strong><\/span><a href=\"http:\/\/www.youtube.com\/watch?v=9UwavBlITzs\">http:\/\/www.youtube.com\/watch?v=9UwavBlITzs<\/a><span style=\"color: #003300;\"><strong> V. Bu\u0161manis<\/strong> ir kategoriski pret izraid\u012b\u0161anu uz<strong> Latviju<\/strong>, jo saprot, ka t\u0101 vi\u0146am ir dro\u0161a n\u0101ve, t\u0101p\u0113c, ka <strong>Latvija<\/strong> ir<span style=\"text-decoration: underline;\"> piln\u012bg\u0101 cionistu un krievu \u0161ovinistu var\u0101<\/span>. <\/span><\/p>\n<p>FOTO: <span style=\"color: #ff0000;\"><em>Vilnis Bu\u0161manis<\/em><\/span>.<\/p>\n<p><span style=\"color: #003300;\">Ar brut\u0101lu varu v\u0101cu iest\u0101d\u0113m, k\u0101 redzams, ne visai gribas tikt va\u013c\u0101 no \u0161\u012b nev\u0113lam\u0101 liecinieka, t\u0101p\u0113c tiek veiktas <strong>KGBiskas<\/strong> metodes<em>(teroriz\u0113\u0161ana).<\/em> Pirms piec\u0101m dien\u0101m <strong>V. Bu\u0161manis<\/strong> man pazi\u0146oja, ka visi vi\u0146a audio materi\u0101li ir aplieti ar \u016bdeni un kaut ko smilt\u012bm l\u012bdz\u012bgu. <strong>Vilnis Bu\u0161manis, <\/strong>atrodoties cionistu sp\u012bdzin\u0101\u0161anas kamer\u0101s, ir zaud\u0113jis redzi, t\u0101p\u0113c audio materi\u0101li vi\u0146am ir \u013coti svar\u012bgi. Aizvakar<em>(10.01.13.)<\/em> <strong>V. \u00a0Bu\u0161manis<\/strong> atkal zvan\u012bja un pazi\u0146oja, ka ir uzradies nervozs bezmiegs<em>(interesani k\u0101p\u0113c?) <\/em>un lielas s\u0101pes sirds rajon\u0101. \u0160aj\u0101 sakar\u0101 <strong>Vilnis<\/strong> piepras\u012bjis apkalpojo\u0161ajam person\u0101lam, lai vi\u0146u ievieto slimn\u012bc\u0101. <\/span><\/p>\n<p><span style=\"color: #003300;\"><img decoding=\"async\" loading=\"lazy\" class=\"alignleft size-full wp-image-12482\" title=\"Jakob Augstein\" src=\"http:\/\/tautastribunals.eu\/wp-content\/uploads\/2013\/01\/Jakob-Augstein.jpg\" alt=\"Jakob Augstein\" width=\"129\" height=\"396\" \/>\u0160odien biju aizg\u0101jis uz bezpajumtnieku iest\u0101di, kur\u0101 vi\u0146\u0161 tiek tur\u0113ts un uzzin\u0101ju, ka <strong>Bu\u0161manis<\/strong> ir ievietots slimn\u012bc\u0101. R\u012bt(13.01.13.) apmekl\u0113\u0161u <strong>Bu\u0161mani<\/strong> un lik\u0161u saprast \u201eiest\u0101d\u0113m\u201d, ka \u0161is teroristiskais incidents, kur\u0161 ir veikts ar attiec\u012bgu iest\u0101\u017eu zi\u0146u, bez iev\u0113r\u012bbas netiks atst\u0101ts. <\/span><\/p>\n<h3><span style=\"color: #003300;\">K\u0101 redzams, tad <strong>LRTT <\/strong>attiec\u012bbas ar\u012b ar <strong>V\u0101cijas dro\u0161\u012bbas iest\u0101d\u0113m<\/strong> draud nopietni saasin\u0101ties. <\/span><\/h3>\n<p>FOTO:<span style=\"color: #ff0000;\"><em> V\u0101cu \u017eurn\u0101lists Jakobs Aug\u0161teins<\/em><\/span>.<\/p>\n<p><span style=\"color: #003300;\">Nep\u0101rprotami, <strong>Vi\u013c\u0146a Bu\u0161ma\u0146a<em> \u201est\u0101st\u012bjums\u201d<\/em><\/strong> ir saniknojis<strong> PAREIZOS<\/strong> pasaules valdniekus. <strong>V\u0101cij\u0101,<\/strong> k\u0101 zin\u0101m, par<strong> IZREDZ\u0112T\u0100S <\/strong>tautas<em> \u201edarbiem<\/em>\u201d run\u0101t nav <strong>&#8220;mod\u0113&#8221;.<\/strong> \u0160aj\u0101 sakar\u0101 es jums <strong>\u201epar\u0101d\u012b\u0161u\u201d <\/strong>mazu piem\u0113ru, k\u0101 tiek apklusin\u0101ta jebkura v\u0113lme run\u0101t par noziegumiem, kurus veic <strong>PAREIZIE<\/strong>, kas nekad nek\u013c\u016bd\u0101s. <\/span><\/p>\n<p><span style=\"color: #003300;\">Laikraksta izgriezums: k\u0101dam v\u0101cu \u017eurn\u0101listam <strong><em>(Jakob Augstein) <\/em>V\u012bzent\u0101la centrs<\/strong>, ar viceprezidentu <strong>Abrahamu Cooper<\/strong> priek\u0161gal\u0101, izvirza aps\u016bdz\u012bbu antisem\u012btism\u0101, jo esot p\u0101rk\u0101pis pie\u013caujamo robe\u017eu \u0161aj\u0101<strong> LIET\u0100<\/strong> un pat ierindo vi\u0146u dev\u012btaj\u0101 viet\u0101<em>(interesanti, kuri ir tie pirmie asto\u0146i \u201e\u013caundari\u201d?).<\/em> Toties <strong>V\u0101cijas \u017e\u012bdu Centr\u0101l\u0101 Padome<\/strong> uzskata \u0161o <strong>V\u012bzent\u0101la centra<\/strong> aps\u016bdz\u012bbu par p\u0101rsp\u012bl\u0113tu.\u00a0 T\u0101tad<strong>, \u201ecaur pu\u0137\u0113m\u201d<\/strong> tiek nep\u0101rprotami pateikts: <strong>\u201eTuriet muti, fri\u010di, \u0161odien \u0101brahami nosaka to, kas ir pareizi un kas ne!\u201d<\/strong><\/span><\/p>\n<p><span style=\"color: #003300;\"> <\/span><\/p>\n<p><span style=\"color: #003300;\">T\u0101p\u0113c jau ar\u012b retais \u017eurn\u0101lists uzdro\u0161in\u0101s kaut ko bilst pret <strong>\u201eizredz\u0113t\u0101s tautas\u201d<\/strong> darbiem, jo nevar zin\u0101t <strong>\u201eto\u201d<\/strong> robe\u017eu, kad<strong> TEVI <\/strong>var padz\u012bt no darba vai pat <strong>\u201eies\u0113din\u0101t\u201d.<\/strong> <\/span><\/p>\n<p><span style=\"color: #003300;\">Bija ar\u012b t\u0101ds paz\u012bstams politi\u0137is <strong>Jurgens Millemans, <\/strong>kur\u0161 izdeva bro\u0161\u016bru par <strong>Izra\u0113las <em>\u201evaro\u0146darbiem\u201d&#8230; <\/em><\/strong>. Vi\u0146a hobijs bija izpl\u0113t\u0146l\u0113k\u0161ana. K\u0101du dienu vi\u0146\u0161 k\u0101 tomohauka ra\u0137ete, kas palaista no <strong>Mosad lidapar\u0101ta<\/strong> uz k\u0101du hamazistu auto, ietriec\u0101s v\u0101cu zemnieka kukur\u016bzas lauk\u0101. Toreiz av\u012bzes cent\u0101s to pasniegt k\u0101 pa\u0161n\u0101v\u012bbu. Bet pirms p\u0101ris gadiem <strong>\u201esav\u0101m aus\u012bm\u201d<\/strong> dzird\u0113ju<strong> TV<\/strong> zi\u0146\u0101s, ka<strong> Millema\u0146a<\/strong> izpl\u0113t\u0146i ir biju\u0161i<strong> \u201emanipul\u0113ti\u201d. <\/strong><\/span><\/p>\n<p><span style=\"color: #003300;\"><img decoding=\"async\" loading=\"lazy\" class=\"alignleft size-full wp-image-12483\" title=\"Moellemann\" src=\"http:\/\/tautastribunals.eu\/wp-content\/uploads\/2013\/01\/Moellemann.jpg\" alt=\"Moellemann\" width=\"127\" height=\"195\" \/>Un ar\u012b pirms k\u0101diem pieciem gadiem k\u0101ds v\u0101cu \u0123ener\u0101lis at\u013c\u0101v\u0101s pasac\u012bt, ka \u017e\u012bdi nav ciet\u0113ju tauta, bet gan <strong>\u201edar\u012bt\u0101ji\u201d.<\/strong> K\u0101 p\u0113c tam tika rakst\u012bts, tad p\u0113c desmit min\u016bt\u0113m esot atskan\u0113jis telefona zvans un pateikts, ka no \u0161\u012b br\u012b\u017ea j\u016bs vairs neesat \u0123ener\u0101lis. <\/span><\/p>\n<p>FOTO: <span style=\"color: #ff0000;\"><em>V\u0101cu politi\u0137is Jurgens Millemans,<\/em><\/span><span style=\"color: #ff0000;\"><em> kur\u0161 piln\u012bb\u0101 izbaud\u012bja zemes gravit\u0101cijas sp\u0113ku<\/em><\/span>.<\/p>\n<p><span style=\"color: #003300;\">Ilgi jau nevar turpin\u0101ties \u0161is \u017e\u012bdu cionistu terors pret cit\u0101m taut\u0101m. <\/span><\/p>\n<h2><span style=\"color: #003300;\">Visam ir savas robe\u017eas. <\/span><\/h2>\n<p><span style=\"color: #003300;\">M\u0113s ta\u010du jau zin\u0101m to, ka izdaudzin\u0101tais <strong>V\u012bzent\u0101ls<\/strong> nebija nek\u0101ds koncentr\u0101ciju nomet\u0146u moceklis, bet gan krimin\u0101lelements. <\/span><\/p>\n<p><span style=\"color: #003300;\">M\u0113s ar\u012b zin\u0101m to, ka latvie\u0161i ne\u0161\u0101va \u017e\u012bdus, ka t\u0101 ir \u017e\u012bdu un krievu komunistu melu propaganda. <\/span><\/p>\n<p><span style=\"color: #003300;\">Tuv\u0101kaj\u0101 laik\u0101 m\u0113s uzzin\u0101sim v\u0113l daudzas lietas par \u0161o<strong> izredz\u0113to tautu<\/strong> un <strong>komunistu<\/strong> neliet\u012bb\u0101m&#8230; .<\/span><\/p>\n<p><span style=\"color: #003300;\">L. Granti\u0146\u0161\u00a0\u00a0\u00a0\u00a0\u00a0\u00a0\u00a0\u00a0\u00a0\u00a0\u00a0\u00a0\u00a0\u00a0\u00a0\u00a0\u00a0 12.01.13.<br \/>\n<\/span><\/p>\n","protected":false},"excerpt":{"rendered":"<p>Cionistu agresija turpin\u0101s Jau rakst\u012bj\u0101m, ka tiek m\u0113\u0123in\u0101ts Vilni Bu\u0161mani \u201eno\u0146emt no skatuves\u201d. P\u0113d\u0113j\u0101s tik\u0161an\u0101s reiz\u0113 mums mel\u012bgi pazi\u0146oja, ka Bu\u0161manis neatrodas iest\u0101d\u0113, kur\u0101 l\u012bdz \u0161im vi\u0146\u0161 tika mitin\u0101ts. Tie izr\u0101d\u012bj\u0101s meli. Vilni Bu\u0161mani&#46;&#46;&#46;<\/p>\n","protected":false},"author":1,"featured_media":0,"comment_status":"open","ping_status":"open","sticky":false,"template":"","format":"standard","meta":[],"categories":[1],"tags":[],"_links":{"self":[{"href":"https:\/\/tautastribunals.eu\/index.php?rest_route=\/wp\/v2\/posts\/12478"}],"collection":[{"href":"https:\/\/tautastribunals.eu\/index.php?rest_route=\/wp\/v2\/posts"}],"about":[{"href":"https:\/\/tautastribunals.eu\/index.php?rest_route=\/wp\/v2\/types\/post"}],"author":[{"embeddable":true,"href":"https:\/\/tautastribunals.eu\/index.php?rest_route=\/wp\/v2\/users\/1"}],"replies":[{"embeddable":true,"href":"https:\/\/tautastribunals.eu\/index.php?rest_route=%2Fwp%2Fv2%2Fcomments&post=12478"}],"version-history":[{"count":9,"href":"https:\/\/tautastribunals.eu\/index.php?rest_route=\/wp\/v2\/posts\/12478\/revisions"}],"predecessor-version":[{"id":12487,"href":"https:\/\/tautastribunals.eu\/index.php?rest_route=\/wp\/v2\/posts\/12478\/revisions\/12487"}],"wp:attachment":[{"href":"https:\/\/tautastribunals.eu\/index.php?rest_route=%2Fwp%2Fv2%2Fmedia&parent=12478"}],"wp:term":[{"taxonomy":"category","embeddable":true,"href":"https:\/\/tautastribunals.eu\/index.php?rest_route=%2Fwp%2Fv2%2Fcategories&post=12478"},{"taxonomy":"post_tag","embeddable":true,"href":"https:\/\/tautastribunals.eu\/index.php?rest_route=%2Fwp%2Fv2%2Ftags&post=12478"}],"curies":[{"name":"wp","href":"https:\/\/api.w.org\/{rel}","templated":true}]}}