{"id":12023,"date":"2012-12-24T17:18:41","date_gmt":"2012-12-24T15:18:41","guid":{"rendered":"http:\/\/tautastribunals.eu\/?p=12023"},"modified":"2023-10-02T12:37:31","modified_gmt":"2023-10-02T09:37:31","slug":"lrtt-sveic-ziemas-saulgriezos","status":"publish","type":"post","link":"https:\/\/tautastribunals.eu\/?p=12023","title":{"rendered":"LRTT sveic Ziemas saulgrie\u017eos"},"content":{"rendered":"<p><strong><img decoding=\"async\" loading=\"lazy\" class=\"alignleft  wp-image-12024\" title=\"Ziema-5\" src=\"http:\/\/tautastribunals.eu\/wp-content\/uploads\/2012\/12\/Ziema-5.jpg\" alt=\"Ziema-5\" width=\"1560\" height=\"1170\" srcset=\"https:\/\/tautastribunals.eu\/wp-content\/uploads\/2012\/12\/Ziema-5.jpg 620w, https:\/\/tautastribunals.eu\/wp-content\/uploads\/2012\/12\/Ziema-5-300x225.jpg 300w\" sizes=\"(max-width: 1560px) 100vw, 1560px\" \/><span style=\"color: #0000ff;\">Ziemas Saulgrie\u017ei<\/span><\/strong><span style=\"color: #0000ff;\"> latvie\u0161iem bija, ir un ar\u012b b\u016bs noz\u012bm\u012bgi sv\u0113tki.<\/span><\/p>\n<p><span style=\"color: #0000ff;\">Ne jau <strong>&#8220;kristie\u0161i&#8221;<\/strong> bija tie, kuri izgudroja \u0161os sv\u0113tkus. Kristie\u0161u vien\u012bgais <strong>&#8220;nopelns&#8221;<\/strong> ir asinis, n\u0101ve un <strong><span style=\"text-decoration: underline;\">nodev\u012bbas mor\u0101les ievie\u0161ana. <\/span><\/strong><\/span><\/p>\n<p><span style=\"color: #0000ff;\">Tas \u0161odien izpau\u017eas visspilgt\u0101k, jo liel\u0101ks maita, jo di\u017e\u0101ku krustu vi\u0146\u0161 <strong>&#8220;met&#8221;<\/strong> bazn\u012bc\u0101.<\/span><\/p>\n<p><span style=\"color: #0000ff;\">Kristus sac\u012btais ir sagriezts ar <strong><span style=\"text-decoration: underline;\">k\u0101j\u0101m gais\u0101<\/span><\/strong>.<\/span><\/p>\n<p><span style=\"color: #0000ff;\">\u0160odienas <strong>Krist\u012bg\u0101 Bazn\u012bca<\/strong> ir <strong>Dieva<\/strong> un <strong>Kristus<\/strong> teikt\u0101 <strong>V\u0100RDA <\/strong>visliel\u0101k\u0101 zaimot\u0101ja, ar visiem \u0161iem <strong><em>vanagiem<\/em><\/strong>,<strong><em> br\u016bveriem<\/em><\/strong> un <strong><em>rube\u0146iem<\/em><\/strong> priek\u0161gal\u0101.<\/span><\/p>\n<p><em><strong><span style=\"color: #0000ff;\">Dedziniet gai\u0161u guni, \/ Laidiet Dievu istab\u0101:<br \/>\nDievi\u0146\u0161 brauca p\u0101r kalni\u0146u \/ Sudrabotu m\u0113tel\u012bti.<\/span><\/strong><\/em><\/p>\n<p><span style=\"color: #0000ff;\"><br \/>\n<strong>Latvijas Republikas tautas tribun\u0101ls<\/strong> nov\u0113l visiem <strong>PRIEC\u012aGUS SAULGRIE\u017dUS<\/strong>, jaunu un veiksm\u012bgu dabas atmodas ciklu, kur\u0101 mums visiem ir j\u0101dod savs ieguld\u012bjums<strong> Taisn\u012bbas atjauno\u0161an\u0101 sav\u0101 Dzimten\u0113<\/strong> ! <\/span><\/p>\n<p><span style=\"color: #0000ff;\">===========================================<\/span><\/p>\n<p><strong><img decoding=\"async\" loading=\"lazy\" class=\"alignleft  wp-image-12038\" title=\"AA - Kopie\" src=\"http:\/\/tautastribunals.eu\/wp-content\/uploads\/2012\/12\/AA-Kopie.png\" alt=\"AA - Kopie\" width=\"1659\" height=\"232\" srcset=\"https:\/\/tautastribunals.eu\/wp-content\/uploads\/2012\/12\/AA-Kopie.png 950w, https:\/\/tautastribunals.eu\/wp-content\/uploads\/2012\/12\/AA-Kopie-300x42.png 300w, https:\/\/tautastribunals.eu\/wp-content\/uploads\/2012\/12\/AA-Kopie-800x112.png 800w\" sizes=\"(max-width: 1659px) 100vw, 1659px\" \/><\/strong><\/p>\n<h1><span style=\"color: #003300;\">N\u012bd\u012bsim g\u013c\u0113vumu, nodev\u012bbu un tautas mantas izzag\u0161anu. <\/span><\/h1>\n<p><span style=\"color: #003300;\">Nol\u0101d\u0113sim m\u016bsu tautas kapra\u010dus, ar <strong><em>godma\u0146iem,<\/em><\/strong> <strong><em>borovkoviem, \u0101bolti\u0146\u0101m, VVF, zatleriem,<\/em><\/strong> <strong><em>b\u0113rzi\u0146iem<\/em><\/strong> un citiem<strong><em> dombrovskveid\u012bgajiem <\/em><\/strong>priek\u0161gal\u0101, kuri m\u016bsu <strong>Dzimteni<\/strong> ir izzagu\u0161i un latvie\u0161u tautu izdzinu\u0161i sve\u0161um\u0101. <\/span><\/p>\n<p><span style=\"color: #003300;\">J\u0101, latvieti, nol\u0101d\u0113t <strong>\u013caun\u0101 kalpus<\/strong> un kopt sev\u012b<strong> Dievi\u0161\u0137o<\/strong> ir katra god\u012bga cilv\u0113ka pien\u0101kums. <\/span><\/p>\n<p><span style=\"color: #003300;\"><img decoding=\"async\" loading=\"lazy\" class=\"alignleft  wp-image-12071\" title=\"Uldis Freimanis\" src=\"http:\/\/tautastribunals.eu\/wp-content\/uploads\/2012\/12\/Uldis-Freimanis.jpg\" alt=\"Uldis Freimanis\" width=\"186\" height=\"246\" \/>Aizl\u016bgsim \u0161aj\u0101 <strong>Sv\u0113tvakar\u0101<\/strong> par <strong>Uldi Freimani<\/strong>, kuru <strong>4. maija kli\u0137e<\/strong>, ar <strong>DP <\/strong>k\u0101 izpild\u012bt\u0101ju, \u0161ogad noslepkavoja. <\/span><\/p>\n<p><strong>Foto:<\/strong><span style=\"color: #ff0000;\"><em><strong> Uldis Freimanis<\/strong>&#8211; <strong>Reinika<\/strong> kantora upuris. Atmaksa, Uldi, b\u016bs drausm\u012bga \u0161iem komunistiskajiem izdzimte\u0146iem !<br \/>\n<\/em><\/span><\/p>\n<p><span style=\"color: #003300;\">Aizl\u016bgsim ar\u012b par pr\u0101vestu <strong>Andreju Kavaci<\/strong>, kuru tie\u0161i ar t\u0101d\u0101m pa\u0161\u0101m metod\u0113m noziedz\u012bg\u0101 <strong>J\u0101\u0146a Reinika<\/strong> <strong>&#8220;kantoris&#8221;<\/strong> grib\u0113ja noslepkavot, bet ar smagu infarktu tom\u0113r izdev\u0101s izdz\u012bvot.<span style=\"color: #ff0000;\">***<\/span> Noskatoties \u0161ovakar <strong>Andreja Kava\u010da <\/strong>runu sar\u012bkojum\u0101<span style=\"color: #800080;\"><strong> &#8220;<\/strong><\/span><\/span><span style=\"color: #800080;\"><strong>Pr\u0101vesta Andreja Kava\u010da runa sar\u012bkojum\u0101 pret Abrenes atdo\u0161anu Krievijai 2006. gad\u0101&#8221;<\/strong><\/span> <a href=\"http:\/\/www.latvietis.lv\/index.cgi?action=17\">http:\/\/www.latvietis.lv\/index.cgi?action=17<\/a><span style=\"color: #003300;\"> <span style=\"color: #800080;\"><em>(min\u0113taj\u0101 nor\u0101d\u0113 k\u0101 p\u0113d\u0113jais video),<\/em><\/span> m\u0113s saprat\u012bsim <strong>Latvijas <\/strong>un <strong>Krievijas<\/strong> <span style=\"text-decoration: underline;\"><strong>komunistisko izdzimte\u0146u<\/strong><\/span> naidu pret \u0161o cilv\u0113ku. <\/span><\/p>\n<p><span style=\"color: #003300;\">\u012asten\u012bb\u0101, tas ir naids pret <strong>Dievu <\/strong>un <strong>Paties\u012bbu, <\/strong>pret visu<span style=\"text-decoration: underline;\"><strong> gai\u0161o un cilv\u0113c\u012bgo<\/strong><\/span>.<\/span><\/p>\n<p><span style=\"color: #003300;\"><span style=\"color: #ff0000;\">*** <\/span>\u0160odien izdar\u012bt to ir vienk\u0101r\u0161i. <\/span><\/p>\n<p><span style=\"color: #003300;\"> Uz &#8220;nolemto&#8221; personu tiek raid\u012bti attiec\u012bgas frekvences &#8220;vi\u013c\u0146i&#8221;, kuri atloba uzkr\u0101ju\u0161os holester\u012bnu sird\u012b. T\u0101l\u0101kais jau ir saprotams katram&#8230; . <\/span><\/p>\n<p><span style=\"color: #003300;\">Andrejs Kavacis &#8220;fiks\u0113ja&#8221; \u0161o momentu&#8230; .<\/span><\/p>\n<p><span style=\"color: #003300;\">=================================================<\/span><\/p>\n<h1><span style=\"color: #ff0000;\">MIGLA SARKAN\u0100- NOL\u0100D\u0112T\u0100<\/span><\/h1>\n<p><span style=\"color: #003300;\"><span style=\"color: #ff0000;\"><img decoding=\"async\" loading=\"lazy\" class=\"alignleft  wp-image-12048\" title=\"AA 1\" src=\"http:\/\/tautastribunals.eu\/wp-content\/uploads\/2012\/12\/AA-12.png\" alt=\"AA 1\" width=\"1579\" height=\"227\" srcset=\"https:\/\/tautastribunals.eu\/wp-content\/uploads\/2012\/12\/AA-12.png 950w, https:\/\/tautastribunals.eu\/wp-content\/uploads\/2012\/12\/AA-12-300x43.png 300w, https:\/\/tautastribunals.eu\/wp-content\/uploads\/2012\/12\/AA-12-800x115.png 800w\" sizes=\"(max-width: 1579px) 100vw, 1579px\" \/><img decoding=\"async\" loading=\"lazy\" class=\"alignleft size-full wp-image-12049\" title=\"Borovkovs, Godmanis, Vaidere, Vaira V\u012b\u0137e freiberga.\" src=\"http:\/\/tautastribunals.eu\/wp-content\/uploads\/2012\/12\/Borovkovs-Godmanis-Vaidere-Vaira-V\u012b\u0137e-freiberga..JPG\" alt=\"Borovkovs, Godmanis, Vaidere, Vaira V\u012b\u0137e freiberga.\" width=\"619\" height=\"413\" srcset=\"https:\/\/tautastribunals.eu\/wp-content\/uploads\/2012\/12\/Borovkovs-Godmanis-Vaidere-Vaira-V\u012b\u0137e-freiberga..JPG 630w, https:\/\/tautastribunals.eu\/wp-content\/uploads\/2012\/12\/Borovkovs-Godmanis-Vaidere-Vaira-V\u012b\u0137e-freiberga.-300x200.jpg 300w\" sizes=\"(max-width: 619px) 100vw, 619px\" \/><\/span><\/span><\/p>\n<p><strong>Foto:<\/strong><span style=\"color: #003300;\"><span style=\"color: #ff0000;\"> Vienalga, kur un kas notiktu, vai t\u0101 b\u016btu <strong>mauku m\u0101jas<\/strong> atkl\u0101\u0161ana vai juristu san\u0101ksme, bez \u0161\u012b karikat\u016brisk\u0101 latvie\u0161u tautas bendes <strong>A. Borovkova <\/strong>neiztikt !<\/span><\/span><\/p>\n<p><span style=\"color: #003300;\"><span style=\"color: #ff0000;\">Nedosim mieru \u0161iem<strong> S\u0101tana<\/strong> kalpiem pat <strong>SV\u0112TVAKAROS<\/strong>, lai vi\u0146i nevar\u0113tu baroties no <strong>Dievi\u0161\u0137aj\u0101m ener\u0123ij\u0101m<\/strong>. <\/span><\/span><\/p>\n<p><span style=\"color: #003300;\"><span style=\"color: #ff0000;\"><strong>Borovkovs <\/strong>ir viens no galvenajiem <strong>Atmodas bend\u0113m.<\/strong> <\/span><\/span><\/p>\n<p><span style=\"color: #003300;\"><span style=\"color: #ff0000;\">Vi\u0146\u0161 bija galvenais <strong>H-86 likvid\u0113t\u0101js 1986. g.<\/strong> <\/span><\/span><\/p>\n<p><span style=\"color: #003300;\"><span style=\"color: #ff0000;\">Vi\u0146\u0161 ir tas, kur\u0161 lemj, kuru j\u0101likvid\u0113. <\/span><\/span><\/p>\n<p><span style=\"color: #003300;\"><span style=\"color: #ff0000;\">N\u0113, <strong>Borovkov,<\/strong> priek\u0161 tevis \u0161is<strong> Sv\u0113tvakars <\/strong>nav <strong>SV\u0112TS<\/strong>, jo tu esi<span style=\"text-decoration: underline;\"> nol\u0101d\u0113ts no saviem asins darbiem<\/span>. Tu esi viens no tiem, par kuriem run\u0101 pr\u0101vests<strong> A. Kavacis,<\/strong> kuram pien\u0101kas <strong>VALGS<\/strong><em>(cilpa).<\/em><br \/>\n<\/span><\/span><\/p>\n<p><span style=\"color: #003300;\"><span style=\"color: #ff0000;\">24.12.12.<br \/>\n<\/span><\/span><\/p>\n","protected":false},"excerpt":{"rendered":"<p>Ziemas Saulgrie\u017ei latvie\u0161iem bija, ir un ar\u012b b\u016bs noz\u012bm\u012bgi sv\u0113tki. Ne jau &#8220;kristie\u0161i&#8221; bija tie, kuri izgudroja \u0161os sv\u0113tkus. Kristie\u0161u vien\u012bgais &#8220;nopelns&#8221; ir asinis, n\u0101ve un nodev\u012bbas mor\u0101les ievie\u0161ana. Tas \u0161odien izpau\u017eas visspilgt\u0101k, jo&#46;&#46;&#46;<\/p>\n","protected":false},"author":1,"featured_media":0,"comment_status":"open","ping_status":"open","sticky":false,"template":"","format":"standard","meta":[],"categories":[1],"tags":[],"_links":{"self":[{"href":"https:\/\/tautastribunals.eu\/index.php?rest_route=\/wp\/v2\/posts\/12023"}],"collection":[{"href":"https:\/\/tautastribunals.eu\/index.php?rest_route=\/wp\/v2\/posts"}],"about":[{"href":"https:\/\/tautastribunals.eu\/index.php?rest_route=\/wp\/v2\/types\/post"}],"author":[{"embeddable":true,"href":"https:\/\/tautastribunals.eu\/index.php?rest_route=\/wp\/v2\/users\/1"}],"replies":[{"embeddable":true,"href":"https:\/\/tautastribunals.eu\/index.php?rest_route=%2Fwp%2Fv2%2Fcomments&post=12023"}],"version-history":[{"count":52,"href":"https:\/\/tautastribunals.eu\/index.php?rest_route=\/wp\/v2\/posts\/12023\/revisions"}],"predecessor-version":[{"id":65101,"href":"https:\/\/tautastribunals.eu\/index.php?rest_route=\/wp\/v2\/posts\/12023\/revisions\/65101"}],"wp:attachment":[{"href":"https:\/\/tautastribunals.eu\/index.php?rest_route=%2Fwp%2Fv2%2Fmedia&parent=12023"}],"wp:term":[{"taxonomy":"category","embeddable":true,"href":"https:\/\/tautastribunals.eu\/index.php?rest_route=%2Fwp%2Fv2%2Fcategories&post=12023"},{"taxonomy":"post_tag","embeddable":true,"href":"https:\/\/tautastribunals.eu\/index.php?rest_route=%2Fwp%2Fv2%2Ftags&post=12023"}],"curies":[{"name":"wp","href":"https:\/\/api.w.org\/{rel}","templated":true}]}}