{"id":11660,"date":"2012-11-28T18:05:58","date_gmt":"2012-11-28T16:05:58","guid":{"rendered":"http:\/\/tautastribunals.eu\/?p=11660"},"modified":"2012-11-29T23:04:27","modified_gmt":"2012-11-29T21:04:27","slug":"tautas-fronte-atmodas-kaprace","status":"publish","type":"post","link":"https:\/\/tautastribunals.eu\/?p=11660","title":{"rendered":"Tautas fronte- Atmodas kaprace"},"content":{"rendered":"<p><span style=\"color: #003300;\"><strong><img decoding=\"async\" loading=\"lazy\" class=\"alignleft size-full wp-image-11661\" title=\"H-86-23\" src=\"http:\/\/tautastribunals.eu\/wp-content\/uploads\/2012\/11\/H-86-232.jpg\" alt=\"H-86-23\" width=\"74\" height=\"74\" \/>Peters, \u012av\u0101ns<\/strong> un v\u0113l maktena komunistu varza s\u0101k gatavoties <strong>Tautas frontes<\/strong> dibin\u0101\u0161anas 25. gadadienai. <\/span><\/p>\n<h2><span style=\"color: #003300;\">Kas tad t\u0101 <strong>Tautas fronte<\/strong> t\u0101da bija ? <\/span><\/h2>\n<p><span style=\"color: #003300;\">\u0160o sarkano noziedznieku bandu var raksturot \u013coti vienk\u0101r\u0161i: <strong>BENDES ! <\/strong><\/span><\/p>\n<h2><span style=\"color: #003300;\"><strong>Tautas fronte<\/strong> bija latvie\u0161u tautas <strong>Tre\u0161\u0101s Atmodas<\/strong> kaprace. <\/span><\/h2>\n<h2><span style=\"color: #003300;\">Punkts. <\/span><\/h2>\n<p><span style=\"color: #003300;\">Visus latvie\u0161u tautas sap\u0146us un ide\u0101lus, par savas <strong>tautas Gai\u0161o n\u0101kotni<\/strong>, \u0161ie komunistiskie slepkavas <strong>NOK\u0100VA. <\/strong>\u0160ie <strong><span style=\"text-decoration: underline;\">nol\u0101d\u0113tie komunistu \u017eurkas<\/span><\/strong> saprata, ja tiks atjaunota <strong>Latvijas<\/strong> <strong>valsts<\/strong> un <strong>Tiesiskums,<\/strong> tad vi\u0146iem p\u0113c visiem starptautiskiem <strong>Likumiem<\/strong> pien\u0101kas <span style=\"color: #ff0000;\"><span style=\"text-decoration: underline;\"><strong>n\u0101ves sods.<\/strong><\/span><\/span> To nedr\u012bkst\u0113ja pie\u013caut, t\u0101p\u0113c ar<strong> Maskavas<\/strong> pal\u012bdz\u012bbu tika dar\u012bts viss, lai latvie\u0161u tautas <strong>Atmodu nosl\u0101p\u0113tu- izn\u012bd\u0113tu<\/strong>. Komunisti, ar<strong> Peteru <\/strong>un<strong> Gorbunovu<\/strong> priek\u0161gal\u0101, p\u0101rmeta ka\u017eoku uz otru pusi un s\u0101ka \u201egvelzt\u201d nacion\u0101lus lozungus. J\u0101, to ir j\u0101sauc par gvel\u0161anu, jo t\u0101 nen\u0101ca no sirds. \u0160o sarkano marodieru vad\u012bb\u0101 tika <span style=\"color: #ff0000;\"><span style=\"text-decoration: underline;\"><strong>zagts un slepkavots<\/strong><\/span> <\/span>uz neb\u0113du, jo repres\u012bvais <strong>KGB kantoris<\/strong> tika nodots vi\u0146u, \u0161o <strong><em>peteru, gorbunovu, godma\u0146u<\/em><\/strong> un d.c. sarkano slepkavu r\u012bc\u012bb\u0101.<\/span><\/p>\n<h2><span style=\"color: #003300;\"> <img decoding=\"async\" loading=\"lazy\" class=\"alignleft size-full wp-image-11664\" title=\"Peters, \u012avans, Z\u0101l\u012bte, Ziedonis, H\u0101nbergs\" src=\"http:\/\/tautastribunals.eu\/wp-content\/uploads\/2012\/11\/Peters-\u012avans-Z\u0101l\u012bte-Ziedonis-H\u0101nbergs.jpg\" alt=\"Peters, \u012avans, Z\u0101l\u012bte, Ziedonis, H\u0101nbergs\" width=\"169\" height=\"291\" \/><\/span><\/h2>\n<p><span style=\"color: #ff0000;\"><strong>MIGLA SARKAN\u0100- NOL\u0100D\u0112T\u0100<\/strong><\/span><\/p>\n<p><strong>FOTO<\/strong>: <span style=\"color: #ff0000;\"><em>\u0160is nol\u0101d\u0113tais kangars, ar Maskavas \u010dekistu pal\u012bdz\u012bbu, izn\u012bcin\u0101ja tre\u0161\u0101s Atmodas ide\u0101lus- br\u012bvu, plauksto\u0161u un latvisku Latviju. <\/em><\/span><\/p>\n<p><span style=\"color: #ff0000;\"><em>Lai nol\u0101d\u0113ti visi \u0161ie peteri, z\u0101l\u012btes, ziedo\u0146i, \u012bvani un d.c. vi\u0146u cilts br\u0101\u013ci. <\/em><\/span><\/p>\n<p><span style=\"color: #ff0000;\"><em>Dr\u012bz, \u013coti dr\u012bz tauta vi\u0146us uzdurs uz dak\u0161\u0101m&#8230; .<\/em><\/span><\/p>\n<h2><span style=\"color: #003300;\">Tagad m\u0113s skaidri redzam vi\u0146u saimnieko\u0161anas aug\u013cus. <\/span><\/h2>\n<h2><span style=\"color: #003300;\">Tauta izce\u013co un valsts ir piln\u012bgi izzagta. <\/span><\/h2>\n<p><span style=\"color: #003300;\">Neskatoties uz to, \u0161ie sarkanie izdzimte\u0146i tais\u0101s uz varen\u0101m latvie\u0161u tautas <strong>\u201eb\u0113ru\u201d<\/strong> svin\u012bb\u0101m, sav\u0101d\u0101k \u0161\u012b <strong>\u201egadadiena\u201d <\/strong>nav nosaucama. No tautas, priek\u0161 \u0161\u012bs melu propagandas \u201eizgaismo\u0161anas\u201d, tiek piepras\u012bts pus- miljons !\u00a0 K\u0101p\u0113c tad to nevar\u0113tu segt valsts izzadz\u0113ji, komunisti- miljon\u0101ri <strong>Gorbunavs, Godmanis<\/strong> vai <strong>Ulmanis <\/strong>? <\/span><\/p>\n<h2><span style=\"color: #003300;\">Bet n\u0113, \u0161\u012b <strong>nol\u0101d\u0113to izdzimte\u0146u varza<\/strong> plosa un plosa <strong>latvie\u0161u tautu.<\/strong><\/span><\/h2>\n<h3><span style=\"color: #003300;\">Bet gan jau pien\u0101ks diena, j\u016bs sarkanais <strong>S\u0101tana <\/strong>izdzimums, kad tauta j\u016bs dz\u012bvus gabalos saplos\u012bs.<\/span><\/h3>\n<p><span style=\"color: #003300;\">Un klausieties tikai, ko <span style=\"color: #ff0000;\"><span style=\"text-decoration: underline;\"><strong>\u0161ie<\/strong><\/span><\/span> sprie\u017e:<span style=\"color: #0000ff;\"> <em>\u201e<\/em><em>Bet v\u0113stures faktus nepiecie\u0161ams fiks\u0113t p\u0113c iesp\u0113jas \u0101tr\u0101k un r\u016bp\u012bg\u0101k, jo viss \u0101tri aizmirstas un\u2026 s\u0101kas interpret\u0101cija.<\/em><\/span><\/span><\/p>\n<p><span style=\"color: #0000ff;\"><em>Ar Saeimas priek\u0161s\u0113d\u0113t\u0101jas <strong>Solvitas \u0100bolti\u0146as<\/strong> atbalstu \u010detri biju\u0161ie Augst\u0101k\u0101s Padomes deput\u0101ti \u2013 Viktors Avoti\u0146\u0161, Normunds Be\u013cskis, Edv\u012bns Ink\u0113ns un J\u0101nis Gavars \u2013 s\u0101ka videointerviju ciklu ar atmodas laika spilgt\u0101kajiem p\u0101rst\u0101vjiem<\/em><em> <\/em>\u201e <\/span><\/p>\n<p><a href=\"http:\/\/www.diena.lv\/latvija\/viedokli\/diena-rit-saks-publicet-atminu-stastu-seriju-par-latvijas-treso-atmodu-13978103\">http:\/\/www.diena.lv\/latvija\/viedokli\/diena-rit-saks-publicet-atminu-stastu-seriju-par-latvijas-treso-atmodu-13978103<\/a><\/p>\n<p><span style=\"color: #003300;\">Interpret\u0101cija jau tagad n\u0101k k\u0101 smird\u012bgs sm\u0101rds no j\u016bsu sapuvu\u0161aj\u0101m r\u012bkl\u0113m, biedrene<em>(pareiz\u0101k jau b\u016btu sac\u012bt: parlament\u0101r\u0101 kuce<\/em>) <strong>\u0100bolti\u0146a<\/strong>. <\/span><\/p>\n<p><span style=\"color: #003300;\">Un interesanti b\u016bs redz\u0113t, kuri tad ir<span style=\"color: #ff0000;\"> <strong>\u201etie spilgt\u0101kie\u201d<\/strong><\/span> <strong>Atmodas<\/strong> laika p\u0101rst\u0101vji ?<\/span><\/p>\n<p><span style=\"color: #003300;\">=========================================================<br \/>\n<\/span><\/p>\n<p><span style=\"color: #0000ff;\"><img decoding=\"async\" loading=\"lazy\" class=\"alignleft size-full wp-image-11672\" title=\"\u012bvans, peters, ziedonis\" src=\"http:\/\/tautastribunals.eu\/wp-content\/uploads\/2012\/11\/\u012bvans-peters-ziedonis.jpg\" alt=\"\u012bvans, peters, ziedonis\" width=\"121\" height=\"144\" \/><span style=\"color: #003300;\">Lai neizskat\u012btos p\u0101r\u0101k subjekt\u012bvi, tad pievienosim D. \u012av\u0101na &#8220;v\u0101rsmu&#8221;,\u00a0 kas vi\u0146am k\u0101d\u0101 no sirdsapzi\u0146as apskaidr\u012bbas br\u012b\u017eiem uzliesmoja:<\/span><\/span><\/p>\n<p style=\"text-align: justify; background: none repeat scroll 0% 0% white;\">FOTO: <em><span style=\"color: #ff0000;\">J\u0101, Daini, dzer\u0161an\u0101 t\u0101pat k\u0101 kar\u0101, viss ir nezin\u012bbas var\u0101 ! Par \u0161o izp\u013curkst\u0113\u0161anos tu no saviem &#8220;kol\u0113\u0123iem&#8221; laikam krietni tr\u0101p\u012bji, jo \u0161is teksts tev b\u016bs j\u0101atk\u0101rto <span style=\"text-decoration: underline;\"><strong>latvie\u0161u tautas tiesas priek\u0161\u0101<\/strong><\/span>, kad tiks sod\u012bti komunistiskie izdzimte\u0146i, kuri veiku\u0161i genoc\u012bdu.<\/span><\/em><\/p>\n<p style=\"text-align: justify; background: none repeat scroll 0% 0% white;\"><span style=\"color: #0000ff;\"><span style=\"font-size: small;\"><strong>Dainis \u012av\u0101ns:<\/strong> <strong><em>\u201dEs   teiktu t\u0101 \u2013 piedod, m\u0101te Latvija, ka p\u0113c 20 gadiem, dz\u012bdamies vair\u0101k p\u0113c person\u012bga   labuma, rausdami tavas bag\u0101t\u012bbas tikai sav\u0101 priv\u0101t\u012bpa\u0161um\u0101, m\u0113s esam   aizmirsu\u0161i Tevi pa\u0161u un neesam r\u016bp\u0113ju\u0161ies par visu tavu b\u0113rnu, tikai par   da\u017eu izredz\u0113to labkl\u0101j\u012bbu. Piedod ar\u012b par to, ka pie tava saimes galda   da\u017ei ir brangi p\u0101r\u0113du\u0161ies, t\u0101p\u0113c citiem atliek uz to tikai  noskat\u012bties.  Un visup\u0113d\u012bgi, piedod, ka mums smag\u0101 br\u012bv\u012bbas nasta  daudzk\u0101rt likusies  par gr\u016btu. M\u0113s esam sviedu\u0161i to zem\u0113 un b\u0113gu\u0161i  proj\u0101m.\u201d<\/em><\/strong><\/span><\/span><\/p>\n<p style=\"text-align: justify; background: none repeat scroll 0% 0% white;\"><span style=\"color: #003300;\"><span style=\"font-size: small;\">K\u0101p\u0113c Dainis nenosauc v\u0101rd\u0101 tos, kuri t\u0101 &#8220;brangi p\u0101r\u0113du\u0161ies&#8221; ? <\/span><\/span><\/p>\n<p style=\"text-align: justify; background: none repeat scroll 0% 0% white;\"><span style=\"color: #0000ff;\"><span style=\"font-size: small;\"><span style=\"color: #003300;\">\u0160valis tu, \u012avan, esi, kuram vieta ir kar\u0101tav\u0101s. <\/span><em><br \/>\n<\/em><\/span><\/span><\/p>\n<p><span style=\"color: #003300;\">LRTT\u00a0\u00a0 28.11.12<br \/>\n<\/span><\/p>\n","protected":false},"excerpt":{"rendered":"<p>Peters, \u012av\u0101ns un v\u0113l maktena komunistu varza s\u0101k gatavoties Tautas frontes dibin\u0101\u0161anas 25. gadadienai. Kas tad t\u0101 Tautas fronte t\u0101da bija ? \u0160o sarkano noziedznieku bandu var raksturot \u013coti vienk\u0101r\u0161i: BENDES ! Tautas fronte&#46;&#46;&#46;<\/p>\n","protected":false},"author":1,"featured_media":0,"comment_status":"open","ping_status":"open","sticky":false,"template":"","format":"standard","meta":[],"categories":[1],"tags":[],"_links":{"self":[{"href":"https:\/\/tautastribunals.eu\/index.php?rest_route=\/wp\/v2\/posts\/11660"}],"collection":[{"href":"https:\/\/tautastribunals.eu\/index.php?rest_route=\/wp\/v2\/posts"}],"about":[{"href":"https:\/\/tautastribunals.eu\/index.php?rest_route=\/wp\/v2\/types\/post"}],"author":[{"embeddable":true,"href":"https:\/\/tautastribunals.eu\/index.php?rest_route=\/wp\/v2\/users\/1"}],"replies":[{"embeddable":true,"href":"https:\/\/tautastribunals.eu\/index.php?rest_route=%2Fwp%2Fv2%2Fcomments&post=11660"}],"version-history":[{"count":26,"href":"https:\/\/tautastribunals.eu\/index.php?rest_route=\/wp\/v2\/posts\/11660\/revisions"}],"predecessor-version":[{"id":11687,"href":"https:\/\/tautastribunals.eu\/index.php?rest_route=\/wp\/v2\/posts\/11660\/revisions\/11687"}],"wp:attachment":[{"href":"https:\/\/tautastribunals.eu\/index.php?rest_route=%2Fwp%2Fv2%2Fmedia&parent=11660"}],"wp:term":[{"taxonomy":"category","embeddable":true,"href":"https:\/\/tautastribunals.eu\/index.php?rest_route=%2Fwp%2Fv2%2Fcategories&post=11660"},{"taxonomy":"post_tag","embeddable":true,"href":"https:\/\/tautastribunals.eu\/index.php?rest_route=%2Fwp%2Fv2%2Ftags&post=11660"}],"curies":[{"name":"wp","href":"https:\/\/api.w.org\/{rel}","templated":true}]}}