{"id":1150,"date":"2010-03-13T12:51:56","date_gmt":"2010-03-13T10:51:56","guid":{"rendered":"http:\/\/tautastribunals.eu\/?p=1150"},"modified":"2010-03-13T23:45:47","modified_gmt":"2010-03-13T21:45:47","slug":"lr-tautas-tribunala-apsveikums-legionariem","status":"publish","type":"post","link":"https:\/\/tautastribunals.eu\/?p=1150","title":{"rendered":"LR Tautas tribun\u0101la apsveikums le\u0123ion\u0101riem !"},"content":{"rendered":"<p><img decoding=\"async\" loading=\"lazy\" class=\"alignleft size-full wp-image-1151\" src=\"http:\/\/tautastribunals.eu\/wp-content\/uploads\/2010\/03\/l.jpg\" alt=\"l\" width=\"178\" height=\"167\" \/><\/p>\n<p><span style=\"font-family: Verdana\"><span style=\"color: #333399\"><strong>\u00a0<\/strong><\/span><\/span><\/p>\n<p><span style=\"font-family: Verdana\"><span style=\"color: #333399\"><strong>Le\u0123ion\u0101ra Roberta Fridrihsona dz\u012bves biedres velt\u012bjums visiem latvie\u0161u z\u0113niem, kuri c\u0113l\u0101s atriebt varm\u0101k\u0101m.<\/strong><\/span><\/span><\/p>\n<p><span style=\"font-size: small\">\u00a0<\/span><span style=\"font-family: Verdana\"><span style=\"color: #003300\"><em><strong>Jel galvas zemu nolieciet to priek\u0161\u0101,<\/strong><\/em><\/span><\/span><\/p>\n<p><span style=\"font-family: Verdana\"><span style=\"color: #003300\"><em><strong>kas kauj\u0101s g\u0101ja, n\u0101vi nicinot,<\/strong><\/em><\/span><\/span><\/p>\n<p><span style=\"font-family: Verdana\"><span style=\"color: #003300\"><em><strong>un krita, turot dzimto zemi riek\u0161\u0101s<\/strong><\/em><\/span><\/span><\/p>\n<p><span style=\"font-family: Verdana\"><span style=\"color: #003300\"><em><strong>ar domu p\u0113d\u0113jo-par Latviju.<\/strong><\/em><\/span><\/span><\/p>\n<p><span style=\"font-size: small\">\u00a0<\/span><\/p>\n<p><span style=\"font-family: Verdana\"><span style=\"color: #003366\"><strong><em><span style=\"color: #003300\">\u0160ie v\u012bri g\u0101ja p\u0101rliec\u012bb\u0101 sv\u0113t\u0101,<\/span><\/em><\/strong><\/span><\/span><\/p>\n<p><span style=\"font-family: Verdana\"><span style=\"color: #003366\"><strong><em><span style=\"color: #003300\">ka lemts tiem dzimto zemi nosarg\u0101t<\/span><\/em><\/strong><\/span><\/span><\/p>\n<p><span style=\"font-family: Verdana\"><span style=\"color: #003366\"><strong><em><span style=\"color: #003300\">un atriebt varm\u0101k\u0101m par cirst\u0101m r\u0113t\u0101m,<\/span><\/em><\/strong><\/span><\/span><\/p>\n<p><span style=\"font-family: Verdana\"><span style=\"color: #003366\"><strong><em><span style=\"color: #003300\">sev orde\u0146us un slavu neprasot.<\/span><\/em><\/strong><\/span><\/span><\/p>\n<p><span style=\"font-family: Verdana\"><span style=\"color: #003366\"><strong><em><span style=\"color: #003300\">\u00a0<\/span><\/em><\/strong><\/span><\/span><\/p>\n<p><span style=\"font-family: Verdana\"><span style=\"color: #003366\"><strong><em><span style=\"color: #003300\">Lai nestais upuris nav bijis velts<\/span><\/em><\/strong><\/span><\/span><\/p>\n<p><span style=\"font-family: Verdana\"><span style=\"color: #003366\"><strong><em><span style=\"color: #003300\">n\u0101ks jauna mai\u0146a j\u016bsu viet\u0101 st\u0101t.<\/span><\/em><\/strong><\/span><\/span><\/p>\n<p><span style=\"font-family: Verdana\"><span style=\"color: #003366\"><strong><em><span style=\"color: #003300\">Nav \u0161odien piemineklis katram celts,<\/span><\/em><\/strong><\/span><\/span><\/p>\n<p><span style=\"font-family: Verdana\"><span style=\"color: #003366\"><strong><em><span style=\"color: #003300\">bet piemi\u0146\u0101 j\u016bs tauta sird\u012b glab\u0101s.<\/span><\/em><\/strong><\/span><\/span><\/p>\n<p><span style=\"font-size: small\">\u00a0<\/span><\/p>\n<p><span style=\"font-family: Verdana\"><span style=\"color: #800000\"><strong><span style=\"text-decoration: underline\">LRTT v\u0101rd\u0101 no sirds sveicu m\u016bsu, latvie\u0161u tautas varo\u0146us &#8211; le\u0123ion\u0101rus vi\u0146u dien\u0101 &#8211; 16. mart\u0101 !<\/span><\/strong><\/span><\/span><\/p>\n<p><span style=\"font-size: small\">Latvie\u0161u karav\u012brs, \u0161oreiz le\u0123ion\u0101ra formas t\u0113rp\u0101, atk\u0101rtoti pier\u0101d\u012bja pasaulei uz ko sp\u0113j\u012bgs cilv\u0113ks, kur\u0161 sav\u0101 sird\u012b nes Latvijas v\u0101rdu !<\/span><\/p>\n<p><span style=\"font-size: small\">Nevienas krievu-\u0161ovinistu rejas, neviena cionistu indes \u0161\u013cakata nesp\u0113s aiz\u0113not m\u016bsu varo\u0146u, latvie\u0161u le\u0123ion\u0101ru slavu! Pa\u0161m\u0101ju kangaru un j\u016bdasu \u0161\u013cupstiem uzsp\u013caujam k\u0101 savas tautas net\u012brumiem ! <\/span><\/p>\n<p><span style=\"font-size: small\">Krievu \u0161ovinistu un cionistu zv\u0113r\u012bgais naids pret m\u016bsu Godav\u012briem ir pier\u0101d\u012bjums tam, ka vi\u0146i nesp\u0113ja salauzt m\u016bsu karav\u012bru pretest\u012bbu, nesp\u0113ja piespiest padoties Kurzemes &#8220;cietoksnim&#8221; !<\/span><\/p>\n<p><span style=\"font-size: small\"><strong>Pret Kurzemes &#8220;cietok\u0161\u0146a&#8221; &#8221; m\u016briem&#8221; iz\u0161\u0137\u012bda 46 k\u0101jnieku div\u012bzijas, 22 tanku div\u012bzijas, t\u016bksto\u0161iem lidma\u0161\u012bnu (t\u0101 liecina Maskavas arh\u012bvi), bet Kurzemes &#8220;cietoksnis&#8221; netika ie\u0146emts ! Kritu\u0161o skaits bija viens le\u0123ion\u0101rs pret 10-15 sarkan\u0101s ordas uzbruc\u0113jiem.<\/strong><\/span><\/p>\n<p><span style=\"font-family: Verdana\"><span style=\"color: #ff0000\"><strong><span style=\"text-decoration: underline\">Un to vi\u0146i, m\u016bsu ienaidnieki, v\u0113l l\u012bdz \u0161ai dienai nevar &#8220;sagremot&#8221;.<\/span><\/strong><\/span><\/span><\/p>\n<p><span style=\"font-family: Verdana\"><span style=\"color: #008000\"><strong>Bet m\u0113s ar m\u016bsu karav\u012bru sniegumu lepojamies !!!<\/strong><\/span><\/span><\/p>\n<p><span style=\"font-family: Verdana\"><span style=\"color: #008000\"><strong>Lai m\u016b\u017e\u012bga slava m\u016bsu karav\u012briem &#8211; le\u0123ion\u0101riem !!!<\/strong><\/span><\/span><\/p>\n<p><span style=\"font-family: Verdana\"><span style=\"color: #008000\"><strong>Stipra t\u0101 tauta, kurai stiprs varo\u0146u kults ! Neaizmirs\u012bsim to !!!<\/strong><\/span><\/span><\/p>\n<p><span style=\"font-family: Verdana\"><span style=\"color: #008000\"><strong>Dievs sv\u0113t\u012b Latviju ! <\/strong><\/span><\/span><\/p>\n<p><span style=\"font-family: Verdana\"><span style=\"color: #008000\"><strong>Paties\u012bbai un Taisn\u012bbai uzvar\u0113t !!!<\/strong><\/span><\/span><\/p>\n<p><span style=\"font-size: small\">\u00a0<\/span><\/p>\n<p><span style=\"font-size: small\"><img decoding=\"async\" loading=\"lazy\" class=\"alignleft size-large wp-image-1157\" src=\"http:\/\/tautastribunals.eu\/wp-content\/uploads\/2010\/03\/J\u0101nis-Z\u012bverts2-552x800.jpg\" alt=\"J\u0101nis Z\u012bverts\" width=\"89\" height=\"117\" \/><em>LRTT, LNF, Helsinki-86<\/em><\/span><\/p>\n<p><span style=\"font-size: small\"><em>Latvietis J\u0101nis Z\u012bverts no Ventspils.<\/em><\/span><\/p>\n<p><span style=\"font-size: small\">13.03.2010<\/span><\/p>\n<p><span style=\"font-size: small\"><a href=\"http:\/\/www.youtube.com\/watch?v=seoZo3ofCHU&amp;feature=related\">http:\/\/www.youtube.com\/watch?v=seoZo3ofCHU&amp;feature=related<\/a><\/span><\/p>\n<p><span style=\"font-size: small\">&#8212;&#8212;&#8212;&#8212;&#8212;&#8212;&#8212;&#8212;&#8212;&#8212;&#8212;&#8212;&#8212;&#8212;&#8212;&#8212;&#8212;&#8212;&#8212;&#8212;&#8212;&#8212;&#8212;&#8212;&#8212;&#8212;&#8212;&#8212;&#8212;&#8212;&#8212;&#8212;&#8212;&#8211;<\/span><\/p>\n<p><span style=\"font-size: small\"><span style=\"color: #333399\"><strong>\u0160o Roberta Fridrihsona dz\u012bves biedres rakst\u012bto velt\u012bjumu der\u0113tu izlas\u012bt m\u016bsu parlament\u0101rajiem atkritumiem, kuri c\u0113la savas maz\u0101s apspe\u0137ot\u0101s d\u016breles debes\u012bs, lai atdotu Abreni Krievijas slepkavu re\u017e\u012bmam ! <\/strong><\/span><\/span><\/p>\n<p><span style=\"font-size: small\"><span style=\"color: #333399\"><strong>T\u0101 roka \u0161iem nodev\u0113jiem tiks nocirsta un vi\u0146u rumpji tiks &#8220;pakabin\u0101ti&#8221; R\u012bgas centr\u0101 par biedin\u0101jumu un br\u012bdin\u0101jumu n\u0101ko\u0161aj\u0101m paaudz\u0113m !<\/strong><\/span><\/span><\/p>\n<p><span style=\"font-size: small\"><span style=\"color: #333399\"><strong>Nodev\u0113jam nodev\u0113ja alga, to nosaka &#8220;Nirnberga&#8221; !<\/strong><\/span><\/span><\/p>\n<p><span style=\"font-size: small\"><span style=\"color: #333399\"><strong>L.Granti\u0146\u0161<\/strong><\/span><\/span><\/p>\n","protected":false},"excerpt":{"rendered":"<p>\u00a0 Le\u0123ion\u0101ra Roberta Fridrihsona dz\u012bves biedres velt\u012bjums visiem latvie\u0161u z\u0113niem, kuri c\u0113l\u0101s atriebt varm\u0101k\u0101m. \u00a0Jel galvas zemu nolieciet to priek\u0161\u0101, kas kauj\u0101s g\u0101ja, n\u0101vi nicinot, un krita, turot dzimto zemi riek\u0161\u0101s ar domu p\u0113d\u0113jo-par&#46;&#46;&#46;<\/p>\n","protected":false},"author":6,"featured_media":0,"comment_status":"open","ping_status":"open","sticky":false,"template":"","format":"standard","meta":[],"categories":[1],"tags":[],"_links":{"self":[{"href":"https:\/\/tautastribunals.eu\/index.php?rest_route=\/wp\/v2\/posts\/1150"}],"collection":[{"href":"https:\/\/tautastribunals.eu\/index.php?rest_route=\/wp\/v2\/posts"}],"about":[{"href":"https:\/\/tautastribunals.eu\/index.php?rest_route=\/wp\/v2\/types\/post"}],"author":[{"embeddable":true,"href":"https:\/\/tautastribunals.eu\/index.php?rest_route=\/wp\/v2\/users\/6"}],"replies":[{"embeddable":true,"href":"https:\/\/tautastribunals.eu\/index.php?rest_route=%2Fwp%2Fv2%2Fcomments&post=1150"}],"version-history":[{"count":22,"href":"https:\/\/tautastribunals.eu\/index.php?rest_route=\/wp\/v2\/posts\/1150\/revisions"}],"predecessor-version":[{"id":1178,"href":"https:\/\/tautastribunals.eu\/index.php?rest_route=\/wp\/v2\/posts\/1150\/revisions\/1178"}],"wp:attachment":[{"href":"https:\/\/tautastribunals.eu\/index.php?rest_route=%2Fwp%2Fv2%2Fmedia&parent=1150"}],"wp:term":[{"taxonomy":"category","embeddable":true,"href":"https:\/\/tautastribunals.eu\/index.php?rest_route=%2Fwp%2Fv2%2Fcategories&post=1150"},{"taxonomy":"post_tag","embeddable":true,"href":"https:\/\/tautastribunals.eu\/index.php?rest_route=%2Fwp%2Fv2%2Ftags&post=1150"}],"curies":[{"name":"wp","href":"https:\/\/api.w.org\/{rel}","templated":true}]}}