{"id":11413,"date":"2012-11-08T23:55:35","date_gmt":"2012-11-08T21:55:35","guid":{"rendered":"http:\/\/tautastribunals.eu\/?p=11413"},"modified":"2012-11-08T23:55:35","modified_gmt":"2012-11-08T21:55:35","slug":"par-genocidu-un-naves-sodu","status":"publish","type":"post","link":"https:\/\/tautastribunals.eu\/?p=11413","title":{"rendered":"Par genoc\u012bdu un n\u0101ves sodu"},"content":{"rendered":"<h2><span style=\"color: #ff0000\">MIGLA SARKAN\u0100- NOL\u0100D\u0112T\u0100<\/span><\/h2>\n<p><span style=\"color: #333300\"><img decoding=\"async\" loading=\"lazy\" class=\"alignleft size-full wp-image-11414\" src=\"http:\/\/tautastribunals.eu\/wp-content\/uploads\/2012\/11\/H-86-23.jpg\" alt=\"H-86-23\" width=\"81\" height=\"81\" \/>Vai ir atcelts n\u0101ves sods ? <\/span><\/p>\n<p><span style=\"color: #333300\">Piln\u012bb\u0101 n\u0101ves sods nav atcelts nevien\u0101 valst\u012b, ar\u012b <strong>Latvij\u0101<\/strong> n\u0113. <\/span><\/p>\n<p><span style=\"color: #333300\">N\u0101ves sods ir piem\u0113rojams \u0101rk\u0101rtas gad\u012bjumos. Starptautisko Ties\u012bbu <strong>EKSPERTI<\/strong> at\u013c\u0101va <strong>Sadamam Huse\u012bnam<\/strong> izpild\u012bt <strong>N\u0100VES SODU<\/strong>, jo vi\u0146\u0161 bija veicis genoc\u012bdu pret pa\u0161a tautu. <\/span><\/p>\n<p><span style=\"color: #333300\">Ar\u012b vi\u0146a <strong>BANDA<\/strong> l\u012bdz p\u0113d\u0113jam br\u012bdim bija \u201evarena\u201d, t\u0101pat k\u0101 <strong>Latvijas 4. maija kli\u0137e<\/strong>. <\/span><\/p>\n<p><a href=\"http:\/\/www.tvnet.lv\/zinas\/latvija\/442354-patiesiba_par_trukumcietejiem\">http:\/\/www.tvnet.lv\/zinas\/latvija\/442354-patiesiba_par_trukumcietejiem<\/a><\/p>\n<p><span style=\"color: #333300\"><strong>Huse\u012bnu<\/strong> pak\u0101ra, kaut ar\u012b vi\u0146\u0161 bija veicis maz\u0101k neliet\u012bbas, k\u0101 <strong><span style=\"text-decoration: underline\">Latvijas sarkanie izdzimte\u0146i<\/span><\/strong>. <\/span><\/p>\n<p><span style=\"color: #333300\"><img decoding=\"async\" loading=\"lazy\" class=\"alignleft size-full wp-image-11415\" src=\"http:\/\/tautastribunals.eu\/wp-content\/uploads\/2012\/11\/Ilga-Kreituse-Alfreds-\u010cep\u0101nis-Anatolijs-Gorbunovs-Indulis-Emsis-11.-Saeimas-priek\u0161s\u0113d\u0113t\u0101ja-Solvita-\u0100bolti\u0146a-J\u0101nis-Straume-Gundars-Daudze-un-Ingr\u012bda-\u016adre.jpg\" alt=\"Ilga Kreituse, Alfreds \u010cep\u0101nis, Anatolijs Gorbunovs, Indulis Emsis, 11. Saeimas priek\u0161s\u0113d\u0113t\u0101ja Solvita \u0100bolti\u0146a, J\u0101nis Straume, Gundars Daudze un Ingr\u012bda \u016adre)\" width=\"480\" height=\"322\" srcset=\"https:\/\/tautastribunals.eu\/wp-content\/uploads\/2012\/11\/Ilga-Kreituse-Alfreds-\u010cep\u0101nis-Anatolijs-Gorbunovs-Indulis-Emsis-11.-Saeimas-priek\u0161s\u0113d\u0113t\u0101ja-Solvita-\u0100bolti\u0146a-J\u0101nis-Straume-Gundars-Daudze-un-Ingr\u012bda-\u016adre.jpg 643w, https:\/\/tautastribunals.eu\/wp-content\/uploads\/2012\/11\/Ilga-Kreituse-Alfreds-\u010cep\u0101nis-Anatolijs-Gorbunovs-Indulis-Emsis-11.-Saeimas-priek\u0161s\u0113d\u0113t\u0101ja-Solvita-\u0100bolti\u0146a-J\u0101nis-Straume-Gundars-Daudze-un-Ingr\u012bda-\u016adre-300x201.jpg 300w\" sizes=\"(max-width: 480px) 100vw, 480px\" \/>Miera laik\u0101 konstat\u0113t <strong>GENOC\u012aDU <\/strong>ir \u013coti vienk\u0101r\u0161i:<em><strong> ja pie varas \u201esiles\u201d eso\u0161ais ir krasi uzlabojis savu dz\u012bves L\u012aMENI, bet tautas DZ\u012aVES L\u012aMENIS ir drastiski krities, tad ir veikts genoc\u012bds. <\/strong><\/em><\/span><\/p>\n<p><span style=\"color: #333300\">P\u0113d\u0113jos 20 gados pie varas eso\u0161ie ir iedz\u012bvoju\u0161ies pasakain\u0101s bag\u0101t\u012bb\u0101s. Gandr\u012bz visi ir miljon\u0101ri, bet tauta ir iedz\u012bta neiedom\u0101jam\u0101 nabadz\u012bb\u0101 un spiesta atst\u0101t savu <strong>dzimteni<\/strong>. Tas nav vienk\u0101r\u0161s genoc\u012bds, tas ir pieskait\u0101ms pie <strong><span style=\"text-decoration: underline\">sadistisk\u0101kajiem genoc\u012bdiem pasaules v\u0113stur\u0113<\/span><\/strong> ! <\/span><\/p>\n<p><strong>FOTO:<\/strong><em><span style=\"color: #ff0000\"><strong> <\/strong>Atz\u012bm\u0113jot 90 gadus kop\u0161 Satversmes sp\u0113k\u0101 st\u0101\u0161an\u0101s un 1. Saeimas san\u0101k\u0161anas, Saeim\u0101 notika atjaunot\u0101s Latvijas Republikas Saeimas priek\u0161s\u0113d\u0113t\u0101ju (Ilga Kreituse, Alfreds \u010cep\u0101nis, Anatolijs Gorbunovs, Indulis Emsis, 11. Saeimas priek\u0161s\u0113d\u0113t\u0101ja Solvita \u0100bolti\u0146a, J\u0101nis Straume, Gundars Daudze un Ingr\u012bda \u016adre) kop\u012bga fotograf\u0113\u0161an\u0101s. Saeima, Balt\u0101 z\u0101le, J\u0113kaba iel\u0101 11. 07\/11\/2012<\/span><\/em><\/p>\n<p><span style=\"color: #333300\">\u0160\u012b genoc\u012bda <strong>CILTST\u0112VI <\/strong>ir<strong> Latvijas<\/strong> komunisti <strong>I. Godmanis<\/strong><em>(\u017e\u012bds),<\/em><strong> A. Borovkovs<\/strong><em>(\u017e\u012bds), <\/em><strong>J. Peters, <\/strong>kuriem seko zem\u0101ka ranga iztapo\u0146as. Vieni \u0161\u0101di <strong>GARA KROP\u013bI<\/strong> pulc\u0113jas uz savu \u201eor\u0123iju\u201d <strong>Saeimas <\/strong>\u201ebaltaj\u0101 kamer\u0101\u201d.\u00a0 Ar \u0161o izdzimte\u0146u rok\u0101m <strong>PASAULES VARENIE<\/strong> jau vair\u0101k k\u0101 divdesmit gadus bend\u0113 latvie\u0161u tautu. <\/span><\/p>\n<p><span style=\"color: #333300\">&gt;Visi vi\u0146i ir pret <strong>Tiesiskuma<\/strong> atjauno\u0161anu <strong>Latvij\u0101. <\/strong><\/span><\/p>\n<p><span style=\"color: #333300\">&gt;Visi vi\u0146i ir saist\u012bti ar <strong>Maskavu<\/strong>.<br \/>\n<\/span><\/p>\n<p><span style=\"color: #333300\">Vi\u0146i ir <strong><span style=\"text-decoration: underline\">sarausu\u0161i neiedom\u0101jamas bag\u0101t\u012bbas,<\/span><\/strong> kas pieder\u0113ja latvie\u0161u tautai. <\/span><\/p>\n<p><span style=\"color: #333300\">Visi \u0161ie zv\u0113ri<em>(par lopiem vi\u0146us nosaukt nevar) ir <\/em>peln\u012bju\u0161i publisku n\u0101ves sodu, kas ar\u012b vi\u0146iem tiks izpild\u012bts. <\/span><\/p>\n<h2><span style=\"color: #333300\"><em>Par to nevienam nav j\u0101\u0161aub\u0101s.<\/em><\/span><\/h2>\n<p><span style=\"color: #0000ff\">Paskaties, <strong>LATVIETI<\/strong>, uz \u0161iem band\u012btiskajiem izdzimte\u0146iem un <span style=\"text-decoration: underline\"><strong>nol\u0101di vi\u0146us<\/strong><\/span>. Pacenties vismaz <strong>GAR\u012aGI<\/strong> \u0161\u012bs \u201enez\u0101les\u201d izrav\u0113t no savas apzi\u0146as. Labo nol\u0101d\u0113t ir drausm\u012bgs gr\u0113ks, bet \u013cauno- pien\u0101kums. T\u0101 <strong>TU<\/strong> dar\u012bsi t\u012br\u0101ku <strong>GAR\u012aGO<\/strong> pasauli. Ja \u00a0<strong>GAR\u012aGAJ\u0100 <\/strong>pasaul\u0113 \u0161iem s\u0101taniskajiem izdzimumiem saknes aplies ar indi, tad \u00a0<strong>MATERI\u0100LAJ\u0100<\/strong> pasaul\u0113 vi\u0146i izn\u012bks. Visi \u0161ie dra\u0146\u0137i barojas, latvieti, no tav\u0101m bail\u0113m. Negriez vi\u0146am otru vaigu, ja vi\u0146\u0161 tev pa vienu ieg\u0101zis, t\u0101s ir <strong>S\u0101tana <\/strong>ierakst\u012bt\u0101s <strong>\u201ev\u0101rsmas\u201d B\u012bbel\u0113<\/strong>, lai vi\u0146\u0161 var\u0113tu vald\u012bt p\u0101r<strong> TEVI<\/strong>, bet pa\u0146em \u0137ie\u0123eli un iz\u0161\u0137aidi vi\u0146a <strong>PURNU. <\/strong><\/span><\/p>\n<p><span style=\"color: #0000ff\"><strong>DIEVA<\/strong> vardi ir: <strong><em>\u201eIzn\u012bcini \u013cauno jau ied\u012bgl\u012b, sav\u0101d\u0101k vi\u0146\u0161 izn\u012bcin\u0101s tevi\u201d.<\/em><\/strong><\/span><\/p>\n<h2><span style=\"color: #0000ff\">Smelies, latvieti, drosm\u0113, lai Dievs tev pal\u012bdz !<\/span><\/h2>\n<p><span style=\"color: #0000ff\">Kop\u0101 c\u012bnoties m\u0113s \u0161os s\u0101tanistus iemet\u012bsim izn\u012bc\u012bbas za\u0146\u0137\u012b !<\/span><\/p>\n<p><strong><em><span style=\"color: #0000ff\">08.11.12.\u00a0\u00a0\u00a0 LRTT<\/span><br \/>\n<\/em><\/strong><\/p>\n","protected":false},"excerpt":{"rendered":"<p>MIGLA SARKAN\u0100- NOL\u0100D\u0112T\u0100 Vai ir atcelts n\u0101ves sods ? Piln\u012bb\u0101 n\u0101ves sods nav atcelts nevien\u0101 valst\u012b, ar\u012b Latvij\u0101 n\u0113. N\u0101ves sods ir piem\u0113rojams \u0101rk\u0101rtas gad\u012bjumos. Starptautisko Ties\u012bbu EKSPERTI at\u013c\u0101va Sadamam Huse\u012bnam izpild\u012bt N\u0100VES SODU,&#46;&#46;&#46;<\/p>\n","protected":false},"author":6,"featured_media":0,"comment_status":"open","ping_status":"open","sticky":false,"template":"","format":"standard","meta":[],"categories":[1],"tags":[],"_links":{"self":[{"href":"https:\/\/tautastribunals.eu\/index.php?rest_route=\/wp\/v2\/posts\/11413"}],"collection":[{"href":"https:\/\/tautastribunals.eu\/index.php?rest_route=\/wp\/v2\/posts"}],"about":[{"href":"https:\/\/tautastribunals.eu\/index.php?rest_route=\/wp\/v2\/types\/post"}],"author":[{"embeddable":true,"href":"https:\/\/tautastribunals.eu\/index.php?rest_route=\/wp\/v2\/users\/6"}],"replies":[{"embeddable":true,"href":"https:\/\/tautastribunals.eu\/index.php?rest_route=%2Fwp%2Fv2%2Fcomments&post=11413"}],"version-history":[{"count":6,"href":"https:\/\/tautastribunals.eu\/index.php?rest_route=\/wp\/v2\/posts\/11413\/revisions"}],"predecessor-version":[{"id":11421,"href":"https:\/\/tautastribunals.eu\/index.php?rest_route=\/wp\/v2\/posts\/11413\/revisions\/11421"}],"wp:attachment":[{"href":"https:\/\/tautastribunals.eu\/index.php?rest_route=%2Fwp%2Fv2%2Fmedia&parent=11413"}],"wp:term":[{"taxonomy":"category","embeddable":true,"href":"https:\/\/tautastribunals.eu\/index.php?rest_route=%2Fwp%2Fv2%2Fcategories&post=11413"},{"taxonomy":"post_tag","embeddable":true,"href":"https:\/\/tautastribunals.eu\/index.php?rest_route=%2Fwp%2Fv2%2Ftags&post=11413"}],"curies":[{"name":"wp","href":"https:\/\/api.w.org\/{rel}","templated":true}]}}