{"id":10821,"date":"2012-09-11T12:49:11","date_gmt":"2012-09-11T09:49:11","guid":{"rendered":"http:\/\/tautastribunals.eu\/?p=10821"},"modified":"2020-12-20T01:53:50","modified_gmt":"2020-12-19T23:53:50","slug":"a-abele-par-radio-merkurs-caureju","status":"publish","type":"post","link":"https:\/\/tautastribunals.eu\/?p=10821","title":{"rendered":"A. \u0100bele par radio MERKURS &#8220;caureju&#8221;"},"content":{"rendered":"<h2><span style=\"color: #800080;\"> Alfr\u0113ds \u0100bele- gr\u0101matu <strong>\u201cPar valsti\u201d<\/strong> un <strong>\u201cPar tautu\u201d<\/strong> autors<\/span><\/h2>\n<p><span style=\"color: #800080;\"><img decoding=\"async\" loading=\"lazy\" class=\"alignleft  wp-image-10825\" src=\"http:\/\/tautastribunals.eu\/wp-content\/uploads\/2012\/09\/merkurs.jpg\" alt=\"merkurs\" width=\"243\" height=\"149\" \/>Ir vid\u0113jos vi\u013c\u0146os t\u0101ds Radio <strong>MERKURS<\/strong>, kas uz diennakts kosmiskas m\u016bzikas fona reizi ned\u0113\u013c\u0101 organiz\u0113 vienu p\u0101rraidi \u2013 dialogu ar klaus\u012bt\u0101jiem. Sauc \u0161o p\u0101rraidi par <strong>\u201cGaismas pili\u201d, <\/strong>un t\u0101 tiek uzskat\u012bta par \u201cnacion\u0101lu\u201d. Tik tie\u0161\u0101m, taj\u0101 var dzird\u0113t tikai nacion\u0101lu vaidul\u012bbu un gaudas par \u0161odienas latvie\u0161u b\u0113d\u012bgo dz\u012bvi. Ir starp <strong><em>vaidu\u013ciem <\/em><\/strong> da\u017ei <strong><span style=\"text-decoration: underline;\">egles gal\u0101 uzr\u0101pu\u0161ies<\/span><\/strong> sav\u0101 lom\u0101 labi iejutu\u0161ies taur\u0113t\u0101ji, kas br\u012bdina par tautai draudo\u0161\u0101m briesm\u0101m un nemit\u012bgi vaic\u0101: ko dar\u012bt? Ta\u010du neko citu dar\u012bt negrib un nav ar\u012b sp\u0113j\u012bgi. Da\u017ereiz pat atbildi negaida, t\u0101 sakot, trok\u0161\u0146o sevis p\u0113c. <span style=\"text-decoration: underline;\">Tematiski izpl\u016bdu\u0161as intervijas<\/span> ar t\u0101m sekojo\u0161u br\u012bvo mikrofonu ir v\u0101rdiskas <strong>\u201ccaurejas\u201d <\/strong>jeb <strong>\u201cmu\u013c\u0137a lai\u0161ana\u201d<\/strong> <em>ef\u012br\u0101<\/em>, <em><span style=\"text-decoration: underline;\">nevis tautas<\/span><\/em> <em><span style=\"text-decoration: underline;\">izgl\u012bto\u0161ana<\/span><\/em><span style=\"text-decoration: underline;\">.<\/span> T\u0113mu \u0161\u012bm p\u0101rraid\u0113m nosaka sabiedrisk\u0101s organiz\u0101cijas <strong>\u201cNacion\u0101l\u0101 Apvien\u012bba\u201d<\/strong> <strong>(NA) <\/strong>valdes locek\u013ci \u2013 vi\u0146i liel\u0101koties ir ar\u012b radio diskusiju dal\u012bbnieki. Visa \u0161\u012b publika ir apm\u0113ram <strong><span style=\"text-decoration: underline;\">p\u0113cpensijas vecum\u0101<\/span><\/strong>, un satura zi\u0146\u0101, vismaz valsts liet\u0101s, <strong><span style=\"text-decoration: underline;\">j\u0113gas tai maz<\/span><\/strong>. T\u0101p\u0113c visu laiku tiek <em>maltas <\/em>vienas un t\u0101s pa\u0161as <em>gaudas<\/em>, un p\u0101rraide beidzas ar vienu un to pa\u0161u jaut\u0101jumu: ko mums, latvie\u0161iem, dar\u012bt?<\/span><\/p>\n<p><span style=\"color: #800080;\">Piln\u012bb\u0101 <strong>Alfr\u0113da \u0100beles <\/strong>teikto varam izlas\u012bt: Laikraksta DDD Nr. 16(270) 2012.g. 24. augusts- 6. septembris.<\/span><\/p>\n<p><span style=\"color: #800080;\">===============================================<\/span><\/p>\n<p><span style=\"color: #000080;\"><strong><img decoding=\"async\" loading=\"lazy\" class=\"alignleft  wp-image-10848\" src=\"http:\/\/tautastribunals.eu\/wp-content\/uploads\/2012\/09\/TR1.bmp\" alt=\"TR\" width=\"142\" height=\"142\" \/><span style=\"color: #333399;\">LRTT i-vietn\u0113<\/span><\/strong><span style=\"color: #333399;\"> ir vair\u0101kas reizes rakst\u012bts par radio <strong>MERKURS<\/strong> destrukt\u012bvo, pareiz\u0101k b\u016btu teikts, par noziedz\u012bgo darb\u012bbu. <\/span><\/span><\/p>\n<p><span style=\"color: #333399;\">\u0160o atmaskojo\u0161o rakstu rezult\u0101t\u0101 \u0161\u012bs raidstacijas <strong>&#8220;kodols&#8221;<\/strong><em>(Juris Lapinskis un Aivars Andersons)<\/em> uzs\u0101ka akt\u012bvas darb\u012bbas, lai izn\u012bcin\u0101tu<strong> LRTT<\/strong>. Tika zvan\u012bts visiem <strong>LRTT<\/strong> pies\u0113d\u0113t\u0101jiem un atbalst\u012bt\u0101jiem, un draud\u0113ts, ka par t\u0101du apvainojumu n\u0101ksies <strong>ATBILD\u0112T<\/strong> ! <\/span><\/p>\n<h2><span style=\"color: #333399;\">Nebija tikai saprotams, kam mums n\u0101ksies atbild\u0113t: DP, SAB vai Merkura &#8220;caurejistiem&#8221;\u00a0 ? <\/span><\/h2>\n<p><span style=\"color: #333399;\"><img decoding=\"async\" loading=\"lazy\" class=\"alignleft  wp-image-10853\" src=\"http:\/\/tautastribunals.eu\/wp-content\/uploads\/2012\/09\/Aivars-Andersons.jpg\" alt=\"Aivars Andersons\" width=\"277\" height=\"369\" \/><img decoding=\"async\" loading=\"lazy\" class=\"alignleft  wp-image-10854\" src=\"http:\/\/tautastribunals.eu\/wp-content\/uploads\/2012\/09\/Juris-Lapinskis.jpg\" alt=\"Juris Lapinskis\" width=\"230\" height=\"368\" \/>Pal\u012bg\u0101 tika piesaukts ar\u012b di\u017eais dekolonizators <strong>Aivars Garda<\/strong><em>( no t\u0101 saukt\u0101s- <strong>Latvijas Nacion\u0101l\u0101s frontes<\/strong>)<\/em>. \u0160aj\u0101s telefona <em>&#8220;bied\u0113\u0161anas akcij\u0101s&#8221; <\/em>tika piedraud\u0113ts<em>(\u012bst\u0101 KGBistu gar\u0101)<\/em> ar <strong>ES<\/strong> ties\u0101m un pat ar <em><strong>darba karjeras beig\u0101m<\/strong><\/em>, ja nep\u0101rtrauk\u0161ot sadarboties ar <strong>L. Granti\u0146a<\/strong> vad\u012bto<strong> LRTT<\/strong><em>. <\/em>Bet, lai tas paliek uz \u0161o <strong><span style=\"text-decoration: underline;\">tautas atkritumu<\/span><\/strong> s\u012bkaj\u0101m un nodev\u012bgaj\u0101m dv\u0113sel\u012bt\u0113m. <\/span><\/p>\n<p><strong>Foto:<\/strong> <span style=\"color: #ff0000;\"><em>Radio MERKURS &#8220;kodols&#8221; A. Andersons un J. Lapinskis. Nu nav \u0161iem v\u012briem &#8220;caureja&#8221;. Vi\u0146i pilda attiec\u012bgas &#8220;iest\u0101des&#8221;\u00a0 PROGRAMMU. To pier\u0101da vi\u0146u hiperaktivit\u0101te pret LRTT. Par vienu vi\u0146u darb\u012bbas upuri parun\u0101sim k\u0101d\u0101 no n\u0101ko\u0161ajiem rakstiem.<\/em><\/span><\/p>\n<p><span style=\"color: #333399;\">K\u0101 m\u0113s redzam no publicista <strong>Alfr\u0113da \u0100beles<\/strong> teikt\u0101, tad ar\u012b vi\u0146\u0161 ir iev\u0113rojis \u0161\u012b raid\u012bt\u0101ja destrukt\u012bvo sazi\u0146as formu ar klaus\u012bt\u0101jiem. Vi\u0146\u0161 pat v\u0113l prec\u012bz\u0101k ir defin\u0113jis radio <strong>MERKURS<\/strong> <em>&#8220;darb\u012bbu&#8221;,<\/em> nosaucot to par: v\u0101rdisku <strong>&#8220;caureju&#8221;!<\/strong> Nav \u0161aubu, ka, \u0161is sabiedr\u012bb\u0101 cien\u012bjamais un atz\u012btais cilv\u0113ks, ar v\u0101rdu <strong>CAUREJA<\/strong> bija dom\u0101jis sadz\u012bv\u0113 lietojamo v\u0101rdu<strong> P\u013b&#8211;\u012aT<\/strong>. Sekli uztverot, t\u0101 ar\u012b izklaus\u0101s, bet \u012bsten\u012bb\u0101 t\u0101 ir smalki apr\u0113\u0137in\u0101ta cilv\u0113ka pr\u0101ta dezorganiz\u0113\u0161ana, kura tiek veikta p\u0113c <em>&#8220;attiec\u012bgu&#8221;<\/em> <strong><span style=\"text-decoration: underline;\">iest\u0101\u017eu <\/span><\/strong>nor\u0101d\u012bjuma. Atceramies tikai, cik idiotiski, no<strong> MERKURA<\/strong> puses, tika izkrop\u013cots <strong>H-86 pazi\u0146ojums<\/strong>, vissmalk\u0101k\u0101 \u010dekas speci\u0101listu gar\u0101.<\/span><\/p>\n<p><span style=\"color: #333399;\"> Pirms div\u0101m ned\u0113\u013c\u0101m, k\u0101ds zvan\u012bt\u0101js raid\u012bjuma laik\u0101, ar\u012b sac\u012bja<strong> viedus v\u0101rdus<\/strong> par \u0161o <strong>RAID\u012aT\u0100JU<\/strong>. Vi\u0146\u0161 piemin\u0113ja neat\u0146emamos raid\u012bt\u0101ja <strong>MERKURS <\/strong>zvan\u012bt\u0101jus: <strong>R\u016bdolfu<\/strong> un <strong>A. Gedroicu<\/strong> no <strong>Daugavpils<\/strong>. \u013baujot izteikties \u0161iem antilatviskajiem elementiem tiek dezorganiz\u0113ts klaus\u012bt\u0101ja pr\u0101ts. \u0160im klaus\u012bt\u0101jam var piln\u012bb\u0101 piekrist, protams, ar vienu piebildi, ka \u0161ie r\u016bdolfi un gedroici ir neat\u0146emama <strong>MERKURS <\/strong>sast\u0101vda\u013ca. Vi\u0146i pilda latvie\u0161u tautas ienaidnieku doto uzdevumu: \u0161\u0137elt un n\u012bd\u0113t latvie\u0161us. <\/span><\/p>\n<p><span style=\"color: #333399;\"><strong>LRTT saka:<\/strong> &#8220;Visi \u0161ie &#8220;merkuristi&#8221; , s\u0101kot no <strong>A. Andersona<\/strong> un <strong>J. Lapinska<\/strong> un beidzot ar <strong>Baltu, Gedroicu, R\u016bdolfu,<\/strong> ir vis\u012bst\u0101kie provokatori- m\u016bsu tautas nodev\u0113ji.&#8221;<\/span><\/p>\n<p><span style=\"color: #000080;\"><span style=\"color: #333399;\">11.09.12\u00a0\u00a0\u00a0 LRTT<\/span><br \/>\n<\/span><\/p>\n","protected":false},"excerpt":{"rendered":"<p>Alfr\u0113ds \u0100bele- gr\u0101matu \u201cPar valsti\u201d un \u201cPar tautu\u201d autors Ir vid\u0113jos vi\u013c\u0146os t\u0101ds Radio MERKURS, kas uz diennakts kosmiskas m\u016bzikas fona reizi ned\u0113\u013c\u0101 organiz\u0113 vienu p\u0101rraidi \u2013 dialogu ar klaus\u012bt\u0101jiem. Sauc \u0161o p\u0101rraidi par&#46;&#46;&#46;<\/p>\n","protected":false},"author":6,"featured_media":0,"comment_status":"open","ping_status":"open","sticky":false,"template":"","format":"standard","meta":[],"categories":[1],"tags":[],"_links":{"self":[{"href":"https:\/\/tautastribunals.eu\/index.php?rest_route=\/wp\/v2\/posts\/10821"}],"collection":[{"href":"https:\/\/tautastribunals.eu\/index.php?rest_route=\/wp\/v2\/posts"}],"about":[{"href":"https:\/\/tautastribunals.eu\/index.php?rest_route=\/wp\/v2\/types\/post"}],"author":[{"embeddable":true,"href":"https:\/\/tautastribunals.eu\/index.php?rest_route=\/wp\/v2\/users\/6"}],"replies":[{"embeddable":true,"href":"https:\/\/tautastribunals.eu\/index.php?rest_route=%2Fwp%2Fv2%2Fcomments&post=10821"}],"version-history":[{"count":36,"href":"https:\/\/tautastribunals.eu\/index.php?rest_route=\/wp\/v2\/posts\/10821\/revisions"}],"predecessor-version":[{"id":58874,"href":"https:\/\/tautastribunals.eu\/index.php?rest_route=\/wp\/v2\/posts\/10821\/revisions\/58874"}],"wp:attachment":[{"href":"https:\/\/tautastribunals.eu\/index.php?rest_route=%2Fwp%2Fv2%2Fmedia&parent=10821"}],"wp:term":[{"taxonomy":"category","embeddable":true,"href":"https:\/\/tautastribunals.eu\/index.php?rest_route=%2Fwp%2Fv2%2Fcategories&post=10821"},{"taxonomy":"post_tag","embeddable":true,"href":"https:\/\/tautastribunals.eu\/index.php?rest_route=%2Fwp%2Fv2%2Ftags&post=10821"}],"curies":[{"name":"wp","href":"https:\/\/api.w.org\/{rel}","templated":true}]}}