{"id":108,"date":"2009-09-13T14:54:53","date_gmt":"2009-09-13T11:54:53","guid":{"rendered":"http:\/\/tautastribunals.eu\/?p=108"},"modified":"2009-09-13T15:04:03","modified_gmt":"2009-09-13T12:04:03","slug":"laimonis-purs-strazdins-par-jani-peteri","status":"publish","type":"post","link":"https:\/\/tautastribunals.eu\/?p=108","title":{"rendered":"Laimonis Purs (Strazdi\u0146\u0161) par J\u0101ni Peteri."},"content":{"rendered":"<p><strong><span>LRTT<\/span><\/strong><span> savus <strong>SPRIEDUMUS<\/strong> balsta uz faktiem. Neviens nevain\u012bgs netiek apvainots, nedz ar\u012b nomelnots. Tiesiskums <strong>LR<\/strong> tiks atjaunots, lai ar\u012b k\u0101 latvie\u0161u tautas kangari &#8211; j\u016bdasi to censtos aizkav\u0113t vai nepielaist. \u010cekas &#8220;maisi&#8221; tiks atv\u0113rti un vain\u012bgie st\u0101sies bargas latvie\u0161u tautas Tiesas priek\u0161\u0101. Ja k\u0101ds dom\u0101, ka no \u010dekas &#8220;maisiem&#8221; kaut ko var iz\u0146emt vai pat pielikt kl\u0101t, tad t\u0101ds mald\u0101s <strong>PILN\u012aGI<\/strong> ! Bet tas jau ar\u012b ir \u0161o kangaru uzdevums s\u0113t taut\u0101 neuztic\u012bbu un naidu, lai vi\u0146i netiktu ties\u0101ti. \u0160odienas lielie un varenie LR n\u012bd\u0113ji var savus noziegumus veikt pret latvie\u0161u tautu t\u0101p\u0113c, ka ir t\u0101das niec\u012bbas- k\u0101 biju\u0161\u0101s \u010dekas saverv\u0113ti pakalpi\u0146i: <strong>Monikas Z\u012bles, Voldem\u0101ri Krusti\u0146i, M\u0101ras Z\u0101l\u012btes, Juri Rube\u0146i, Elitas Veidemanes, Beni Latkovski, br\u0101\u013ci O. un P. Br\u016bveri&#8230;<\/strong>un vair\u0101ki simti citi nodev\u012bbas vergi, kuriem nekas nav Sv\u0113ts nedz M\u0101te, nedz T\u0113vs, nedz latvie\u0161u valoda, nedz ar\u012b Dzimtene ! <strong>LRTT<\/strong> ir iepazinies ar Laimo\u0146a Pura (Strazdi\u0146a) gr\u0101mat\u0101m &#8220;<strong>AIZEJOT ATSKATIES&#8221;<\/strong>, kur\u0101s ir izkl\u0101st\u012bta m\u016bsu tautas sare\u017e\u0123\u012bt\u0101 v\u0113sture. Protams, ka daudziem m\u016bsu tautas &#8220;kult\u016bristiem&#8221; <strong>Laimonis Purs<\/strong> ir k\u0101 \u013cauns murgs vi\u0146u nodev\u012bgo dv\u0113se\u013cu rad\u012btaj\u0101s &#8220;idill\u0113s&#8221;. T\u0101p\u0113c jau ar\u012b pret vi\u0146u tiek v\u0113rsta tot\u0101la &#8220;noklus\u0113\u0161anas&#8221; politika. <strong>LRTT<\/strong> pateicas <strong>Laimonim Puram<\/strong> par v\u0113stures &#8220;<em>melno plankumu<\/em>&#8221; izgaismo\u0161anu.<\/span><\/span><\/span><\/p>\n<p>Nodev\u012bba agr\u0101k vai v\u0113l\u0101k n\u0101k <strong>Gaism\u0101<\/strong> un nodev\u0113js sa\u0146em nodev\u0113ja algu. K\u0101da t\u0101 ir, nav nevienam priek\u0161\u0101 j\u0101pasaka.<span style=\"font-family: Times New Roman;color: #000000\">\u00a0<\/span><\/span><strong><span><span style=\"color: #000000\"><span style=\"font-family: Times New Roman\">LRTT 13.09.2009.<\/span><\/span><\/span><\/strong><\/p>\n<p>\u00a0<\/p>\n<p>\u00a0\u00a0\u00a0\u00a0<img decoding=\"async\" loading=\"lazy\" class=\"alignleft size-medium wp-image-109\" src=\"http:\/\/tautastribunals.eu\/wp-content\/uploads\/2009\/09\/Laimonis-Purs-Strazdi\u0146\u0161-209x300.jpg\" alt=\"Laimonis Purs (Strazdi\u0146\u0161)\" width=\"209\" height=\"300\" srcset=\"https:\/\/tautastribunals.eu\/wp-content\/uploads\/2009\/09\/Laimonis-Purs-Strazdi\u0146\u0161-209x300.jpg 209w, https:\/\/tautastribunals.eu\/wp-content\/uploads\/2009\/09\/Laimonis-Purs-Strazdi\u0146\u0161-558x800.jpg 558w, https:\/\/tautastribunals.eu\/wp-content\/uploads\/2009\/09\/Laimonis-Purs-Strazdi\u0146\u0161.jpg 816w\" sizes=\"(max-width: 209px) 100vw, 209px\" \/>\u00a0\u00a0\u00a0\u00a0\u00a0\u00a0\u00a0\u00a0<strong>\u00a0\u00a0\u00a0\u00a0\u00a0\u00a0\u00a0\u00a0<\/strong><\/p>\n<p><strong>\u00a0<\/strong><\/p>\n<p><strong>\u00a0Par to, ko nevar dz\u0113st<\/strong><\/p>\n<p><strong>\u00a0\u00a0\u00a0\u00a0\u00a0\u00a0\u00a0\u00a0\u00a0\u00a0\u00a0\u00a0 \u00a0\u00a0\u00a0\u00a0Da\u017ei jaut\u0101jumi Tre\u0161\u0101s atmodas l\u012bderim<\/strong><\/p>\n<p><strong>\u00a0<\/strong><\/p>\n<p>Atvainojos autorei Vijai Beinertei, ka patapin\u0101ju virsrakstu no jubilejas rakst\u012bjuma par dzejnieku, politi\u0137i, diplom\u0101tu, publicistu J\u0101ni Peteri <em>Latvijas Av\u012bzes<\/em> piektdienas izdevum\u0101 <em>M\u0101jas Viesis <\/em>64 (3773) numur\u0101 (19.06.2009.), jo ar\u012b mans raksts b\u016bs par to pa\u0161u J\u0101ni Peteri, kam 2009. gada 30. j\u016bnij\u0101 palika 70 m\u016b\u017ea gadi.<\/p>\n<p>Interviju ievada jubil\u0101ra dzejolis, kur\u0101 izlas\u0101ma \u0161\u0101da \u010detrrinde:<\/p>\n<p>\u201eVisu mums var at\u0146emt,<\/p>\n<p>Tikai m\u012blu n\u0113<\/p>\n<p>\u0160aj\u0101 m\u016b\u017e\u012bgaj\u0101<\/p>\n<p>M\u016bsu dzimten\u0113.\u201d<\/p>\n<p>K\u0101 jau lab\u0101 dzej\u0101, katra v\u0101rda saturisk\u0101 ietilp\u012bba ir neizm\u0113rojama, ar\u012b v\u0101rds \u201edzimten\u0113\u201d nav sa\u0161aurin\u0101ms l\u012bdz vietai, kur\u0101 lemts piedzimt, taj\u0101 tikpat labi iek\u013caujama zemeslode, kosmoss. Dzejolis beidzas ar tr\u012bs v\u0101rdiem:<\/p>\n<p>\u201eM\u012blu nevar dz\u0113st\u201d<\/p>\n<p>Nav izdz\u0113\u0161ama ar\u012b nodev\u012bba. \u0160ai paties\u012bbai strikts apliecin\u0101jums rodams m\u016bsu tautas v\u0113stur\u0113 un v\u0113sturiskaj\u0101 epos\u0101 <em>L\u0101\u010dpl\u0113sis<\/em> ar taj\u0101 att\u0113loto Kangaru (cit\u0101ti no le\u013c\u013cu lugas, ko sarakst\u012bju p\u0113c Andreja Pumpura latvju tautas eposa mot\u012bviem, iestud\u0113ta Le\u013c\u013cu te\u0101tr\u012b, public\u0113ta kr\u0101jum\u0101 <em>Gaism\u0113nas<\/em>, izd. \u201eLiesma\u201d,1972.):<\/p>\n<p>Kangara verv\u0113t\u0101js L\u012bkcepure:<\/p>\n<p>\u201eIzsalcis esmu verdzisku dv\u0113se\u013cu,<\/p>\n<p>Diem\u017e\u0113l retumis patr\u0101p\u0101s t\u0101das&#8230;<\/p>\n<p>Ta\u010du dr\u012bzumis \u0137\u0113riens b\u016bs guv\u012bgs \u2013<\/p>\n<p>n\u0101c\u012bs no vakariem sve\u0161a tauta<\/p>\n<p>iekarot Baltijas zemi,<\/p>\n<p>tic\u012bbu izplat\u012bt jaunu.<\/p>\n<p>T\u0101 manim vair\u0101k ienes\u012bs pe\u013c\u0146as&#8230;\u201d<\/p>\n<p>1940. gada 17. j\u016bnij\u0101 atkal ien\u0101ca sve\u0161a tauta, \u0160oreiz no austrumiem ar mums neredz\u0113t\u0101m karav\u012bru cepur\u0113m, rad\u0101s pat teiciens: \u201eAug\u0161\u0101 pu\u013c\u0137\u012bt\u2019s, apak\u0161\u0101 mu\u013c\u0137\u012bt\u2019s\u201d&#8230; Tic\u012bbu krist\u012bgo Dievam s\u0101ka nomain\u012bt ar tic\u012bbu soci\u0101lismam un nek\u013c\u016bd\u012bgajai komunistiskajai partijai, t\u0101s vado\u0146iem.<\/p>\n<p>J\u0101nis Peters piedzima soci\u0101ldemokr\u0101tiski noska\u0146ot\u0101 \u0123imen\u0113, p\u0113c 1934. gada 15. maija valsts apv\u0113rsuma t\u0113vu ieslodz\u012bja nometn\u0113.<\/p>\n<p>Ar\u012b mana jaun\u012bba saist\u012bta ar soci\u0101ldemokr\u0101tisko t\u0113voci, vi\u0146\u0161, Liep\u0101j\u0101 str\u0101d\u0101jot par skolot\u0101ju, tonakt uz divrite\u0146a pagl\u0101b\u0101s no apcietin\u0101\u0161anas, 1941. gada august\u0101 sa\u0146\u0113ma lodi Burtnieku ezera krast\u0101, Mat\u012b\u0161os pie bazn\u012bcas.<\/p>\n<p>K\u0101 dad\u017ea poga\u013ca vadmal\u0101, J\u0101nim Peterim un man, abiem mums g\u0113nos neatvair\u0101mi bija pielipis rainiskais soci\u0101lais taisn\u012bgums. Bet k\u0101 ar rainisko latviskumu?<\/p>\n<p>1949. gad\u0101 J\u0101nim Peterim 9 gadi, man 26. Vi\u0146am balta un rimta b\u0113rn\u012bba, man lemts pieredz\u0113t tautas izs\u016bt\u012b\u0161anu uz Sib\u012briju, seko kar\u0161, un mans m\u016b\u017es jau tik saraibin\u0101ts, ka marta s\u0101kum\u0101, neilgi pirms otr\u0101s deport\u0101cijas, divi L\u012bkcepures \u2013 jaun\u0101kais leitnants Kolosencevs un majors Bro\u0146\u0146ikovs \u2013 izsauc mani uz kara komisari\u0101tu. Pla\u0161\u0101ks st\u0101st\u012bjums izlas\u0101ms man\u0101s atmi\u0146u atspulg\u0101s par noklus\u0113to un viltniecisko <em>Aizejot atskaties<\/em>, kas izdotas div\u0101s gr\u0101mat\u0101s 2006. gad\u0101.<\/p>\n<p>Izg\u0101ju bargu dz\u012bves skolu cauri div\u0101m okup\u0101cij\u0101m, kad cilv\u0113ka dz\u012bv\u012bbai bija gra\u0161a v\u0113rt\u012bba. Visdrausm\u012bg\u0101k to apliecin\u0101ja sta\u013cinisms l\u012bdz diktatora n\u0101vei 1953. gad\u0101, pa\u0146emot \u2013 p\u0113c jaun\u0101kajiem apr\u0113\u0137iniem \u2013 aptuveni 100 miljoniem (!) cilv\u0113ku dz\u012bv\u012bbu.<\/p>\n<p>Nepiedzimu k\u0101 nacion\u0101lists. Par t\u0101du k\u013cuvu, dz\u012bvojot \u0161aj\u0101 asi\u0146u un asaru j\u016br\u0101, un redzot likte\u0146a drausmo netaisn\u012bbu pret latvie\u0161u n\u0101ciju.<\/p>\n<p>\u00a01967. gad\u0101, aizejot no darba \u017eurn\u0101l\u0101 <em>Zvaigzne<\/em>, kuru izveidoja un k\u0101dus gadus vad\u012bja nacion\u0101lkomunists K\u0101rlis Ozoli\u0146\u0161, \u017eurn\u0101ls, kas pirmais Padomju Savien\u012bb\u0101 pag\u0101ju\u0161\u0101 gadsimta piecdesmito gadu otr\u0101 pus\u0113 iedro\u0161in\u0101j\u0101s kaus\u0113t stindzino\u0161o dogmatismu un zu\u0161a glumu viltniec\u012bbu, \u2013 aizejot uzaicin\u0101ju J\u0101ni Peteri no latvie\u0161iem jau glu\u017ei melnsimtnieciski I. \u012averta vad\u012bt\u0101 laikraksta <em>C\u012b\u0146a<\/em> p\u0101rn\u0101kt str\u0101d\u0101t \u017eurn\u0101l\u0101. Grib\u0113ju jauno dzejnieku pasarg\u0101t no partijas CK org\u0101na ideolo\u0123isk\u0101s ietekmes. Vi\u0146\u0161 piekrita.<\/p>\n<p>1968. gad\u0101 J\u0101ni Peteri uz\u0146\u0113ma padomju rakstnieku savien\u012bb\u0101, 1973. gad\u0101 PSRS komunistiskaj\u0101 partij\u0101.<\/p>\n<p>1988. gada maij\u0101 notika mana p\u0113d\u0113j\u0101 saruna ar dzejnieku un RS valdes priek\u0161s\u0113d\u0113t\u0101ju, to p\u0101rtrauca \u0101rzemju laikraksta korespondentes iera\u0161an\u0101s. Atceroties \u0161o epizodi, gr\u0101mat\u0101 <em>Aizejot atskaties<\/em> beidzu ar v\u0101rdiem:<\/p>\n<p>\u201e \u2013 Piezvani, lai varu sarunu pabeigt. Jaut\u0101jums \u013coti nopietns, \u2013 sac\u012bju.<\/p>\n<p>\u2013\u00a0\u00a0\u00a0\u00a0\u00a0\u00a0 Labi, labi.<\/p>\n<p>Nepiezvan\u012bja.\u201d<\/p>\n<p>P\u0113c 20 gadiem pien\u0101cis atkal br\u012bdis, lai toreiz\u0113jo sarunu \u201ezem \u010detr\u0101m ac\u012bm\u201d tom\u0113r pabeigtu, \u0161oreiz gan publiski.<\/p>\n<p>Juridiskas piesardz\u012bbas d\u0113\u013c no toreiz daudz ko pasac\u012bt grib\u0113t\u0101 nepateik\u0161u ar\u012b \u0161oreiz, pajaut\u0101\u0161u tikai par to, kam ir dz\u012bvi liecinieki vai rakstiski pier\u0101d\u012bjumi. Lai cik tas nepat\u012bkami, pien\u0101cis laiks atrakt paties\u012bbas saknes tam, kas noticis Latvij\u0101 p\u0113d\u0113jos 20 gados, un notiek pa\u0161reiz, pie kam da\u013c\u0101 sabiedr\u012bbas valda piln\u012bga neizpratne, k\u0101p\u0113c t\u0101 noticis un kas vain\u012bgs.<\/p>\n<p>M\u0113s, J\u0101ni, bij\u0101m uz \u201etu\u201d, ar\u012b nepabeigtaj\u0101 sarun\u0101, un t\u0101p\u0113c at\u013cau\u0161os turpin\u0101t ar \u0161o vietniekv\u0101rdu, kas saglab\u0101jies m\u016bsu senaj\u0101 un izteiksm\u0113 bag\u0101taj\u0101 valod\u0101, at\u0161\u0137ir\u012bb\u0101 no pasaul\u0113 tagad valdo\u0161\u0101s ang\u013cu m\u0113les, kur\u0101 iesp\u0113jams tikai j\u016bsot.<\/p>\n<p>Tu izvirz\u012bjies vado\u0161ajos, pie tam latviskumu aizst\u0101vo\u0161os dzejniekos. B\u016b\u0161u atkl\u0101ts. K\u0101 las\u012bt\u0101jam man pietr\u016bka autora iek\u0161\u0113jais p\u0101rdz\u012bvojums, piem\u0113ram, k\u0101ds pl\u016bda no \u0100rijas Elksnes dzejo\u013ciem, Tavs dotais vair\u0101k sliec\u0101s nacion\u0101l\u0101 virzien\u0101 ar pr\u0101tu tend\u0113t\u0101 r\u012bm\u012bt\u0113:<\/p>\n<p>\u201eLatvie\u0161u dzejniekiem, latvie\u0161u zvejniekiem<\/p>\n<p>p\u0113rt\u0101s un p\u0101rlauzt\u0101s muguras dz\u012bst,<\/p>\n<p>latvie\u0161u zvejnieki, latvie\u0161u dzejnieki<\/p>\n<p>atkal st\u0101v taisni un atsak\u0101s l\u012bst.\u201d<\/p>\n<p>Dramaturgs un ilgus gadus RS priek\u0161nieks Gun\u0101rs Priede gr\u0101mat\u0101 <em>Mans 1984. gads<\/em> jau gadskaitl\u012b ielicis savas dv\u0113seles s\u0101pes un sa\u0161utumu, ka Imants Ziedonis \u201ear drauga ties\u012bb\u0101m\u201d piespie\u017e \u201ebr\u012bvpr\u0101t\u012bgi\u201d vi\u0146u aiziet no RS pirm\u0101 sekret\u0101ra kr\u0113sla, lai taj\u0101 ies\u0113stos J\u0101nis Peters. Vai \u0161aj\u0101 nomai\u0146\u0101 nebija k\u0101ds sakars ar VDK vad\u012bt\u0101ja, pirms n\u0101ves PSRS kompartijas \u0123ener\u0101lsekret\u0101ra Jurija Andropova pav\u0113li visos galvenos poste\u0146os steidz\u012bgi izvirz\u012bt t\u0101 sauktos \u201eietekmes a\u0123entus\u201d? Jo dr\u012bz amatu papildin\u0101ja nenoz\u012bm\u012bgs, bet tajos laikos \u013coti b\u016btisks \u201es\u012bkums\u201d; izr\u0101dot cie\u0146u Andrejam Up\u012btim, kas bija pirmais Latvijas Padomju Rakstnieku Savien\u012bbas valdes priek\u0161s\u0113d\u0113t\u0101js, visiem v\u0113l\u0101kajiem valdes priek\u0161niekiem amata nosaukums \u2013 pirmais, otrais un tre\u0161ais sekret\u0101rs, J\u0101nim Peterim atkal atjaunoja Andreja Up\u012b\u0161a pagodin\u0101jumu, lai, t\u0101 teikt, skan\u0113tu iesp\u0113jami \u201eietekm\u012bg\u0101k\u201d.<\/p>\n<p>Daudzus faktus un to ticam\u012bbu sagrauzis laika zobs. Izv\u0113l\u0113\u0161os pavaic\u0101t par neapstr\u012bdamo.<\/p>\n<p>1988. gada 3.- 4. apr\u012b\u013ca latvie\u0161u padomju rakstnieku 9.kongres\u0101 Tu nolas\u012bji savu p\u0101rskata-atskaites runu. Republikas lab\u0101ko un veiksm\u012bg\u0101ko prozai\u0137u grup\u0101 ierindoji gau\u017ei pel\u0113c\u012bgo Gun\u0101ru C\u012bruli, RS 3.sekret\u0101ru, kas \u2013 un to zin\u0101ja tikpat k\u0101 visi RS biedri \u2013 izpild\u012bja tos pa\u0161us s\u012bkdarbi\u0146us, kurus pirms vi\u0146a ilgus gadus \u010dekas a\u0123ents \u0100dolfs Talcis. Gun\u0101rs C\u012brulis savu talantu pier\u0101d\u012bja ne ar literat\u016bru, bet gan ar biogr\u0101fiju \u2013 Otr\u0101 pasaules kar\u0101 no v\u0101cu okup\u0113t\u0101s Latvijas vi\u0146\u0161 ar viltotiem dokumentiem vai glu\u017ei neticami aizb\u0113ga uz neitr\u0101lo \u0160veici, un, kad PSRS karasp\u0113ks okup\u0113ja Austriju, nok\u013cuva V\u012bn\u0113, s\u0101ka str\u0101d\u0101t k\u0101 tulks Padomju Savien\u012bbas dro\u0161\u012bbas org\u0101nos. Atgriezies padomju Latvij\u0101, vi\u0146\u0161 krievu valod\u0101 izn\u0101ko\u0161aj\u0101 laikrakst\u0101 jaunatnei redakcij\u0101 k\u0101du laiku de\u017eur\u0113ja pie \u012bpa\u0161i slepena t\u0101lru\u0146a. Vi\u0146a liter\u0101ro mazsp\u0113ju Tu, J\u0101ni, kongres\u0101 c\u0113li slav\u0101, bet, b\u016bdams Latvijas v\u0113stures un latvie\u0161u dainu, k\u0101 tagad teiktu, kars\u0113js, \u2013 noklus\u0113ji tolaik latvie\u0161u padomju literat\u016br\u0101 vien\u012bgo v\u0113sturisko tetralo\u0123iju par zemga\u013cu br\u012bv\u012bbas c\u012b\u0146\u0101m 13. gadsimt\u0101 <em>Dego\u0161ais pilskalns, Krusts virs pilskalna. T\u0101lajos pilskalnos, S\u016br\u0101bele pilskaln\u0101.<\/em> Kongres\u0101 teikt\u0101s runas iem\u016b\u017ein\u0101tas bro\u0161\u016br\u0101, izdevuma atbild\u012bgais redaktors J\u0101nis Peters, ar\u012b priek\u0161v\u0101rds vi\u0146a, un taj\u0101 apgalvots, ka public\u0113tas \u201evisas rakstnieku runas\u201d. Manas nav! Bet run\u0101jis esmu, pier\u0101d\u012bjums tam saglab\u0101jies taj\u0101 pa\u0161\u0101 bro\u0161\u016br\u0101, jo divi run\u0101t\u0101ji atsaucas uz mani, vien\u012bgi Tu k\u0101 atbild\u012bgais aiz pavir\u0161\u012bbas neesi izsv\u012btrojis no vi\u0146u run\u0101m manu pseidon\u012bmu. S\u012bkums, vai ne? \u0160odien pat smiekl\u012bgs, bet toreiz vienus (nepak\u013c\u0101v\u012bgos) cent\u0101s noklus\u0113t un otrus (pak\u013c\u0101v\u012bgos) slavin\u0101t, t\u0101da bija pamatnost\u0101dne, kuru \u012bstenoja cent\u012bgie kompartijas funkcion\u0101ri, ja grib\u0113ja tais\u012bt karjeru un notur\u0113ties nomenklat\u016bras kr\u0113sl\u0101.<\/p>\n<p>RS vecbiedrs Voldem\u0101rs Melnis, \u2013 atg\u0101jis no literat\u016brkritikas jau septi\u0146desmito gadu s\u0101kum\u0101, peln\u012bja iztiku ar pasaules klasi\u0137u, ar\u012b Markesa, tulkojumiem no ori\u0123in\u0101lvalodas, \u2013 Tavu izr\u012bc\u012bbu un darbo\u0161anos nov\u0113rt\u0113ja k\u0101 tik rupji nekaun\u012bgu un iztap\u012bgu, ka ar Tevi, J\u0101ni, sasveicinoties atteic\u0101s sarokoties, ko reiz sav\u0101m ac\u012bm redz\u0113ju, tuvojoties caur V\u0113rma\u0146d\u0101rzu namam Kr. Barona 12&#8230;<\/p>\n<p>Tolaik no literat\u016bras, no rakst\u012b\u0161anas atg\u0101ja ne viens vien. Nesen \u0101rsts un talant\u012bgais filozofiskas ievirzes rakstnieks Edmunds Rudz\u012btis publisk\u0101 intervij\u0101 apstiprin\u0101ja savu nerakst\u012b\u0161anu, neiesp\u0113ju nodruk\u0101ties. Iemesls? Tas pats padomju varai tik ierastai \u2013 nedr\u012bkst \u013caut izv\u0113rsties latvie\u0161u literat\u016bras druv\u0101 liter\u0101tam, kas raksta sakar\u012bg\u0101k un t\u0101tad lab\u0101k par Imanta Ziedo\u0146a epifanij\u0101m, ta\u010du nav padev\u012bgs valdo\u0161ajam ideolo\u0123ijas v\u0113jam.<\/p>\n<p>Pat visizcil\u0101kajiem v\u0113sturniekiem neatspogu\u013cot t\u0101laika padomju literat\u016br\u0101 valdo\u0161o psiholo\u0123isko gaisotni, te darbalauks literat\u016brai, rom\u0101nistiem, diem\u017e\u0113l \u0161\u0101das gr\u0101matas nepar\u0101d\u0101s; gados vec\u0101kie un talant\u012bg\u0101kie pa\u0161i sasm\u0113r\u0113ju\u0161ies, jaun\u0101kie deta\u013cas nezina un necen\u0161as uzzin\u0101t, jo tiek joproj\u0101m pieskat\u012bti ja ne no \u201evec\u0101s gvardes\u201d, tad no vi\u0146u skolotiem d\u0113li\u0146iem un mazd\u0113li\u0146iem noteikti.<\/p>\n<p>1988. gada 1.-2. j\u016bnij\u0101 norisa Rado\u0161o Savien\u012bbu apvienotais, joproj\u0101m atkal un atkal uzc\u012bt\u012bgi \u2013 vai vienk\u0101r\u0161i aiz nezino\u0161as inerces \u2013\u00a0 slavin\u0101tais pl\u0113nums. Nosl\u0113gum\u0101 tur tika pie\u0146emta rezol\u016bcija \u201eatz\u012bt Latviju par suverenu un nacion\u0101lu valsti <span style=\"text-decoration: underline\">padomju feder\u0101cij\u0101.<\/span>\u201d<\/p>\n<p>Kam pieder \u0161is ieraksts laikmeta dokument\u0101? Un kam pieder aicin\u0101jums \u201ebr\u012bva Latvija br\u012bv\u0101 Krievij\u0101\u201d? Pl\u0113numa ievadv\u0101rdos Tu esi uzsv\u0113ris:<\/p>\n<p>\u201eTie\u0161i internacion\u0101lisma v\u0101rd\u0101 \u0161odien j\u0101run\u0101 par Soci\u0101listisko Republiku Savien\u012bbas pa\u0161u pamatu \u2013 republiku k\u0101 valstu suverenit\u0101ti un n\u0101ciju re\u0101lu l\u012bdzties\u012bbu.\u201d<\/p>\n<p>Vai Tu, J\u0101ni, joproj\u0101m ceri savienot nesavienojamo? Mazas republikas l\u012bdzties\u012bbu ar imperi\u0101listisku lielvalsti?<\/p>\n<p>Da\u017eus RS biedrus, kuri bija ieskait\u012bti nelabojamos un b\u012bstamos nacion\u0101listos, pl\u0113num\u0101 neielaida, ar\u012b mani, t\u0101p\u0113c skaidr\u012bbas labad izlas\u012bju p\u0113d\u0113j\u0101 Valsts dro\u0161\u012bbas komitejas priek\u0161s\u0113d\u0113t\u0101ja Edmunda Johansona gr\u0101matu \u201e\u010cekas \u0122ener\u0101\u013ca piez\u012bmes\u2019. Vi\u0146\u0161 raksta:<\/p>\n<p>\u201eParasti pirms pl\u0113numa notika konsult\u0101cijas ar attiec\u012bgiem inteli\u0123ences p\u0101rst\u0101vjiem.\u201d<\/p>\n<p>Vai ar Tevi, J\u0101ni, k\u0101 pl\u0113numa organizatoru ar\u012b konsult\u0113j\u0101s vai varb\u016bt konsult\u0113ja Tevi? \u0122ener\u0101lim \u0161is pl\u0113nums \u201e\u012bpa\u0161i palicis atmi\u0146\u0101\u201d, lai gan \u201eda\u017e\u0101du apsv\u0113rumu d\u0113\u013c z\u0101l\u0113 nes\u0113d\u0113ju\u201d, bet s\u0113d\u0113jis blakus z\u0101lei Izgl\u012bt\u012bbas nama direktora kabinet\u0101 un klaus\u012bjies, pie tam bez uztraukuma, jo ?visa politisk\u0101 vad\u012bba atrad\u0101s prezidij\u0101, t\u0101d\u0113j\u0101di apliecinot inteli\u0123ences lielo noz\u012bmi Latvijas politiskaj\u0101 dz\u012bv\u0113.\u201d<\/p>\n<p>J\u0101nis Peters, k\u0101 jau kv\u0113ls c\u012bn\u012bt\u0101js par metro b\u016bvi R\u012bg\u0101, aicin\u0101ja visus rakstniekus un visu RS iesaist\u012bties \u201egadsimta celtnes\u201d atbalst\u012bt\u0101jos. No pl\u0113numa trib\u012bnes idejiskais c\u012b\u0146u biedrs \u0100brams K\u013cockins (tagad K\u013ceckins)\u00a0 esot pamat\u012bgi izp\u013cauk\u0101jis ar v\u0101rdiem metro negrib\u012b\u0161us (cit\u0113ju laikrakst\u0101 nodruk\u0101to):<\/p>\n<p>\u201eEs nezinu, k\u0101 j\u016bs, bet es uztveru visu to milz\u012bgo k\u0146adu, visu to milz\u012bgo ener\u0123iju, ko m\u016bsu sabiedr\u012bba, apsprie\u017eot \u2013 celt vai necelt metro, ir izlietojusi k\u0101 pa\u0146\u0113mienu, k\u0101 nov\u0113rst sabiedrisk\u0101s domas uzman\u012bbu no tie\u0161\u0101m vit\u0101liem m\u016bsu sabiedr\u012bbas att\u012bst\u012bbas jaut\u0101jumiem. Mums pietiek uz\u0146\u0113m\u012bbas r\u012bkot vis\u0101da veida pas\u0101kumus un m\u012bti\u0146us un visu ko, lai run\u0101tu par to, vai mums pie\u0146emt 500 miljonu d\u0101vanu vai atteikties lepni no t\u0101s. \u013boti labi, run\u0101sim par to. Bet nez k\u0101p\u0113c m\u016bsu atkl\u0101tuma nepietiek, lai pateiktu vienreiz skaidri un gai\u0161i, uzdotu sev jaut\u0101jumu, k\u0101 tas ir izn\u0101cis, ka Latvija, kas bija visatt\u012bst\u012bt\u0101k\u0101 no Baltijas valst\u012bm, kas bija nesal\u012bdzin\u0101mi att\u012bst\u012bt\u0101ka par Lietuvu, att\u012bst\u012bt\u0101ka par Igauniju, nemaz nerun\u0101jot par kara sagrauto Baltkrieviju, tagad ir p\u0113d\u0113j\u0101 \u0161o valstu rind\u0101. K\u0101 tas ir noticis?\u201d<\/p>\n<p>\u0100brams toreiz pats neatbild\u0113ja savam jaut\u0101jumam un neatbild\u0113s ar\u012b tagad, un t\u0101p\u0113c, J\u0101ni, pasaki Tu \u2013 k\u0101 tas ir noticis, ka m\u0113s padomju varas laik\u0101 palik\u0101m tautsaimniec\u012bb\u0101 p\u0113d\u0113jie un nu atkal esam p\u0113d\u0113jie?! Vai Maskavas toreiz apsol\u012btie 500 miljoni metro celtniec\u012bbai b\u016btu \u0161odien izvirz\u012bju\u0161i m\u016bs pirmrindniekos? Vai no cit\u0101m republik\u0101m naski pal\u012bdz\u0113t iebrauku\u0161ie, apm\u0113ram 50\u00a0000 celtnieki un vi\u0146u sievas, b\u0113rni\u0146i un b\u0101bu\u0161kas, b\u016btu aizstumu\u0161i Latviju visiem gar\u0101m?<\/p>\n<p>Un v\u0113l \u2013 vai latvie\u0161u tauta toreiz bija vainojama Latvijas ekonomiskaj\u0101 atpalic\u012bb\u0101? Un nevis tai ar varu uzspiestie vad\u012bt\u0101ji, \u0161ie pel\u0161es un vosi, un simtiem t\u016bksto\u0161iem iebrauc\u0113ju ? Un vai tagad atkal latvie\u0161u tautu vainosim valsts nove\u0161an\u0101 l\u012bdz gal\u012bgam bankrotam? Un nevis viltnieciski valsts vad\u012bt\u0101jos iestumtos un ielav\u012bju\u0161os darbo\u0146us?<\/p>\n<p>M\u016bsu n\u0101kotne prasa atbild\u0113t \u0161odien!<\/p>\n<p>Manai nost\u0101jai pret metro b\u016btisku pal\u012bdz\u012bbu sniedza augstskolas diplomdarbs par satiksmes iesp\u0113j\u0101m R\u012bg\u0101, ko bija izstr\u0101d\u0101jusi Baiba \u0160avri\u0146a, tagad LU profesore, ekonomikas doktore. Vi\u0146ai gan pien\u0101ktos ordenis. Jo ko m\u0113s \u0161odien R\u012bg\u0101 dar\u012btu ar metro, ja pat vecveco tramvaju R\u012bgas Dome nav sp\u0113jusi pakustin\u0101t moderniz\u0101cijas virzien\u0101!?<\/p>\n<p>Par Tautas fronti , kur\u0101 Tu, J\u0101ni, par vadoni izvirz\u012bji Daini \u012av\u0101nu, \u2013 VDK \u0123ener\u0101lis E. Johansons sav\u0101 gr\u0101mat\u0101 past\u0101sta vair\u0101k, nesl\u0113pj k\u0101 jaunie \u201el\u0101\u010dpl\u0113s\u012b\u0161i\u201d p\u0113di\u0146\u0101s ros\u012bj\u0101s \u201edotaj\u0101 virzien\u0101\u201d, un pie viena piesavin\u0101j\u0101s tautas nopelnus sev. Un turpina to \u0161obaltdien. \u0122ener\u0101lis nemelo un atkl\u0101j, ka \u201epati partijas centr\u0101lkomiteja ir piedal\u012bjusies Tautas fronte izveid\u0113\u201d, pie tam \u201edemokr\u0101tisko kust\u012bbu izp\u0113tei rad\u012bj\u0101m speci\u0101lu apak\u0161vien\u012bbu, kura darboj\u0101s man\u0101 vad\u012bb\u0101. M\u016bsu r\u012bc\u012bb\u0101 non\u0101ca inform\u0101cijas g\u016bzma, un m\u0113s zin\u0101j\u0101m visu, kas notiek, k\u0101di pas\u0101kumi tiek gatavoti, kas ar ko tiekas un kas ar ko pl\u0101no tikties.\u201d<\/p>\n<p>\u201eM\u0113s zin\u0101j\u0101m visu\u201d&#8230;<\/p>\n<p>Kas bija \u0161ie informatori? Tauta joproj\u0101m nezina! M\u016bsu laikraksti un gandr\u012bz vai nesaskait\u0101mie \u017eurn\u0101l\u012b\u0161i pl\u012bst no inform\u0101cijas p\u0101rpiln\u012bbas. Jaut\u0101jums tikai \u2013 no k\u0101das? Latviju sarg\u0101jo\u0161as vai pazudino\u0161as? Ir izdotas gr\u0101matas, kur\u0101s var izlas\u012bt krietnu devu paties\u012bbas, ta\u010du \u0161\u0137iet, ka t\u0101s nav ne zin\u0101mas, ne las\u012btas. T\u0101s tiek noklus\u0113tas.<\/p>\n<p>Kad pav\u0113r\u0101s iesp\u0113ja Latvijai b\u016bt neatkar\u012bgai, viens no Taviem, J\u0101ni Peter, vistuv\u0101kajiem l\u012bdzgaitniekiem uzaicin\u0101ja uz Tieslietu ministriju VDK \u0123ener\u0101li E. Johansonu, lai&#8230; lai izv\u0113l\u0113tos \u201epareizos kadrus\u201d. Beidzot ta\u010du sabiedr\u012bbai b\u016btu j\u0101uzzina, kur\u0161 kuru izvirz\u012bja vai neizvirz\u012bja, k\u0101 tapa veidota valsts p\u0101rvalde, kura apliecin\u0101ja savu mazsp\u0113ju, mu\u013c\u013c\u0101ja un mu\u013c\u013c\u0101ja un 20 gados nomu\u013c\u013c\u0101ja valsti l\u012bdz t\u0101dam bankrotam, k\u0101du pagr\u016bti atrast pat pasaules v\u0113stur\u0113.<\/p>\n<p>Cik daudz \u0161aj\u0101 lejupgait\u0101 ir tie\u0161a nodev\u012bba un cik vienk\u0101r\u0161s stulbums? Cik ilgi izliksimies un klus\u0113sim? Ar\u012b Tu, J\u0101ni, kas biji Tre\u0161\u0101s atmodas l\u012bderis? Vai neko nezin\u0101ji un nesaprati? Daudzi tam netic, mani ieskaitot.<\/p>\n<p>Viens no viskareiv\u012bg\u0101kajiem c\u012bn\u012bt\u0101jiem par neatkar\u012bgu Latviju, latvie\u0161u tautas likteni, biju\u0161ais nacion\u0101lkomunists, tagad nelai\u0137is Eduards Berklavs sav\u0101 gr\u0101mat\u0101 <em>Zin\u0101t un neaizmirst<\/em> raksta:<\/p>\n<p>\u201eN\u0101kamo v\u0113stuli Latvijas inteli\u0123encei pats ieliku J\u0101\u0146a Petera v\u0113stu\u013ckast\u012bt\u0113, pieskaroties tai tikai ar cimdiem. Kaut ar\u012b dzejnieks bija rad\u012bjis nacion\u0101li patriotiskus dzejo\u013cus, piln\u012bb\u0101 vi\u0146am vairs neuztic\u0113jos. Tom\u0113r grib\u0113ju izm\u0113\u0123in\u0101t, lai p\u0101rbaud\u012btu. Aizdomas par negod\u012bgums apstiprin\u0101j\u0101s.\u201d<\/p>\n<p>V\u0113stule non\u0101ca \u010dek\u0101&#8230; Tu taisnosies, ka pats neaiznesi? Tom\u0113r iedevi savam pal\u012bgam aiznest.<\/p>\n<p>Manas m\u0101tes v\u012brs, ne \u012bsti igaunis, ne krievs, alkoholi\u0137is gan, nodeva savas sievas d\u0113lu Sta\u013cina \u010dekai dz\u012bvok\u013ca, automa\u0161\u012bnas un citu materi\u0101lo labumu d\u0113\u013c. T\u0101 r\u012bkoj\u0101s daudzi, dokument\u0101li par to var izlas\u012bt Aleksandra Jakov\u013ceva gr\u0101mat\u0101 <em>Kr\u0113sla<\/em>, taj\u0101 atkl\u0101tas ar\u012b Maskavas vado\u0161o rakstnieku nekrietn\u012bbas. Nodeva ar\u012b deklas\u0113ti elementi par pusstopu. 25 rub\u013ci bija gandr\u012bz vai ordenis, pat v\u0113rt\u012bg\u0101ks, jo, p\u0101rdodot apbalvojumu, var\u0113ja nok\u013c\u016bt aiz rest\u0113m, turpretim ar divdesmitpiecnieku r\u012bkojies br\u012bvi, gribi \u2013 noliec, gribi \u2013 nodzer vai pasniedz k\u0101dai dai\u013cavai. \u010cekas visb\u012bstam\u0101kie sadarbnieki n\u0101ca no karjeristu aprind\u0101m, s\u0101kot ar augst\u0101ku amatu un t\u016brisma braucienu uz \u0101rzem\u0113m k\u0101rojo\u0161ie, ar\u012b par kaut ko sagr\u0113koju\u0161ies, izp\u0113rkot savu vainu. Tev, J\u0101ni, neviens no manis nosauktajiem c\u0113lo\u0146iem sadarb\u012bbai ar padomju dro\u0161\u012bbas dienestiem nepiemita, pat godk\u0101re ne, to Tu var\u0113ji sa\u0146emt atliku lik\u0101m k\u0101 dzejnieks. Tev\u012b bija kaut kas daudz dzi\u013c\u0101ks, notur\u012bg\u0101ks, tik stings un virzo\u0161s, kas sa\u0161\u0137\u0113la Tevi k\u0101 person\u012bbu un k\u0101 dzejnieku, Raksta apm\u0113ru d\u0113\u013c neizpl\u016bd\u012b\u0161u daudzv\u0101rd\u012bb\u0101, nosauk\u0161u tikai vienu autoru, kas \u201eatkod\u0113ja\u201d Tevi, un k\u0101 viens no pirmajiem dar\u012bja to zin\u0101mu publiski: pieredz\u0113ju\u0161ais PSRS milit\u0101rais \u017eurn\u0101lists Modris Ziemi\u0146\u0161 1998. gad\u0101 laida klaj\u0101 savu gr\u0101matu <em>Tre\u0161\u0101 atmoda. Paz\u012bstamas, nepaz\u012bstamas un jau aizmirstas sejas.<\/em> Autora dotais Tre\u0161\u0101s atmodas l\u012bdera raksturojums tr\u0101p\u012bja desmitniek\u0101, rakstot, ka J\u0101\u0146a Petera \u201eapzin\u012bgie dz\u012bves gadi ir saist\u012bti ar Latvijas likteni, bet kur un kad J. Peters ir asi nost\u0101jies par latvie\u0161u tautas svar\u012bgiem izdz\u012bvo\u0161anas jaut\u0101jumiem sav\u0101 zem\u0113? Diem\u017e\u0113l es savos arh\u012bvos t\u0101dus rakstus un runu tekstus neatrodu. Visos bez iz\u0146\u0113muma \u2013 kosmopol\u012btisms jeb, k\u0101 agr\u0101k teica, internacion\u0101lisma inton\u0101cijas, reiz\u0113m \u013coti uzb\u0101z\u012bgas un gr\u016bti saprotamas patiesi latviski dom\u0101jo\u0161am cilv\u0113kam.\u201d Nobeigum\u0101 Modris Ziemi\u0146\u0161 v\u0113las uzzin\u0101t:<\/p>\n<p>\u201eJaut\u0101jums ir vien\u012bgi t\u0101ds: k\u0101 J\u0101nis Peters ir nok\u013cuvis krievu tautas trad\u012bciju g\u016bst\u0101?\u201d<\/p>\n<p>Krievu tauta&#8230; Di\u017ea, varena&#8230; M\u016bzik\u0101, rakstniec\u012bb\u0101, m\u0101ksl\u0101 galotnes cilv\u0113ces kult\u016br\u0101&#8230; Zin\u0101tn\u0113 uz m\u016b\u017eu ierakst\u012bti v\u0101rdi&#8230; Tas ietekm\u0113, sava\u0146\u0123o.<\/p>\n<p>Pla\u0161umi, neaptveramie pla\u0161umi&#8230; Padomju Savien\u012bbas milit\u0101risma varen\u012bba, lidojumi kosmos\u0101&#8230; Tas raisa apbr\u012bnu.<\/p>\n<p>Krievu dv\u0113seles divdab\u012bba \u2013 j\u016bt\u012bgums un ne\u017e\u0113l\u012bba&#8230; Gadsimtos ieilgus\u012b s\u0101d\u017eas sadz\u012bves atpalic\u012bba, tr\u016bkums un pusbads&#8230; Tas aicina pal\u012bdz\u0113t<\/p>\n<p>J\u0101nis Rainis soci\u0101l\u0101 taisn\u012bguma idej\u0101 nepazaud\u0113ja savas tautas nacion\u0101lo ideju. J\u0101nis Peters pazaud\u0113ja. Vis\u013caun\u0101k, ka pazaud\u0113ja krievvalod\u012bgo d\u0113\u013c, taj\u0101 k\u0146ado\u0161aj\u0101, lab\u0101ku dz\u012bvi mekl\u0113jo\u0161aj\u0101 p\u016bl\u012b, ko veido starptautie\u0161i. Starptautietis! Ne \u0161is, ne tas, ne cepts, ne v\u0101r\u012bts.<\/p>\n<p>Latvijai atg\u016bstot neatkar\u012bbu, tr\u012bs v\u012bri, nedr\u012bkst\u0113ja ie\u0146emt valsts visnoz\u012bm\u012bg\u0101kos amatus: Ivars Godmanis k\u0101 vald\u012bbas galva, J\u0101nis Jurk\u0101ns \u0101rlietas ar sav\u0101m nebeidzam\u0101m r\u016bp\u0113m, ka \u201eEiropa m\u016bs nesaprat\u012bs\u201d un J\u0101nis Peters 7 gadus k\u0101 Latvijas v\u0113stnieks Maskav\u0101. Uzr\u0101dot iemeslus, esmu visus tr\u012bs nosaucis v\u0101rd\u0101 un uzv\u0101rd\u0101 atmi\u0146u gr\u0101mat\u0101s <em>Aizejot atskaties.<\/em> Tagad nosaucu atkal, mekl\u0113jot aizs\u0101kumu valsts bankrot\u0101, un ne\u0146emu v\u0113r\u0101 br\u0101\u013cu Paula un P\u0113tera Bankovska laikrakst\u0101 <em>Diena<\/em> dz\u0113l\u012bgo recenziju par ab\u0101m gr\u0101mat\u0101m, nor\u0101dot uz autora sar\u016bgtin\u0101jumu un aizvainojumu, t\u0101du k\u0101 <em>dementia senilis<\/em>, jo \u201ePurs atmi\u0146as raksta tagad, jau vair\u0101k nek\u0101 asto\u0146desmit gadu vecum\u0101, daudz kas no abos s\u0113jumos las\u0101m\u0101 ir caur veca v\u012bra \u012bgnumu un atsve\u0161in\u0101t\u012bbas prizmu skat\u012bts (..)\u201d. 2009. gad\u0101 esmu v\u0113l vec\u0101ks un v\u0113l sar\u016bgtin\u0101t\u0101ks gan par Latvijas melno nedienu, v\u0113l jo vair\u0101k aizvainojies, \u012bpa\u0161i pats uz sevi, ka neesmu pratis b\u016bt noder\u012bg\u0101ks latvie\u0161u tautai.<\/p>\n<p>Valsts neatkar\u012bba&#8230; Demokr\u0101tija&#8230; Gandr\u012bz 20 gadus esam lepoju\u0161ies par un ar \u0161iem civiliz\u0113tai tautai neat\u0146emamiem j\u0113dzieniem. Diem\u017e\u0113l \u012bsten\u012bba ir r\u016bgt\u0101ka par v\u0113rmel\u0113m. Neatkar\u012bg\u0101 un demokr\u0101tisk\u0101 valst\u012b neizn\u012bcin\u0101tu ra\u017eo\u0161anu, k\u0101 to dar\u012bja pie mums. Neatkar\u012bg\u0101 un demokr\u0101tisk\u0101 valst\u012b neliela \u013cau\u017eu grupa nevar\u0113tu piesavin\u0101ties t\u0101dos apjomos pa\u0161labumu sev, un izveidot nesp\u0113j\u012bgu valsts p\u0101rvaldi, kur\u0101 birokr\u0101tija un ier\u0113d\u0146i savairoj\u0101s k\u0101 gripas virusi, barojoties ar glu\u017ei neticam\u0101m alg\u0101m. Maks\u0101ja un pagaid\u0101m joproj\u0101m maks\u0101 par amatu, ne par padar\u012bto. Vari neko nedar\u012bt, tom\u0113r sa\u0146emt t\u016bksto\u0161us. Tagad Latvijai uzkrauta t\u0101da par\u0101dnasta, kas j\u0101nes ne tikai mums, bet b\u016bs j\u0101nes m\u016bsu b\u0113rniem un b\u0113rnub\u0113rniem. Tie\u0161i vi\u0146u v\u0101rd\u0101 jaut\u0101ju:<\/p>\n<p>Kad ieperin\u0101j\u0101s \u013caundab\u012bgais audz\u0113js m\u016bsu valsts organism\u0101? Kas to baroja? Vai, neatbildot \u0161iem jaut\u0101jumiem, Latvijai visp\u0101r ir n\u0101kotne?<\/p>\n<p>Patiesi esmu par vecu, lai gaid\u012btu atbildi. Sabiedr\u012bba, laikmets, tauta gan gaida. Un gaid\u012bs!<\/p>\n<p>Nobeigumam epizode no le\u013c\u013cu lugas \u201eL\u0101\u010dpl\u0113sis\u201d maldu ce\u013cus g\u0101ju\u0161iem un g\u0101j\u0113jiem:<\/p>\n<p><span style=\"text-decoration: underline\">Sp\u012bdola.\u00a0\u00a0\u00a0 <\/span>Koknes, vai tu bez pr\u0101ta?<\/p>\n<p>\u00a0\u00a0\u00a0\u00a0\u00a0\u00a0\u00a0\u00a0\u00a0\u00a0\u00a0\u00a0\u00a0\u00a0\u00a0\u00a0 Tu t\u0101du l\u012bgavu sev v\u0113lies?!<\/p>\n<p><span style=\"text-decoration: underline\">Koknesis. J\u0101!<\/span><\/p>\n<p><span style=\"text-decoration: underline\">Sp\u012bdola.<\/span>\u00a0\u00a0\u00a0 Tik zemu, zemu krist man bija&#8230;<\/p>\n<p><span style=\"text-decoration: underline\">Koknesis. <\/span>Lai! Es varu \u013coti cien\u012bt to,<\/p>\n<p>\u00a0\u00a0\u00a0\u00a0\u00a0\u00a0\u00a0\u00a0\u00a0\u00a0\u00a0\u00a0\u00a0\u00a0\u00a0\u00a0 Kas \u013caun\u0101 kr\u012bt un \u2013 tom\u0113r gaism\u0101 ce\u013cas&#8230;<\/p>\n<p>\u00a0\u00a0\u00a0\u00a0\u00a0\u00a0\u00a0\u00a0\u00a0\u00a0\u00a0\u00a0\u00a0\u00a0\u00a0\u00a0 T\u0101ds st\u0101v\u0113s divtik stingr\u0101k nek\u0101 tas,<\/p>\n<p>\u00a0\u00a0\u00a0\u00a0\u00a0\u00a0\u00a0\u00a0\u00a0\u00a0\u00a0\u00a0\u00a0\u00a0\u00a0\u00a0 Kas nav ar \u013caundar\u012bbu sk\u0101ries.<\/p>\n<p>\u00a0\u00a0\u00a0\u00a0\u00a0\u00a0\u00a0\u00a0\u00a0\u00a0\u00a0\u00a0\u00a0\u00a0\u00a0\u00a0\u00a0\u00a0\u00a0\u00a0\u00a0\u00a0\u00a0\u00a0\u00a0\u00a0\u00a0\u00a0\u00a0\u00a0\u00a0\u00a0\u00a0\u00a0\u00a0\u00a0\u00a0\u00a0\u00a0\u00a0\u00a0\u00a0\u00a0\u00a0\u00a0\u00a0\u00a0\u00a0\u00a0\u00a0\u00a0\u00a0\u00a0\u00a0\u00a0\u00a0\u00a0\u00a0\u00a0\u00a0\u00a0\u00a0\u00a0\u00a0\u00a0\u00a0\u00a0\u00a0\u00a0\u00a0\u00a0 Laimonis Purs<\/p>\n<p>01.07.2009.<\/p>\n","protected":false},"excerpt":{"rendered":"<p>LRTT savus SPRIEDUMUS balsta uz faktiem. Neviens nevain\u012bgs netiek apvainots, nedz ar\u012b nomelnots. Tiesiskums LR tiks atjaunots, lai ar\u012b k\u0101 latvie\u0161u tautas kangari &#8211; j\u016bdasi to censtos aizkav\u0113t vai nepielaist. \u010cekas &#8220;maisi&#8221; tiks atv\u0113rti&#46;&#46;&#46;<\/p>\n","protected":false},"author":6,"featured_media":0,"comment_status":"open","ping_status":"open","sticky":false,"template":"","format":"standard","meta":[],"categories":[1],"tags":[],"_links":{"self":[{"href":"https:\/\/tautastribunals.eu\/index.php?rest_route=\/wp\/v2\/posts\/108"}],"collection":[{"href":"https:\/\/tautastribunals.eu\/index.php?rest_route=\/wp\/v2\/posts"}],"about":[{"href":"https:\/\/tautastribunals.eu\/index.php?rest_route=\/wp\/v2\/types\/post"}],"author":[{"embeddable":true,"href":"https:\/\/tautastribunals.eu\/index.php?rest_route=\/wp\/v2\/users\/6"}],"replies":[{"embeddable":true,"href":"https:\/\/tautastribunals.eu\/index.php?rest_route=%2Fwp%2Fv2%2Fcomments&post=108"}],"version-history":[{"count":8,"href":"https:\/\/tautastribunals.eu\/index.php?rest_route=\/wp\/v2\/posts\/108\/revisions"}],"predecessor-version":[{"id":121,"href":"https:\/\/tautastribunals.eu\/index.php?rest_route=\/wp\/v2\/posts\/108\/revisions\/121"}],"wp:attachment":[{"href":"https:\/\/tautastribunals.eu\/index.php?rest_route=%2Fwp%2Fv2%2Fmedia&parent=108"}],"wp:term":[{"taxonomy":"category","embeddable":true,"href":"https:\/\/tautastribunals.eu\/index.php?rest_route=%2Fwp%2Fv2%2Fcategories&post=108"},{"taxonomy":"post_tag","embeddable":true,"href":"https:\/\/tautastribunals.eu\/index.php?rest_route=%2Fwp%2Fv2%2Ftags&post=108"}],"curies":[{"name":"wp","href":"https:\/\/api.w.org\/{rel}","templated":true}]}}