{"id":10663,"date":"2012-08-26T15:18:25","date_gmt":"2012-08-26T12:18:25","guid":{"rendered":"http:\/\/tautastribunals.eu\/?p=10663"},"modified":"2020-12-30T14:48:08","modified_gmt":"2020-12-30T12:48:08","slug":"latviesu-tautas-slepkavu-messe","status":"publish","type":"post","link":"https:\/\/tautastribunals.eu\/?p=10663","title":{"rendered":"Latvie\u0161u tautas slepkavu messe"},"content":{"rendered":"<h2><img decoding=\"async\" loading=\"lazy\" class=\"alignleft size-full wp-image-10667\" src=\"http:\/\/tautastribunals.eu\/wp-content\/uploads\/2012\/08\/H-86-2.jpg\" alt=\"H-86-2\" width=\"52\" height=\"52\" \/> <span style=\"color: #008000;\">Es dzied\u0101\u0161u par tevi, t\u0113vu zeme, \/ Par tav\u0101m druv\u0101m vec\u0101 l\u012bdum\u0101. <\/span><\/h2>\n<h2><span style=\"color: #008000;\">Un, kad jau pagur\u0161u zem dz\u012bves nastas, \/ Tad atdus\u0113\u0161os tav\u0101 atmat\u0101. <\/span><\/h2>\n<h1><span style=\"color: #008000;\">===============================<\/span><\/h1>\n<p><span style=\"color: #003300;\"><img decoding=\"async\" loading=\"lazy\" class=\"alignleft  wp-image-10677\" src=\"http:\/\/tautastribunals.eu\/wp-content\/uploads\/2012\/08\/Linards-Granti\u0146\u01611.jpg\" alt=\"Linards Granti\u0146\u0161\" width=\"168\" height=\"248\" srcset=\"https:\/\/tautastribunals.eu\/wp-content\/uploads\/2012\/08\/Linards-Granti\u0146\u01611.jpg 787w, https:\/\/tautastribunals.eu\/wp-content\/uploads\/2012\/08\/Linards-Granti\u0146\u01611-203x300.jpg 203w, https:\/\/tautastribunals.eu\/wp-content\/uploads\/2012\/08\/Linards-Granti\u0146\u01611-542x800.jpg 542w\" sizes=\"(max-width: 168px) 100vw, 168px\" \/>Es zv\u0113r\u0113ju <strong>Dieva priek\u0161\u0101<\/strong>, ka atrieb\u0161u latvie\u0161u tautas slepkav\u0101m. <\/span><\/p>\n<p><span style=\"color: #003300;\">Neatrad\u012bsies neviens, kur\u0161 var\u0113tu sac\u012bt, ka neesmu izpild\u012bjis sol\u012bto. Izpild\u012b\u0161u ar\u012b <strong>\u0160O<\/strong> ! Par to vismaz\u0101k lai \u0161aub\u0101s sarkanie noziedznieki, ar <strong>Godmani, Borovkovu<\/strong> un abiem <strong>Bunk\u0101m <\/strong>priek\u0161gal\u0101.<\/span><\/p>\n<p><span style=\"color: #003300;\"><strong>Helsinki- 86<\/strong> bija tie, kuri deva pirmo un iz\u0161\u0137iro\u0161o triecienu lielkrievu \u0161ovinistu per\u0113klim- <strong>PSRS<\/strong>, kas t\u0101 rezult\u0101t\u0101 sagruva k\u0101<strong> \u0137<span style=\"text-decoration: underline;\">irmju sagrauzta su<\/span>\u0146<span style=\"text-decoration: underline;\">u b\u016bda.<\/span><\/strong> <\/span><\/p>\n<p><span style=\"color: #003300;\">Sarkanie<strong> Tautfrontie\u0161i <\/strong>gan m\u0113\u0123ina \u0161os nopelnus pierakst\u012bt sev, kas, protams, vair\u0101k <strong><span style=\"text-decoration: underline;\">izklaus\u0101s p\u0113c anekdotes<\/span><\/strong>.<\/span><\/p>\n<h1><span style=\"color: #003300;\">===============================<\/span><\/h1>\n<h2><span style=\"color: #ff0000;\">MIGLA SARKAN\u0100- NOL\u0100D\u0112T\u0100<\/span><\/h2>\n<p><span style=\"color: #ff0000;\"><img decoding=\"async\" loading=\"lazy\" class=\"alignleft  wp-image-10682\" src=\"http:\/\/tautastribunals.eu\/wp-content\/uploads\/2012\/08\/Pl\u012b\u010ds-Godmanis-Bunka-Borovkovs1.jpg\" alt=\"Pl\u012b\u010ds, Godmanis, Bunka, Borovkovs\" width=\"2138\" height=\"1488\" srcset=\"https:\/\/tautastribunals.eu\/wp-content\/uploads\/2012\/08\/Pl\u012b\u010ds-Godmanis-Bunka-Borovkovs1.jpg 472w, https:\/\/tautastribunals.eu\/wp-content\/uploads\/2012\/08\/Pl\u012b\u010ds-Godmanis-Bunka-Borovkovs1-300x208.jpg 300w\" sizes=\"(max-width: 2138px) 100vw, 2138px\" \/>Un t\u0101: <strong>Helsinki-86<\/strong> uzs\u0101ka \u0161o<em>(pa\u0161laik ieilgu\u0161o)<\/em> atmodu, bet <strong>LRTT<\/strong> to pabeigs ar <strong>NIRNBERGA-2.<\/strong><\/span><\/p>\n<p><span style=\"color: #ff0000;\">P\u0113c pirm\u0101 <strong>&#8220;\u0160ausmu foto&#8221;<\/strong> <\/span><a href=\"http:\/\/tautastribunals.eu\/?p=10624\">http:\/\/tautastribunals.eu\/?p=10624<\/a><span style=\"color: #ff0000;\"> public\u0113\u0161anas <strong>LRTT<\/strong> sa\u0146\u0113ma \u013coti svar\u012bgu inform\u0101ciju par k\u0101du uz foto<em>(nr.4)<\/em> redzamu tipu. <\/span><\/p>\n<p><strong><span style=\"color: #ff0000;\">Un t\u0101, \u0161eit \u012bsa inform\u0101cija par katru no redzamajiem:<\/span><\/strong><\/p>\n<p><strong>Foto: <\/strong><span style=\"color: #003300;\"><em>Las\u012bt\u0101j, uz foto redzamie izdzimte\u0146i nekad nedzied\u0101s par <strong>&#8220;SAVU T\u0112VU ZEMI&#8221;<\/strong>, jo vi\u0146i ir \u0161\u012bs <strong>ZEMES<\/strong> bendes. <\/em><\/span><\/p>\n<p><span style=\"color: #003300;\"><em>Vi\u0146i nekad<strong> NEATDUS\u0112SIES T\u0100S <\/strong>atmat\u0101, jo p\u0113c \u0161o lopu nospr\u0101g\u0161anas vi\u0146i tiks iesviesti <strong>CIVILIZ\u0100CIJAS <\/strong>klo\u0101k\u0101.<\/em><\/span><\/p>\n<p><span style=\"color: #ff0000;\"><span style=\"color: #800000;\"><strong>Nr. 1<\/strong><\/span>. Krievu izcelsmes latviski run\u0101jo\u0161ais <strong>Rihards Bunka<\/strong>, <strong>Andra Bunkas<\/strong> aud\u017eud\u0113ls. Akt\u012bvi, pret\u0113ji Satversmei, a\u0123it\u0113ja <strong><span style=\"text-decoration: underline;\">par krievu valodas statusa paaugstin\u0101\u0161anu l\u012bdz valsts valodas statusam<\/span><\/strong>. \u0160im krievu \u010dekistenes p\u0113cn\u0101c\u0113jam pat esot jau noorganiz\u0113ta izpild\u012bt\u0101ju banda, kuru vi\u0146\u0161 nosauc par &#8220;apkalpojo\u0161o apar\u0101tu&#8221;. Konkr\u0113t\u0101k to var pateikt: pas\u016bt\u012bto slepkav\u012bbu izpild\u012bt\u0101ji- 5. kolonna. Par \u0161o <strong>kustoni<\/strong> var sac\u012bt: <strong><em>\u012bsts \u0160ustina mazd\u0113ls.<\/em><\/strong><\/span><\/p>\n<p><span style=\"color: #ff0000;\"><span style=\"color: #800000;\"><strong>Nr. 2<\/strong><\/span>. <strong>Andris Bunka,<\/strong> komunists,<strong> KGB <\/strong>darbonis. Laik\u0101, kad <strong>Godmanis <\/strong>veica grandiozo latvie\u0161u tautas un <strong><span style=\"text-decoration: underline;\">Latvijas valsts izzag\u0161anu<\/span><\/strong>, bija \u0161\u012b \u017e\u012bda \u00a0pal\u012bgs un ar\u012b apsardzes brig\u0101des komandieris. T\u0101tad: augst\u0101k\u0101s raudzes slepkava- <strong><span style=\"text-decoration: underline;\">latvie\u0161u tautas bende.<\/span><\/strong><\/span><\/p>\n<p><span style=\"color: #ff0000;\"><span style=\"color: #800000;\"><strong>Nr. 3<\/strong>.<\/span> <strong>T\u0101lavs Jundzis<\/strong>, komunists, \u010dekists, bezierunu \u017e\u012bda <strong>Godma\u0146a<\/strong> pav\u0113\u013cu pild\u012bt\u0101js, latvie\u0161u tautas n\u012bd\u0113js un krievisk\u0101 dz\u012bves veida atbalst\u012bt\u0101js.<\/span><\/p>\n<p><span style=\"color: #ff0000;\"><span style=\"color: #800000;\"><strong>Nr. 4.<\/strong><\/span> \u0160eit j\u016bs redziet \u012bstu <strong><span style=\"text-decoration: underline;\">S\u0101tana iemiesojumu,<\/span><\/strong> komunistu <strong>Imantu Pl\u012b\u010du<\/strong>, kur\u0161 padomju laikos bija atbild\u012bgs par <strong><span style=\"text-decoration: underline;\">cilv\u0113ku pazu\u0161anu<\/span><\/strong> ! Vai vi\u0146\u0161 \u0161odien ir\u00a0 p\u0101rv\u0113rties par e\u0146\u0123eli ? Nek\u0101d\u0101 gad\u012bjuma. Vi\u0146a d\u0101snos <strong>&#8220;pakalpojumus<\/strong>&#8221; turpina izmantot <strong>Borovkova- Godma\u0146a<\/strong> banda.<\/span><\/p>\n<p><span style=\"color: #ff0000;\"><span style=\"color: #800000;\"><strong>Nr. 5<\/strong><strong>.<\/strong><\/span> \u0160is <strong>&#8220;sprands&#8221;<\/strong> pieder pa\u0161am <strong><span style=\"text-decoration: underline;\">s\u0101tanistu f\u012breram Ivaram Godmanim<\/span><\/strong>. <strong>Godmanis<\/strong>: komunists, slepkava, \u010dekists, padomju laikos k\u0101 spiegs pild\u012bja uzdevumu <strong>Austrij\u0101.<\/strong> Latvie\u0161u tautu un<strong> Latvijas<\/strong> valsti apzadzis <strong><span style=\"text-decoration: underline;\">vair\u0101ku miljardu apm\u0113ros.<\/span><\/strong> P\u0113c <strong>Tiesiskuma<\/strong> atjauno\u0161anas <strong>Latvij\u0101 <\/strong>tiks publiski pak\u0101rts, par pr\u0101tam neiedom\u0101jam\u0101m zv\u0113r\u012bb\u0101m pret latvie\u0161u tautu un cilv\u0113ci kopum\u0101.<span style=\"color: #003300;\">*<\/span><\/span><\/p>\n<p><span style=\"color: #ff0000;\"><strong><span style=\"color: #800000;\">Nr. 6<\/span>.<\/strong> Tas ir \u0161\u012b foto &#8220;knips\u0113t\u0101js&#8221; \u017e\u012bds <strong>Aivars Borovkovs<\/strong>. Par \u0161o izdzimteni var sac\u012bt tikai vienu- <strong><span style=\"text-decoration: underline;\">nol\u0101d\u0113ts latvie\u0161u tautas slepkava<\/span><\/strong>. Padomju laika augsta ranga <strong>KGB<\/strong> oficieris, kur\u0161 bija akt\u012bvs <strong>H-86<\/strong> izn\u012bcin\u0101t\u0101js. <strong>Borovkovs,<\/strong> t\u0101pat k\u0101 <strong>Godmanis<\/strong>, p\u0113c <strong>Tiesiskuma <\/strong>atjauno\u0161anas <strong>Latvij\u0101<\/strong> tiks publiski <span style=\"text-decoration: underline;\"><strong>pak\u0101rts<\/strong><\/span> ! <\/span><\/p>\n<p><span style=\"color: #ff0000;\">Tikai tad, kad \u0161ie komunistiskie \u010dekas noziedznieki tiks izn\u012bcin\u0101ti, var\u0113s s\u0101kties <strong><span style=\"text-decoration: underline;\">Latvijas valsts uzplaukums<\/span><\/strong>. <\/span><\/p>\n<p><span style=\"color: #ff0000;\"><span style=\"color: #003300;\">*Vai j\u016bs ziniet, ka <strong>Godmanim<\/strong> uzn\u0101kot l\u0113kmes, kad vi\u0146\u0161 izdala bullim l\u012bdz\u012bgas ska\u0146as ? <\/span><\/span><\/p>\n<p><span style=\"color: #ff0000;\"><span style=\"color: #003300;\">Med\u012bc\u012bnas leksik\u0101 to sauc par <strong>\u0160IZOFR\u0112NIJU<\/strong>, bet reli\u0123iskaj\u0101s aprind\u0101s par <strong>S\u0100TANA APS\u0112ST\u012aBU. <\/strong>Kato\u013ci v\u0113l \u0161odien veic <strong>S\u0100TANA IZDZ\u012a\u0160ANU<\/strong>. <\/span><\/span><\/p>\n<p><span style=\"color: #ff0000;\"><span style=\"color: #003300;\">Vai <strong>Godmanim<\/strong> nevajadz\u0113tu l\u016bgt <strong>EXORCITU<\/strong> pal\u012bdz\u012bbu ?<\/span><\/span><\/p>\n<p><span style=\"color: #ff0000;\"><span style=\"color: #003300;\">L. Granti\u0146\u0161\u00a0\u00a0 26.08.12<br \/>\n<\/span><\/span><\/p>\n<p><span style=\"color: #003300;\"><strong>Un \u0161eit mazs papildin\u0101jums par \u0161iem izdzimte\u0146iem no interneta:<\/strong><\/span><\/p>\n<h3><span style=\"color: #800080;\">V\u0113lreiz &#8211; ieskat\u012bsimies Briseles deput\u0101ta I.Godma\u0146a sasniegumos un darb\u012bb\u0101&#8230;<\/span><\/h3>\n<p><span style=\"color: #800080;\"><img decoding=\"async\" loading=\"lazy\" class=\"alignleft  wp-image-10689\" src=\"http:\/\/tautastribunals.eu\/wp-content\/uploads\/2012\/08\/Kalniete-Godmanis-Vaidere.jpg\" alt=\"Kalniete-Godmanis-Vaidere\" width=\"1859\" height=\"788\" srcset=\"https:\/\/tautastribunals.eu\/wp-content\/uploads\/2012\/08\/Kalniete-Godmanis-Vaidere.jpg 888w, https:\/\/tautastribunals.eu\/wp-content\/uploads\/2012\/08\/Kalniete-Godmanis-Vaidere-300x127.jpg 300w, https:\/\/tautastribunals.eu\/wp-content\/uploads\/2012\/08\/Kalniete-Godmanis-Vaidere-800x338.jpg 800w\" sizes=\"(max-width: 1859px) 100vw, 1859px\" \/>Savu darb\u012bbu Latvijas Tautas front\u0113 (LTF) Ivars Godmanis s\u0101ka k\u0101 Politisk\u0101s komitejas lektors, v\u0113l\u0101k bija komitejas vad\u012bt\u0101js. 1989.gad\u0101 bija LTF 2.kongresa Redakcijas komisijas loceklis, bet 1989.oktobr\u012b Godmanis tika iev\u0113l\u0113ts par LTF priek\u0161s\u0113d\u0113t\u0101ja vietnieku.<\/span><\/p>\n<p><strong>Foto<\/strong>:<span style=\"color: #003300;\"><em>Eiroparlament\u0101rie izdzimte\u0146i- komunisti l\u012bdz &#8220;kaula smadzen\u0113m&#8221; ! \u0160ie ir tie, kuri <strong>Latviju <\/strong>novedu\u0161i uz izn\u012bc\u012bbas sliek\u0161\u0146a.<\/em> <\/span><\/p>\n<p><span style=\"color: #003300;\"><em>Vi\u0146iem pien\u0101kas tikai un vien\u012bgi<span style=\"color: #003300;\"> <strong>ASM<\/strong><\/span>.<\/em><\/span><\/p>\n<p><span style=\"color: #800080;\">1990.gad\u0101 Godmanis tika iev\u0113l\u0113ts par Augst\u0101k\u0101s padomes (AP) deput\u0101tu k\u0101 LTF loceklis no 139.Kuld\u012bgas v\u0113l\u0113\u0161anu apgabala, vi\u0146\u0161 bija ar\u012b AP LTF frakcijas priek\u0161s\u0113d\u0113t\u0101js.<\/span><\/p>\n<p><span style=\"color: #800080;\">No 1990. l\u012bdz 1993. gadam Ivars Godmanis bija Ministru padomes priek\u0161s\u0113d\u0113t\u0101js.<\/span><\/p>\n<p><span style=\"color: #800080;\"><strong>1991.gad\u0101 Godmanis par vald\u012bbas pilnvaroto VDK dokumentu p\u0101r\u0146em\u0161an\u0101 p\u0113c savas iniciat\u012bvas iec\u0113la SWH viceprezidentu Aivaru Borovkovu<\/strong>, bet p\u0113c augusta pu\u010da Godmanis reorganiz\u0113ja Ministru padomi un nomain\u012bja vair\u0101kus ministrus.<\/span><\/p>\n<p><span style=\"color: #800080;\">1993.gada pavasar\u012b vald\u012bba Ivaru Godmani iec\u0113la par vald\u012bbas Garant\u0113to \u0101rvalstu kred\u012btu sadales komisijas priek\u0161s\u0113d\u0113t\u0101ju toreiz\u0113j\u0101 finan\u0161u ministra vietnieka Ulda O\u0161a viet\u0101. Godmanis komisij\u0101 bijis tikai neilgu br\u012bdi. <strong>Vi\u0146\u0161 uzst\u0101ja, lai degvielaskred\u012btu pavasara s\u0113jai sa\u0146emtu firma &#8220;Lears&#8221;<\/strong>, nevis pa\u0161i zemnieki, ta\u010du v\u0113l\u0101k atzina, ka nav pazinis &#8220;Lears&#8221; vad\u012bt\u0101jus, bet uztic\u0113jies \u0161ai firmai, kuru vi\u0146am ieteicis Dainis \u0122\u0113\u0123eris.<\/span><\/p>\n<p><span style=\"color: #800080;\">1993.gada j\u016bnij\u0101 &#8211; neilgi pirms 5. Saeimas v\u0113l\u0113\u0161an\u0101m &#8211; \u017eurn\u0101lists Ingus Gailums un v\u0113l p\u0101ris personas pazi\u0146oja, ka <strong>Godmanim esot konti \u0160veices bank\u0101s<\/strong>.<\/span><\/p>\n<p><span style=\"color: #800080;\">No 1993. l\u012bdz 1995. gadam Godmanis bija AS &#8220;SWH-Riga&#8221; viceprezidents un nodarboj\u0101s ar firmas p\u0101rstruktur\u0113\u0161anu, k\u0101rtoja finansi\u0101l\u0101s lietas, izdevumus, kred\u012btus.<\/span><\/p>\n<p><span style=\"color: #800080;\">1994.gad\u0101 vi\u0146\u0161 k\u013cuva par AS &#8220;Union Baltic Bank in Riga&#8221; padomes locekli.<\/span><\/p>\n<p><span style=\"color: #800080;\">Togad vi\u0146\u0161 \u012br\u0113ja divst\u0101vu savrupm\u0101ju par trijiem latiem, un \u012bre tika saist\u012bta ar G-24 kred\u012btu aizdevumu firmai &#8220;Rosme&#8221;. 1994.gad\u0101 Saeimas Izmekl\u0113\u0161anas komisija uzdeva Godmanim jaut\u0101jumus par G-24 kred\u012btu sadales likum\u012bbu.<\/span><\/p>\n<p><span style=\"color: #800080;\">1995.gada maij\u0101 Godmanis sa\u0146\u0113ma Triju Zvaig\u017e\u0146u otr\u0101s \u0161\u0137iras ordeni. 1995.gada novembr\u012b Godmanis k\u013cuva par AS &#8220;Latvijas Kr\u0101jbanka&#8221; prezidentu, taj\u0101 pa\u0161\u0101 laik\u0101 Privatiz\u0101cijas a\u0123ent\u016bra apstiprin\u0101ja Godmani par &#8220;Latvijas ku\u0123niec\u012bbas&#8221; padomes locekli. V\u0113l\u0101k Godmanis k\u013cuva par &#8220;Latvijas Kr\u0101jbankas&#8221; padomes priek\u0161s\u0113d\u0113t\u0101ju, vi\u0146a viet\u0101 par bankas prezidentu k\u013cuva Arnolds Laksa.<\/span><\/p>\n<p><span style=\"color: #800080;\">1996.gada august\u0101 Godmanis tika iev\u0113l\u0113ts Latvijas Olimpisk\u0101s komitejas izpildkomitej\u0101, bet 1997.gada j\u016blij\u0101 vi\u0146\u0161 iest\u0101j\u0101s &#8220;Latvijas ce\u013c\u0101&#8221; (LC).<\/span><\/p>\n<p><span style=\"color: #800080;\">1997.gada septembr\u012b G-24 kred\u012btu lietu izmekl\u0113\u0161anas komisijas priek\u0161s\u0113d\u0113t\u0101js Viktors Stikuts pauda uzskatu, ka <strong>Godmanim j\u0101uz\u0146emas atbild\u012bba par kred\u012bta pie\u0161\u0137ir\u0161anu 2 800 000 ASV dol\u0101ru apjom\u0101 firmai &#8221;&#8221;Faber&#8221;&#8221;, apejot G-24 kred\u012btu sadales komisiju. <\/strong><\/span><\/p>\n<p><span style=\"color: #800080;\">1998.gada janv\u0101r\u012b Godmanis pazi\u0146oja, ka jau 1997.gada j\u016bnij\u0101 esot br\u012bdin\u0101jis Ministru prezidentu Andri \u0160\u0137\u0113li par iesp\u0113jamo &#8221;&#8221;Latvenergo&#8221;&#8221; miljonu dar\u012bjumu ar Lihten\u0161teinas firmu, bet \u0160\u0137\u0113le to noliedza.<\/span><\/p>\n<p><span style=\"color: #800080;\">1998.gada maij\u0101 LC kongres\u0101 Godmanis pazi\u0146oja, ka v\u0113las atteikties no kandid\u0113\u0161anas 7.Saeimas v\u0113l\u0113\u0161an\u0101s, jo <strong>Totalit\u0101risma seku dokument\u0113\u0161anas centr\u0101 uz vi\u0146a v\u0101rda ir atrodama VDK a\u0123enta kart\u012bte<\/strong>. LC kongress tom\u0113r iek\u013c\u0101va vi\u0146u kandid\u0101tu sarakst\u0101.<\/span><\/p>\n<p><span style=\"color: #800080;\">J\u016blij\u0101 Godmanis tika iev\u0113l\u0113ts tabakas fabrikas &#8221;&#8221;House of Prince&#8221;&#8221; Uzraudz\u012bbas padom\u0113.<\/span><\/p>\n<p><span style=\"color: #800080;\">1998.gada oktobr\u012b Godmanis kandid\u0113ja 7.Saeimas v\u0113l\u0113\u0161an\u0101s no LC saraksta un tika iev\u0113l\u0113ts. Vi\u013ca Kri\u0161topana vald\u012bb\u0101 bija finan\u0161u ministrs.<\/span><\/p>\n<p><span style=\"color: #800080;\">2002.gad\u0101 Godmani neiev\u0113l\u0113ja 8.Saeim\u0101.<\/span><\/p>\n<p><span style=\"color: #800080;\">2006.gad\u0101 Godmanis kandid\u0113ja 9.Saeimas v\u0113l\u0113\u0161an\u0101s no Latvijas Pirm\u0101s partijas un partijas &#8220;Latvijas ce\u013c\u0161&#8221; v\u0113l\u0113\u0161anu apvien\u012bbas saraksta un tika iev\u0113l\u0113ts. Godmanis bija iek\u0161lietu ministrs Aigara Kalv\u012b\u0161a (TP) vad\u012btaj\u0101 vald\u012bb\u0101.<\/span><\/p>\n<p><span style=\"color: #800080;\">Las\u00edt vair\u00e1k:<\/span><\/p>\n<p><span style=\"color: #800080;\"><a title=\"http:\/\/www.tvnet.lv\/zinas\/latvija\/218625-godmana_valdiba_apstiprinata\" href=\"http:\/\/www.tvnet.lv\/zinas\/latvija\/218625-godmana_valdiba_apstiprinata\" target=\"_blank\" rel=\"noopener\">http:\/\/www.tvnet.lv\/zinas\/latvija\/218625\u2026<\/a><br \/>\n=====================================================<\/span><\/p>\n<p><span style=\"color: #800080;\">Pat \u201evisgraujo\u0161\u0101k\u0101s atkl\u0101smes\u201d \u2013 k\u0101 raksta akad\u0113mi\u0137is <strong>J\u0101nis Freimanis<\/strong> gr\u0101mat\u0101 \u00abVisu v\u0113ju virpu\u013ci\u00bb \u2013 paliku\u0161as bez rezult\u0101ta, pagaisu\u0161as. \u201eT\u0101 04.10.2000. \u201e \u2013 turpina akad\u0113mi\u0137is \u2013 \u201epirmo reizi publiski tika pateikts, ka LR pirmais premjers <strong>Ivars Godmanis<\/strong>, kuru es alla\u017e esmu tur\u0113jis \u0101rpus katr\u0101m aizdom\u0101m, esot bijis re\u0123istr\u0113ts VDK uzreiz div\u0101s \u2013 2. un 3. noda\u013c\u0101, bijis ar div\u0101m \u201ekli\u010dk\u0101m\u201d\u201d (konspirat\u012bv\u0101m iesauk\u0101m). Profesors <strong>Erv\u012bds Grinovskis<\/strong> gr\u0101mat\u0101 \u00abLai nenosarkst dzimtenes smilts\u00bb atceras \u2013 \u201ear zin\u0101mu nov\u0113lo\u0161anos Tautas frontes vad\u012bb\u0101 p\u0113k\u0161\u0146i par\u0101d\u012bj\u0101s Ivars Godmanis.\u201d T\u0101tad \u010dekas slepen\u012bb\u0101 iesl\u0113ptais k\u013c\u016bst par atjaunot\u0101s neatkar\u012bg\u0101s Latvijas pirm\u0101s vald\u012bbas galvu. \u201ePie\u0146emam\u0101 telp\u0101\u201d \u2013 k\u0101 past\u0101sta savos memu\u0101ros VDK \u0123ener\u0101lis <strong>Edmunds Johansons<\/strong> \u2013 \u201edz\u0113ru kafiju ar <strong>Godma\u0146a pal\u012bgu<\/strong>, biju\u0161o VDK darbinieku <strong>Bunku<\/strong>\u201d, bet, aizlidojis Maskav\u0101, <strong>Johansonu<\/strong> pats PSRS VDK priek\u0161nieks Vladimirs Kru\u010dkovs inform\u0113: \u2013 \u201eIvars jau zvan\u012bja man, dom\u0101ju, ka j\u016bs sastr\u0101d\u0101sieties.\u201d<\/span><\/p>\n<p><span style=\"color: #800080;\">Godma\u0146a pirmaj\u0101 vald\u012b\u0161anas reiz\u0113 nudien tika \u201esastr\u0101d\u0101ti\u201d zili br\u012bnumi, s\u0101kot ar Latvijas naudas aizs\u016bt\u012b\u0161anu dzelzce\u013ca kravas vagonos uz Maskavu, kr\u0101saino met\u0101lu eksports pat no kaps\u0113tu pieminek\u013ciem un val\u016btas mai\u0146as uztic\u0113\u0161ana <strong>V. Kargina<\/strong> firmi\u0146ai \u201e<strong>Parex<\/strong>\u201d\u2026<\/span><\/p>\n<p><span style=\"color: #800080;\">Tas viss \u2013 jau sen zin\u0101mais! \u2013 tom\u0113r nekav\u0113 Valsts prezidentu <strong>V. Zatleru<\/strong> uztic\u0113t Godmanim atkal k\u013c\u016bt 2007. gad\u0101 par premjeru, lai gan ar\u012b tas nav nosl\u0113pums, ka <strong>Godmanis<\/strong> sadevies roku rok\u0101 ar <strong>J\u0101\u0146a Petera<\/strong>, k\u0101 krustt\u0113va, dibin\u0101t\u0101s Latvijas Pirm\u0101s partijas vadoni <strong>Ain\u0101ru \u0160leseru<\/strong>.<\/span><\/p>\n<p><span style=\"color: #800080;\">\u201ePolitik\u0101 <strong>A. \u0160lesers<\/strong> ien\u0101cis no t\u0101 saucam\u0101m \u201efar\u010dov\u0161\u010diku\u201d aprind\u0101m\u201d \u2013 las\u0101m Modra <strong>Ziemi\u0146a gr\u0101mat\u0101<\/strong> \u00abTre\u0161\u0101 atmoda\u00bb, izdota 1998. gad\u0101. K\u0101du laiku Ain\u0101rs pagaisis Norv\u0113\u0123ij\u0101, tur dz\u012bvojis PSRS VDK virsnieka \u012br\u0113t\u0101 dz\u012bvokl\u012b, bet atgriezies Latvij\u0101 k\u0101 miljon\u0101rs\u2026<\/span><\/p>\n<p><span style=\"color: #800080;\"><a href=\"http:\/\/www.aisbergs.lv\/?p=9567\" target=\"_blank\" rel=\"noopener\">http:\/\/www.aisbergs.lv\/?p=9567<\/a><\/span><\/p>\n<p>Par Latvijas VDK: <span style=\"color: #800080;\"><br \/>\n<a href=\"http:\/\/vip.latnet.lv\/lpra\/latvijasvdk.htm\" target=\"_blank\" rel=\"noopener\">http:\/\/vip.latnet.lv\/lpra\/latvijasvdk.htm<\/a><\/span><\/p>\n<p><span style=\"color: #800080;\">Par G-24 kred\u00edtiem:<br \/>\n<a title=\"http:\/\/www.pietiek.com\/raksti\/ka_sakas_latvijas_lielas_aiznemsanas_-_un_kur_palika_pirmie_krediti\" href=\"http:\/\/www.pietiek.com\/raksti\/ka_sakas_latvijas_lielas_aiznemsanas_-_un_kur_palika_pirmie_krediti\" target=\"_blank\" rel=\"noopener\">http:\/\/www.pietiek.com\/raksti\/ka_sakas_l\u2026<\/a><\/span><\/p>\n<p><a title=\"http:\/\/www.financenet.lv\/zinas\/126311-g24_kreditu_klusa_jubileja\" href=\"http:\/\/www.financenet.lv\/zinas\/126311-g24_kreditu_klusa_jubileja\" target=\"_blank\" rel=\"noopener\">http:\/\/www.financenet.lv\/zinas\/126311-g2\u2026<\/a><\/p>\n<p>Ar I.Godmani saist\u00edto personu saraksts 1990.gad\u00e1: <span style=\"color: #800080;\"><br \/>\n<a title=\"http:\/\/lv.wikipedia.org\/wiki\/Godma%C5%86a_Ministru_padome\" href=\"http:\/\/lv.wikipedia.org\/wiki\/Godma%C5%86a_Ministru_padome\" target=\"_blank\" rel=\"noopener\">http:\/\/lv.wikipedia.org\/wiki\/Godma%C5%86\u2026<\/a><\/span><\/p>\n","protected":false},"excerpt":{"rendered":"<p>Es dzied\u0101\u0161u par tevi, t\u0113vu zeme, \/ Par tav\u0101m druv\u0101m vec\u0101 l\u012bdum\u0101. Un, kad jau pagur\u0161u zem dz\u012bves nastas, \/ Tad atdus\u0113\u0161os tav\u0101 atmat\u0101. =============================== Es zv\u0113r\u0113ju Dieva priek\u0161\u0101, ka atrieb\u0161u latvie\u0161u tautas slepkav\u0101m.&#46;&#46;&#46;<\/p>\n","protected":false},"author":6,"featured_media":0,"comment_status":"open","ping_status":"open","sticky":false,"template":"","format":"standard","meta":[],"categories":[1],"tags":[],"_links":{"self":[{"href":"https:\/\/tautastribunals.eu\/index.php?rest_route=\/wp\/v2\/posts\/10663"}],"collection":[{"href":"https:\/\/tautastribunals.eu\/index.php?rest_route=\/wp\/v2\/posts"}],"about":[{"href":"https:\/\/tautastribunals.eu\/index.php?rest_route=\/wp\/v2\/types\/post"}],"author":[{"embeddable":true,"href":"https:\/\/tautastribunals.eu\/index.php?rest_route=\/wp\/v2\/users\/6"}],"replies":[{"embeddable":true,"href":"https:\/\/tautastribunals.eu\/index.php?rest_route=%2Fwp%2Fv2%2Fcomments&post=10663"}],"version-history":[{"count":37,"href":"https:\/\/tautastribunals.eu\/index.php?rest_route=\/wp\/v2\/posts\/10663\/revisions"}],"predecessor-version":[{"id":59066,"href":"https:\/\/tautastribunals.eu\/index.php?rest_route=\/wp\/v2\/posts\/10663\/revisions\/59066"}],"wp:attachment":[{"href":"https:\/\/tautastribunals.eu\/index.php?rest_route=%2Fwp%2Fv2%2Fmedia&parent=10663"}],"wp:term":[{"taxonomy":"category","embeddable":true,"href":"https:\/\/tautastribunals.eu\/index.php?rest_route=%2Fwp%2Fv2%2Fcategories&post=10663"},{"taxonomy":"post_tag","embeddable":true,"href":"https:\/\/tautastribunals.eu\/index.php?rest_route=%2Fwp%2Fv2%2Ftags&post=10663"}],"curies":[{"name":"wp","href":"https:\/\/api.w.org\/{rel}","templated":true}]}}