{"id":10451,"date":"2012-08-04T13:47:45","date_gmt":"2012-08-04T10:47:45","guid":{"rendered":"http:\/\/tautastribunals.eu\/?p=10451"},"modified":"2012-08-04T22:48:52","modified_gmt":"2012-08-04T19:48:52","slug":"e-bule-jasaka-taisniba","status":"publish","type":"post","link":"https:\/\/tautastribunals.eu\/?p=10451","title":{"rendered":"E. Bule. J\u0101saka Taisn\u012bba"},"content":{"rendered":"<p><span style=\"color: #0000ff\"><img decoding=\"async\" loading=\"lazy\" class=\"alignleft size-full wp-image-10454\" src=\"http:\/\/tautastribunals.eu\/wp-content\/uploads\/2012\/08\/L\u012bga-Muzikante.jpg\" alt=\"L\u012bga Muzikante\" width=\"161\" height=\"181\" \/><\/span><\/p>\n<h2><span style=\"color: #000080\">P\u0113c darbiem m\u0113s VI\u0145US paz\u012bsim.<\/span><\/h2>\n<p><span style=\"color: #0000ff\">Pirms las\u0101m <strong>Evas Bules<\/strong> teikto par <strong>Uldi Freimani,<\/strong> atcer\u0113simies, ka <strong>LNF<\/strong> neielika sav\u0101 laikrakst\u0101 <strong>Ulda<\/strong> <strong>Freima\u0146a<\/strong> nekrologu. <strong><\/strong><\/span><\/p>\n<p><strong>Foto:<\/strong> <span style=\"color: #ff0000\"><em>L\u012bga Muzikante. Melu un k\u016bd\u012b\u0161anas speci\u0101liste.<\/em><\/span><\/p>\n<p><span style=\"color: #0000ff\"><strong>Uldis Freimanis<\/strong> tika neliet\u012bgi izmantots no \u0161iem <em>\u201ebr\u012bv\u012bbas c\u012bn\u012bt\u0101jiem\u201d, <\/em>lai naidotu un \u0161\u0137eltu latvie\u0161u vienot\u012bbu. <strong>LRTT i- vietn\u0113<\/strong> \u0161is gad\u012bjums jau tika izgaismots. L\u016bk: <a href=\"http:\/\/tautastribunals.eu\/?p=9914\">http:\/\/tautastribunals.eu\/?p=9914<\/a> <em> (Kad uzvar\u0113s taisn\u012bba, vi\u0146i tiks pak\u0101rti)<\/em> T\u0101ds ir <strong>U. Freima\u0146a or\u0123ion\u0101lpazi\u0146ojums<\/strong>, bet t\u0101ds izskat\u0101s pazi\u0146ojums <a href=\"http:\/\/tautastribunals.eu\/?p=10003\">http:\/\/tautastribunals.eu\/?p=10003<\/a> p\u0113c <strong>L\u012bgas Muzikantes<\/strong> \u201eapstr\u0101des\u201d. Tas ir ieguvis melnu, savstarp\u0113jo apvainojumu nokr\u0101su. <strong>Uldis Freimanis<\/strong> par to sac\u012bja: <strong>\u201eKo vi\u0146i tur ir samurgoju\u0161i&#8230;\u201d<\/strong> J\u0101, p\u0113c tam <strong>Uldis<\/strong> tika noslepkavots un no liel\u0101m <em>\u201es\u0113r\u0101m\u201d<\/em> <strong>Aivaram Gardam<\/strong> aizmirs\u0101s <strong>Uldim<\/strong> atdot p\u0113d\u0113jo godu. Laikam jau t\u0101p\u0113c, ka <strong>Uldis<\/strong> ori\u0123in\u0101lpazi\u0146ojumu ats\u016bt\u012bja ar\u012b<strong> LRTT<\/strong>, kur\u0161 to nopublic\u0113ja kop\u0101 ar <strong>LNF<\/strong> <em>\u201esacer\u0113jumu\u201d.<\/em> Protams, ne\u013caut citiem par <strong>Uldi <\/strong>rakst\u012bt neb\u016btu pr\u0101ta darbs, jo var zaud\u0113t savus <em>\u201e\u0101r\u0161tata \u017eurn\u0101listus\u201d. <\/em><strong>Eva Bule<\/strong> ir viena no lab\u0101kaj\u0101m rakst\u012bt\u0101j\u0101m, bet zinot, k\u0101 tiek p\u0101rveidoti teksti no <strong>L\u012bgas Muzikantes<\/strong> puses, ir j\u0101s\u0101k \u0161aub\u012bties, vai tie<em>(teksti)<\/em> atbilst ori\u0123in\u0101lam. <strong>LRTT<\/strong> rakst\u012bja ar\u012b, k\u0101 tika <strong>\u201esa\u012bsin\u0101ti\u201d<\/strong><em> (cenz\u0113ti) <\/em>pr\u0101vesta <strong>Andreja Kava\u010da<\/strong> teksti. Tika <strong><span style=\"text-decoration: underline\">sa\u012bsin\u0101ts<\/span><\/strong> pats b\u016btisk\u0101kais, uz k\u0101 balst\u012bj\u0101s viss raksts, sac\u012bja <strong>A. Kavacis<\/strong>. Un atkal, \u0161\u012b sa\u012bsin\u0101juma<span style=\"text-decoration: underline\"><strong> kompasa spice<\/strong><\/span> r\u0101d\u012bja<strong> Austrumu<\/strong> virzien\u0101.<strong> LRTT<\/strong> nevienu par nodev\u0113ju patais\u012bt nevar, to dara pa\u0161u <strong>\u201epatriotu\u201d<\/strong> darbi. Var jau nosod\u012bt <strong>LRTT<\/strong> vai <strong>Granti\u0146u, <\/strong>bet tas jau neatmazg\u0101s neliet\u012bbu no nodev\u0113ja <strong>\u201emiesas\u201d.<\/strong> <strong>Aivars Garda <\/strong>ir un paliek nodev\u0113js, kur\u0161 rakst\u0101ms ar lielo burtu, t\u0101pat k\u0101 tie, kuri ir kop\u0101 ar vi\u0146u. <\/span><\/p>\n<p><span style=\"color: #0000ff\"><strong>LNF<\/strong> ar\u012b atteic\u0101s public\u0113t <strong>HELSINKI-86<\/strong> pazi\u0146ojumu. <\/span><\/p>\n<h2><span style=\"color: #0000ff\"><span style=\"color: #000080\">J\u0101, p\u0113c DARBIEM m\u0113s vi\u0146us paz\u012bsim.<\/span><\/span><\/h2>\n<p><span style=\"color: #0000ff\"><span style=\"color: #000080\">04.08.12<\/span><\/span><\/p>\n<h2><span style=\"color: #0000ff\">Papildin\u0101jums:<\/span><\/h2>\n<p><span style=\"color: #0000ff\">\u0160aj\u0101 rakst\u0101 ir par\u0101d\u012bjies \u013coti interesants koment\u0101rs, kur\u0161 jau kuro reizi skaidri izsaka LNF b\u016bt\u012bbu.<\/span><\/p>\n<p><em><strong><span style=\"color: #800080\"><cite>L\u0101sma.<\/cite> saka:<\/span><\/strong><\/em><\/p>\n<div><em><strong><span style=\"color: #800080\"><a href=\"http:\/\/tautastribunals.eu\/?p=10451&amp;cpage=1#comment-13327\">2012. gada 4. augusts 22.24<\/a><\/span><\/strong><\/em><\/div>\n<p><em><strong><span style=\"color: #800080\">Sarun\u0101 ar ASV latvieti-v\u0113stures un politolo\u0123ijas profesoru \u0112RIKU  LIKUMU,interv\u0113t\u0101ja L\u012bga Muzikante, av\u012bz\u0113 DDD (2012.g  27.j\u016blijs-9.augusts,Nr14(268)saka:\u201dPiedodiet,bet Vilis V\u012btols laik\u0101,kad  apdraud\u0113ta latvie\u0161u tauta,var\u0113ja naudu ieguld\u012bt navis kaut  k\u0101d\u0101,manupr\u0101t,mu\u013c\u0137\u012bg\u0101 d\u0101rz\u0101,bet gan dekoloniz\u0101cijas proces\u0101.\u201dK\u0101 vi\u0146a,kas  uzskata sevi par ,,patrioti,,sp\u0113ja izteikties tik niev\u0101jo\u0161i par topo\u0161o  Latvijas Likte\u0146d\u0101rzu?<br \/>\n\u0160\u012b simbolisk\u0101 d\u0101rza veido\u0161an\u0101 piedal\u0101s t\u016bksto\u0161iem Latviju m\u012blo\u0161i  cilv\u0113ki! Vai gan neb\u016bs pacil\u0101jo\u0161i Latvijas simtgad\u0113 tautai v\u0113rot  saulrietu caur Likte\u0146v\u0101rtiem?<br \/>\nUn k\u0101 gan L.Muzikante iedom\u0101jas naudas ieguld\u012b\u0161anu dekoloniz\u0101cijas  proces\u0101? To vi\u0146ai vajadz\u0113ja tie\u0161\u0101k paskaidrot pie \u0161\u0101da apgalvojuma.<\/span><\/strong><\/em><\/p>\n<p><span style=\"color: #800080\"><span style=\"color: #0000ff\">Jaut\u0101jums ir labs. Vai tad ir nodibin\u0101ts k\u0101ds dekoloniz\u0101cijas FONDS ? <\/span><\/span><\/p>\n<p><span style=\"color: #800080\"><span style=\"color: #0000ff\">Vai nauda j\u0101p\u0101rskaita uz pa\u0161as Muzikantes KONTU ?<\/span><br \/>\n<\/span><\/p>\n<h2><span style=\"color: #0000ff\">================================<\/span><\/h2>\n<p><span style=\"color: #003300\"><strong>Eva Bule<\/strong><\/span><\/p>\n<p><span style=\"color: #003300\"><strong> Paldies Uldim Freimanim par v\u0113st\u012bjumu pasaulei<\/strong><\/span><\/p>\n<p><span style=\"color: #003300\">Ar\u012b es esmu \u013coti sa\u0161utusi par Ulda Freima\u0146a n\u0101vi. Jau iepriek\u0161 v\u0113l\u0113jos pateikties Uldim Freimanim par vi\u0146a gai\u0161o, v\u0113rt\u012bgo ideju akcent\u0113t 1941. gada 1. j\u016blija notikumu patieso gaisotni. Izce\u013cot \u0161o datumu, liel\u0101ka varb\u016bt\u012bba, ka pasaule sadzird\u0113s, jo par to neapzin\u0101ti r\u016bp\u0113sies pat v\u0113stures sagroz\u012bt\u0101ji \u2013 klaig\u0101dami piev\u0113rs\u012bs uzman\u012bbu. Ar \u0161\u0101 datuma saist\u012bto notikumu piln\u012bg\u0101ku izskaidro\u0161anu uzreiz tiek at\u0161\u0137etin\u0101ti \u013coti daudzi samud\u017ein\u0101tie v\u0113stures faktu pavedieni, uzreiz k\u013c\u016bst skaidrs, k\u0101p\u0113c sarkanarmie\u0161u viennoz\u012bm\u012bga p\u0101rd\u0113v\u0113\u0161ana par atbr\u012bvot\u0101jiem ir s\u0101tanisks g\u0101jiens (t\u0101pat k\u0101 okup\u0101cijas fakta nolieg\u0161ana).<\/span><\/p>\n<p><span style=\"color: #003300\">Izprotot ar 1941. gada 1. j\u016bliju saist\u012btos notikumus, k\u013c\u016bst skaidrs, k\u0101p\u0113c tika veidots Latvie\u0161u le\u0123ions, tad beidzot k\u013c\u016bst viegl\u0101k saprotama gan v\u0113sturisk\u0101, gan pa\u0161reiz\u0113j\u0101 draud\u012bg\u0101 situ\u0101cija. Nepasp\u0113ju Uldim Freimanim person\u012bgi pateikties. \u017d\u0113l, ka nebiju nevien\u0101 no vi\u0146a organiz\u0113tajiem pas\u0101kumiem, bet turpm\u0101k noteikti velt\u012b\u0161u liel\u0101kas p\u016bles, lai rastu iesp\u0113ju piedal\u012bties \u0161\u0101d\u0101s aktivit\u0101t\u0113s. Visticam\u0101k t\u016bksto\u0161u piedal\u012b\u0161an\u0101s b\u016btu nodro\u0161in\u0101jusi paties\u012bbas atg\u0101din\u0101t\u0101jam iesp\u0113ju palikt dz\u012bvam.<\/span><\/p>\n<p><span style=\"color: #003300\">Izmantojot iesp\u0113ju, v\u0113los pateikties cilv\u0113kiem, kas piedal\u012bj\u0101s Ulda Freima\u0146a organiz\u0113tajos pas\u0101kumos. Pirms \u0161\u012b raksta tap\u0161anas par vi\u0146a n\u0101ves faktu m\u0113\u0123in\u0101ju uzzin\u0101t ko vair\u0101k, jo nav viegli notic\u0113t p\u0101ragr\u0101s n\u0101ves faktam, pat, ja Latviju uzskata par tiesisku valsti. Bet varb\u016bt t\u0101 ir liec\u012bba par pret\u0113jo?<\/span><\/p>\n<p><span style=\"color: #003300\"><strong> <img decoding=\"async\" loading=\"lazy\" class=\"alignleft size-full wp-image-10463\" src=\"http:\/\/tautastribunals.eu\/wp-content\/uploads\/2012\/08\/Uldis-Freimanis-un-Edgars-Damb\u012btis.jpeg\" alt=\"Uldis Freimanis un Edgars Damb\u012btis\" width=\"344\" height=\"258\" srcset=\"https:\/\/tautastribunals.eu\/wp-content\/uploads\/2012\/08\/Uldis-Freimanis-un-Edgars-Damb\u012btis.jpeg 630w, https:\/\/tautastribunals.eu\/wp-content\/uploads\/2012\/08\/Uldis-Freimanis-un-Edgars-Damb\u012btis-300x225.jpg 300w\" sizes=\"(max-width: 344px) 100vw, 344px\" \/>1941. gada 1. j\u016blijs \u2013 atelpas br\u012bdis<\/strong><\/span><\/p>\n<p><strong>FOTO: <\/strong><span style=\"color: #0000ff\"><em>Uldis Freimanis un Edgars Damb\u012btis<\/em><\/span><\/p>\n<p><span style=\"color: #003300\">Joproj\u0101m Latvij\u0101 nekl\u0101jas piemin\u0113t atsevi\u0161\u0137as paties\u0101s v\u0113stures lappuses \u2013 par to var draud\u0113t probl\u0113mas. Pie varas eso\u0161ajiem \u012bpa\u0161i nepat\u012bk, ja atg\u0101dina par sarkanarmie\u0161u \u013caunumu \u2013 v\u0113rojama valdo\u0161o <em>raust\u012b\u0161an\u0101s<\/em> pat no to datumu akcent\u0113\u0161anas, kuri v\u0113sturiski saist\u0101s ar latvie\u0161u preto\u0161anos iebruc\u0113jiem no Krievijas. Liek klus\u0113t, k\u0101 zomb\u0113dami latvie\u0161u tautu, m\u0113\u0123ina iebor\u0113t, ka pasaule m\u016bs nesaprat\u012b\u0161ot, ja run\u0101sim, bet paties\u012bb\u0101 pasaule m\u016bs nesaprot, jo klus\u0113jam. Izmantojot iesp\u0113ju, to v\u0113los atg\u0101din\u0101t ar\u012b \u0101rzem\u0113s m\u012bto\u0161ajiem latvie\u0161iem, angliski run\u0101jo\u0161iem.<\/span><\/p>\n<p><span style=\"color: #003300\">Vald\u012bbas, bazn\u012bckungu un masas nesaprasts Uldis Freimanis vienalga pild\u012bja Dieva gribu, atg\u0101din\u0101ja v\u0113stures notikumus to patiesaj\u0101 gaisotn\u0113, protest\u0113jot pret Krievijas pieaugo\u0161ajiem m\u0113\u0123in\u0101jumiem noliegt pat okup\u0101cijas faktu, kas noz\u012bm\u0113, ka mums ir asinsk\u0101rs kaimi\u0146\u0161, kur\u0161 v\u0113l joproj\u0101m neno\u017e\u0113lo pastr\u0101d\u0101to. Uldis Freimanis atg\u0101din\u0101ja paties\u012bbu, risk\u0113ja ar savu dro\u0161\u012bbu. Tagad vi\u0146\u0161 ir miris.<\/span><\/p>\n<p><span style=\"color: #003300\">Pasaulei ir j\u0101zina, ka 1941. gada 1. j\u016blij\u0101 no Latvijas aizb\u0113ga vair\u0101k nek\u0101 gadu te zv\u0113r\u012bgi slepkavoju\u0161ie sarkanie. Akcent\u0113jot 1941. gada 1. j\u016blija notikumus tiek piev\u0113rsta uzman\u012bba pasaul\u0113 maz zin\u0101mam, noklus\u0113tam faktam, ka tie\u0161i krievi <strong>pirmie<\/strong> iebruka plauksto\u0161aj\u0101 Latvijas Republik\u0101; nek\u0101du v\u0101cie\u0161u te nebija. 1940. gad\u0101 iebruku\u0161ie, s\u0101taniski noska\u0146otie sarkanarmie\u0161i sp\u012bdzin\u0101ja, slepkavoja Latvijas mier\u012bgos iedz\u012bvot\u0101jus \u2013 Latvijas zeme mirka latvie\u0161u asar\u0101s un asin\u012bs. V\u0113stures gr\u0101mat\u0101s, ar\u012b gr\u0101mat\u0101 \u201cBaigais gads\u201d ir atrodams pla\u0161s attiec\u012bgu faktu apraksts, v\u0113l dz\u012bvi ar\u012b t\u0101 laika aculiecinieki. Manupr\u0101t, nav j\u0101baid\u0101s, ka pasaule m\u016bs var\u0113tu nesaprast.<\/span><\/p>\n<p><span style=\"color: #003300\">1941. gada 1. j\u016blijs latvie\u0161iem bija k\u0101 neliels atelpas br\u012bdis, jo sarkanarmie\u0161i b\u0113got vairs nevar\u0113ja slepkavot, bet v\u0101cie\u0161i v\u0113l nebija s\u0101ku\u0161i slepkavot. Tas bija laiks, kad, sarkanarmie\u0161iem steig\u0101 atst\u0101jot valsti, \u010dekas pagrabos daudzi latvie\u0161i beidzot atrada gan savus pazudu\u0161os \u0123imenei pieder\u012bgos, gan augstas valsts amatpersonas. Diem\u017e\u0113l \u013coti daudzi noslepkavotie bija tik sakrop\u013coti, ka vi\u0146us nevar\u0113ja pat paz\u012bt, bet \u0161aj\u0101 laik\u0101 var\u0113ja vi\u0146us vismaz apbed\u012bt. Rad\u0101s iesp\u0113ja atrast, atrakt \u010dekistu nogalin\u0101tus un kop\u0113j\u0101s kaudz\u0113s samestus nevain\u012bgus upurus, tika m\u0113\u0123in\u0101ts vi\u0146us identific\u0113t, p\u0101rapbed\u012bt.<\/span><\/p>\n<p><span style=\"color: #003300\">Latvij\u0101 tikai <strong>viena<\/strong> <strong>gada laik\u0101 <\/strong>sarkanarmie\u0161i bija nogalin\u0101ju\u0161i <strong>simtus, t\u016bksto\u0161us <\/strong>latvie\u0161u, daudzi pazuda bez v\u0113sts. J\u0101saprot, ka attiec\u012bb\u0101s ar Krieviju j\u0101b\u016bt \u013coti uzman\u012bgiem, jo toreiz\u0113jais Latvijas prezidents K\u0101rlis Ulmanis g\u013c\u0113vi uztic\u0113j\u0101s Krievijas skaidrojumiem, tic\u0113ja, ka padomju karasp\u0113ka ien\u0101k\u0161ana m\u016bsu zem\u0113 ir saska\u0146\u0101 ar starp ab\u0101m valst\u012bm nosl\u0113gt\u0101 Starptautisk\u0101 pal\u012bdz\u012bbas pakta \u012bsteno\u0161anu. Krievijas puse meloja, t\u0101p\u0113c tagad nav zin\u0101ma pat toreiz\u0113j\u0101 Latvijas prezidenta kapa vieta. <strong>Pasaulei ir j\u0101saprot, ka norm\u0101ls cilv\u0113ks nevar par to visu pateikties \u2013 tas b\u016btu s\u0101tanisms.<\/strong><\/span><\/p>\n<p><span style=\"color: #003300\"><strong>Par latvie\u0161u le\u0123iona veido\u0161anas svar\u012bgumu <\/strong><\/span><\/p>\n<p><span style=\"color: #003300\">1941. gada 1. j\u016blij\u0101 asinsk\u0101rie sarkanarmie\u0161i b\u0113ga no Latvijas, bet j\u0101zina, ka tie atgriez\u0101s. Pasaulei j\u0101zina, ka daudzi drosm\u012bgi latvie\u0161i p\u0113c Baig\u0101 gada briesm\u0101m <strong>br\u012bvpr\u0101t\u012bgi <\/strong>st\u0101j\u0101s v\u0101cu armijas rind\u0101s, lai gl\u0101btu izdz\u012bvoju\u0161os tautie\u0161us, lai gl\u0101btu atliku\u0161\u0101s latvie\u0161u \u0123imenes <strong>no otrreiz\u0113ja <\/strong>asi\u0146ain\u0101 Baig\u0101 gada atk\u0101rto\u0161an\u0101s. Vi\u0146us m\u0113s godin\u0101m par latvie\u0161u le\u0123ion\u0101riem.<\/span><\/p>\n<p><span style=\"color: #003300\">Latvie\u0161u le\u0123ion\u0101ru formas t\u0113rpus rot\u0101ja nacion\u0101l\u0101 simbolika. Vi\u0146i c\u012bn\u012bj\u0101s par Latvijas br\u012bv\u012bbu, par to liecina ar\u012b vi\u0146u toreiz dzied\u0101tas dziesmas v\u0101rdi \u201cM\u0113s sit\u012bsim tos sarkanos, p\u0113c tam tos zili pel\u0113kos!\u201d. Latvie\u0161iem pret\u012bgi visi okupanti \u2013 gan sarkanie, gan zili pel\u0113kie, bet <strong>p\u0113c piedz\u012bvot\u0101 <\/strong>Baigaj\u0101 gada<strong> <\/strong>v\u0101cie\u0161i lik\u0101s maz\u0101k asinsk\u0101ri.<\/span><\/p>\n<p><span style=\"color: #003300\"><strong>Fakti par okup\u0101cijas s\u0101kumu <\/strong><\/span><\/p>\n<p><span style=\"color: #003300\">Pasaulei j\u0101zina, ka pag\u0101ju\u0161i jau vair\u0101k nek\u0101 70 gadi, kop\u0161 sarkanarmie\u0161i <strong>nesod\u012bti <\/strong>iebruku\u0161i plauksto\u0161aj\u0101 Latvijas Republik\u0101. 1940. gad\u0101, nakt\u012b no 14. uz 15. j\u016bniju sarkanarmie\u0161i slepkavoja latvie\u0161us Abren\u0113 (pierobe\u017e\u0101), okupanti nogalin\u0101ja gan latvie\u0161u robe\u017esargus, gan civiliedz\u012bvot\u0101jus, dz\u012bv\u012bbas zaud\u0113ja ar\u012b nepilngad\u012bgie. \u0160\u0101ds bija Krem\u013ca komunistu s\u0101taniskais m\u0113\u0123in\u0101jums izprovoc\u0113t, lai da\u017eas dienas pirms tolaik jau paslepus iepl\u0101not\u0101s Latvijas okup\u0101cijas latvie\u0161i ar kauju \u0161\u0137\u0113rsotu PSRS robe\u017eu, lai pasaulei var\u0113tu st\u0101st\u012bt melus, ka n\u0101kamo dienu notikumi \u2013 varm\u0101c\u012bgais iebrukums Latvijas Republik\u0101 \u2013 bijis nepiecie\u0161amais pretsolis, m\u0113\u0123in\u0101jums nov\u0113rst Latvijas agresiju pret PSRS.<\/span><\/p>\n<p><span style=\"color: #003300\">Tie\u0161i \u0161\u0101dus s\u0101taniskus murgus jau 1940. gada nakt\u012b no 14. j\u016bnija uz 15. j\u016bniju v\u0113st\u012bja padomju zi\u0146u a\u0123ent\u016bra T\u0100SS \u2013 tonakt sarkanarmie\u0161i esot atsitu\u0161i \u201clatvie\u0161u fa\u0161istu iebrukumu vi\u0146u zem\u0113\u201d. P\u0113c da\u017e\u0101m dien\u0101m \u2013 17.j\u016bnij\u0101 Latvijas robe\u017eu \u0161\u0137\u0113rsoja padomju armija, kuras v\u0113l\u0101k skaidri izprotamais m\u0113r\u0137is tom\u0113r neb\u016bt nebija Savstarp\u0113j\u0101s pal\u012bdz\u012bbas pakta izpilde, k\u0101 tas mel\u012bgi iepriek\u0161 bija izteikts padomju valsts pras\u012bb\u0101 Latvijas vald\u012bbai. V\u0113l\u0101k k\u013cuva skaidrs, ka Krievijas patiesais m\u0113r\u0137is bija Latvijas asi\u0146aina okup\u0101cija, kas salauza, izpost\u012bja dz\u012bves simtiem t\u016bksto\u0161u latvie\u0161u.<\/span><\/p>\n<p><span style=\"color: #003300\">Pag\u0101ju\u0161i jau vair\u0101k nek\u0101 70 gadi, kop\u0161 sarkanarmie\u0161i nesod\u012bti iebruku\u0161i plauksto\u0161aj\u0101 Latvijas Republik\u0101. Lai gan 1941. gada 1. j\u016blij\u0101 sarkanie okupanti uz laiku bija izv\u0101ku\u0161ies, tie atgriez\u0101s un turpin\u0101ja asi\u0146aino okup\u0101ciju, 1945. gada 9. maij\u0101 svinot uzvaru ar\u012b p\u0101r m\u016bsu tautu un te paliekot.<\/span><\/p>\n<p><span style=\"color: #003300\"><strong>Melnais datums \u2013 1945. gada 9. maijs <\/strong><\/span><\/p>\n<p><span style=\"color: #003300\">Lai sadzird pasaule, ka 1945. gada 9. maij\u0101 Latvij\u0101 varu nostiprin\u0101ja <strong>tie pa\u0161i <\/strong>padomju okupanti, kas bija iebruku\u0161i jau 1940. gad\u0101. Ar\u012b p\u0113c 1945. gada 9. maija tie atkal turpin\u0101ja latvie\u0161u arestus, sp\u012bdzin\u0101\u0161anas, slepkavo\u0161anas. Daudziem jo daudziem taj\u0101 laik\u0101 no\u0161autajiem nav pat kapa vietas, jo padomju okupanti ne\u013c\u0101va aprakt \u2013 par to draud\u0113tu no\u0161au\u0161ana. Latvijas \u012bstenie saimnieki nevienam nevar\u0113ja s\u016bdz\u0113ties, kad lopu vagonos uz Sib\u012briju izvestie simtiem t\u016bksto\u0161i latvie\u0161u mira no bada un sala, bet ar izdz\u012bvoju\u0161iem it k\u0101 atjaunot\u0101 Latvijas valsts neveicina kontaktu atjauno\u0161anu. Par latvie\u0161iem at\u0146emtajiem \u012bpa\u0161umiem nerun\u0101, pat nepiemin, ka m\u016bs\u0113jie v\u0113l Sib\u012brij\u0101\u2026 <strong>Nevar norm\u0101ls cilv\u0113ks par atbr\u012bvot\u0101jiem saukt tos, kas repres\u0113ja, sp\u012bdzin\u0101ja, slepkavoja.<\/strong><\/span><\/p>\n<p><span style=\"color: #003300\">Noteikti k\u0101dam nepatika Ulda Freima\u0146a atkl\u0101t\u0101, tie\u0161\u0101 valoda v\u0101rdos, darbos, bet vajag prast at\u0161\u0137irt skarbumu no \u013caunuma. Vi\u0146\u0161 mierm\u012bl\u012bg\u0101 ce\u013c\u0101 v\u0113l\u0113j\u0101s atg\u0101din\u0101t paties\u012bbu; neind\u0113ja, noslepkavoja. Manupr\u0101t, stiprs, att\u012bst\u012bts, norm\u0101ls cilv\u0113ks par v\u0101rdos pateikto nevienu nenogalin\u0101tu, pareiz\u0101k b\u016btu pat neapvainoties, jo tas tikai pasliktin\u0101tu pa\u0161a karmu, bet m\u016bsu visu interes\u0113s ir evol\u016bcija. Jebkur\u0101 gad\u012bjum\u0101 Dievam tic\u012bgs cilv\u0113ks aizst\u0101v paties\u012bbu, bet, ja vi\u0146am par to kait\u0113, tad gribas atg\u0101din\u0101t: \u201cTos, kurus nem\u012bl cilv\u0113ki, \u2013 m\u012bl Dievs!\u201d<\/span><\/p>\n<p><span style=\"color: #003300\">Situ\u0101cij\u0101, k\u0101da ir Latvij\u0101, svar\u012bgi sp\u0113t saglab\u0101t veselo sapr\u0101tu, produkt\u012bvi darbojoties, kr\u0101t sp\u0113kus tiesiskuma atjauno\u0161anai Latvij\u0101, kam b\u016btisks priek\u0161noteikums ir v\u0113stures faktu piln\u012bga atspogu\u013co\u0161ana, komunistisk\u0101 terora starptautiska nosod\u012bjuma pan\u0101k\u0161ana.<\/span><\/p>\n","protected":false},"excerpt":{"rendered":"<p>P\u0113c darbiem m\u0113s VI\u0145US paz\u012bsim. Pirms las\u0101m Evas Bules teikto par Uldi Freimani, atcer\u0113simies, ka LNF neielika sav\u0101 laikrakst\u0101 Ulda Freima\u0146a nekrologu. Foto: L\u012bga Muzikante. Melu un k\u016bd\u012b\u0161anas speci\u0101liste. Uldis Freimanis tika neliet\u012bgi izmantots&#46;&#46;&#46;<\/p>\n","protected":false},"author":6,"featured_media":0,"comment_status":"open","ping_status":"open","sticky":false,"template":"","format":"standard","meta":[],"categories":[1],"tags":[],"_links":{"self":[{"href":"https:\/\/tautastribunals.eu\/index.php?rest_route=\/wp\/v2\/posts\/10451"}],"collection":[{"href":"https:\/\/tautastribunals.eu\/index.php?rest_route=\/wp\/v2\/posts"}],"about":[{"href":"https:\/\/tautastribunals.eu\/index.php?rest_route=\/wp\/v2\/types\/post"}],"author":[{"embeddable":true,"href":"https:\/\/tautastribunals.eu\/index.php?rest_route=\/wp\/v2\/users\/6"}],"replies":[{"embeddable":true,"href":"https:\/\/tautastribunals.eu\/index.php?rest_route=%2Fwp%2Fv2%2Fcomments&post=10451"}],"version-history":[{"count":17,"href":"https:\/\/tautastribunals.eu\/index.php?rest_route=\/wp\/v2\/posts\/10451\/revisions"}],"predecessor-version":[{"id":10461,"href":"https:\/\/tautastribunals.eu\/index.php?rest_route=\/wp\/v2\/posts\/10451\/revisions\/10461"}],"wp:attachment":[{"href":"https:\/\/tautastribunals.eu\/index.php?rest_route=%2Fwp%2Fv2%2Fmedia&parent=10451"}],"wp:term":[{"taxonomy":"category","embeddable":true,"href":"https:\/\/tautastribunals.eu\/index.php?rest_route=%2Fwp%2Fv2%2Fcategories&post=10451"},{"taxonomy":"post_tag","embeddable":true,"href":"https:\/\/tautastribunals.eu\/index.php?rest_route=%2Fwp%2Fv2%2Ftags&post=10451"}],"curies":[{"name":"wp","href":"https:\/\/api.w.org\/{rel}","templated":true}]}}