{"id":10328,"date":"2012-07-25T18:40:30","date_gmt":"2012-07-25T15:40:30","guid":{"rendered":"http:\/\/tautastribunals.eu\/?p=10328"},"modified":"2012-07-25T19:52:23","modified_gmt":"2012-07-25T16:52:23","slug":"tris-krievijas-%e2%80%9efrukti%e2%80%99-redisons-orols-i-buzajev","status":"publish","type":"post","link":"https:\/\/tautastribunals.eu\/?p=10328","title":{"rendered":"Tr\u012bs Krievijas \u201efrukti\u2019- Redisons, Orols i Buzajev"},"content":{"rendered":"<h3><img decoding=\"async\" loading=\"lazy\" class=\"alignleft size-full wp-image-10354\" src=\"http:\/\/tautastribunals.eu\/wp-content\/uploads\/2012\/07\/Andris-Orols1.jpg\" alt=\"Andris Orols\" width=\"210\" height=\"207\" \/><img decoding=\"async\" loading=\"lazy\" class=\"alignleft size-full wp-image-10355\" src=\"http:\/\/tautastribunals.eu\/wp-content\/uploads\/2012\/07\/Buz\u0101jevs-N2.jpg\" alt=\"Buz\u0101jevs N\" width=\"191\" height=\"208\" \/><img decoding=\"async\" loading=\"lazy\" class=\"alignleft size-full wp-image-10356\" src=\"http:\/\/tautastribunals.eu\/wp-content\/uploads\/2012\/07\/Ivars-Redisons2.jpg\" alt=\"Ivars Redisons\" width=\"198\" height=\"209\" \/><span style=\"color: #003300\">\u0160ie v\u012bri 26.07.12 piket\u0113s pret to, ka tiek apgr\u016btin\u0101tas ties\u012bbas uzspiest latvie\u0161u tautai okupantu gribu ! <\/span><\/h3>\n<h3><span style=\"color: #003300\">Nu tad uz priek\u0161u, no\u017e\u0113lojam\u0101s j\u016bdasa dv\u0113seles&#8230; .<\/span><\/h3>\n<p><strong>Foto:<\/strong><em><span style=\"color: #ff0000\"> A. Orols, V. Buz\u0101jevs, I. Redisons. Kas \u0161iem &#8220;musketieriem&#8221; kop\u012bgs ? Kop\u012bgs ir &#8220;vot&#8221; kas: visi tr\u012bs ir uztic\u012bgi pla\u0161\u0101s dzimtenes kalpi.Vi\u0146i nodos pat savu t\u0113vu un m\u0101ti, lai tikai pasild\u012btos taj\u0101 viet\u0101, kur Putinam k\u0101jas saiet kop\u0101. Pretgi ir klaus\u012bties un skat\u012bties \u0161o g\u013cotu izdar\u012bb\u0101s.<\/span><\/em><\/p>\n<h2><span style=\"color: #003300\"><em>======================<\/em><\/span><em><span style=\"color: #ff0000\"><span style=\"color: #003300\">==================<\/span><br \/>\n<\/span><\/em><\/h2>\n<p><span style=\"color: #003300\"><img decoding=\"async\" loading=\"lazy\" class=\"alignleft size-full wp-image-10363\" src=\"http:\/\/tautastribunals.eu\/wp-content\/uploads\/2012\/07\/LRTT-132.bmp\" alt=\"LRTT-13\" width=\"93\" height=\"93\" \/>Vienm\u0113r un vienm\u0113r redzot \u0161os <strong>j\u016bdasveid\u012bgos kret\u012bnus<\/strong> uzrodas<em> <\/em>jaut\u0101jums<em><span style=\"text-decoration: underline\">: nu no kurienes uzpeld t\u0101di s\u016bdi.<\/span><\/em> <\/span><\/p>\n<p><span style=\"color: #003300\">Var jau v\u0113l saprast, m\u016b\u017e\u012bgi pohain\u0101 krievu okupanta- paraz\u012bta, <strong>Buz\u0101jeva<\/strong> m\u0113rka\u0137o\u0161anos, bet ka no vesel\u0101 pr\u0101ta ir \u0161\u0137\u012bru\u0161ies antiglob\u0101lists<span style=\"color: #808000\"><em>(anti\u0146glob\u0101lists) <\/em><\/span><strong>A. Orols <\/strong>un soci\u0101lo reformu biedrists <strong>I. Redisons<\/strong>, ir visai d\u012bvaini. J\u0101, visai d\u012bvaini tas ir tiem, kuri savas smadzenes izmanto dom\u0101\u0161anai, un ne tikai dom\u0101\u0161ani, bet tie\u0161i<span style=\"text-decoration: underline\"> lo\u0123iskai dom\u0101\u0161anai<\/span>. <\/span><\/p>\n<p><span style=\"color: #003300\">Bet necent\u012bsimies savas smadzenes piep\u016bl\u0113t, lai izprastu \u0161o <strong>tautas pabiru<\/strong> uzved\u012bbu. T\u0101p\u0113c jau pabira ir pabira, ka vi\u0146a darb\u012bba nav racion\u0101la p\u0113c b\u016bt\u012bbas, bet gan pak\u0101rtota vi\u0146a g\u013c\u0113vul\u012bbas un nodev\u012bbas pak\u0101pei. No \u0161aj\u0101 rakst\u0101 piemin\u0113tiem tr\u012bs<em> \u201eelementiem\u201d<\/em> divi ir pieskait\u0101mi pie tautas nodev\u0113jiem, bet tre\u0161ais ir ar pr\u0101tu apdal\u012bts ienaidnieks- okupants <strong>V. Buz\u0101jevs<\/strong>, kuram p\u0113c visiem starptautiskiem <strong>Likumiem<\/strong> nav ties\u012bbas atrasties m\u016bsu <strong>Dzimten\u0113<\/strong>. <\/span><\/p>\n<p><span style=\"color: #003300\">Nu labi, par<strong> Buz\u0101jevu<\/strong> skaidrs: krievu izcelsmes paraz\u012bts, kur\u0161 no <strong>Latvijas<\/strong>, k\u0101 taut\u0101 m\u0113dz sac\u012bt, tiks patriekts ar s\u016bdainu koku, bet <strong>Orola<\/strong> un <strong>Redisona<\/strong>, k\u0101 nodev\u0113ju, liktenis b\u016bs barg\u0101ks par bargu. Vi\u0146u likteni s\u012bk\u0101k neapspried\u012bsim, jo visiem ir zin\u0101ms, kas sagaida nodev\u0113ju. <\/span><\/p>\n<p><span style=\"color: #003300\">M\u0113s visi uzkr\u012bto\u0161\u0101 veid\u0101 esam iev\u0113roju\u0161i, ka <strong>Antiglob\u0101listi<\/strong> vienm\u0113r savu <em>\u201ec\u012b\u0146u\u201d<\/em> v\u0113r\u0161 pret <strong>Rietumiem<\/strong>, bet <strong>Krievijas<\/strong> agres\u012bvi mel\u012bg\u0101s tieksmes pret<strong> Latviju <\/strong>un latvie\u0161u tautu, netiek sadzird\u0113tas.<\/span><\/p>\n<p><span style=\"color: #003300\">M\u0113s visi bij\u0101m uztraukti, ka tik viegli ir inici\u0113jami <strong>referendumi<\/strong>, kad nelikum\u012bgi integr\u0113tie okupanti cent\u0101s piepras\u012bt savu <strong>pret\u012bgo b\u013ce\u0123tvaju valodu<\/strong>, par otro valsts valodu. <\/span><\/p>\n<h2><span style=\"color: #003300\">Praktiski, tad vi\u0146a b\u016btu vien\u012bg\u0101 un galven\u0101. <\/span><\/h2>\n<p><span style=\"color: #003300\">Par to, protams, nedz <strong>Orols<\/strong>, nedz ar\u012b<strong> Redisons<\/strong> neuztrauc\u0101s. <\/span><\/p>\n<p><span style=\"color: #003300\">Kad tautas spiediena rezult\u0101t\u0101<strong> Saeima <\/strong>s\u0101k pie\u0146emt \u0161o neliet\u012bbu bremz\u0113jo\u0161us likumus, t\u0101 ar lielu \u201eb\u013c\u0101vienu\u201d tam s\u0101k pretoties <strong>redison<\/strong> un<strong> orolveid\u012bgie<\/strong> nodev\u012bbas <em>\u201et\u0101rpi\u201d. <\/em>Nu nav, un ar\u012b nevar b\u016bt, t\u0101d\u0101m kreat\u016br\u0101m cits apz\u012bm\u0113jums. <strong>I. Redisons, <\/strong>kur\u0161 savu antilatvisko r\u016bd\u012bjumu ir ieguvis<strong> 1976. g. beidzot PSRS Iek\u0161lietu ministrijas Augst\u0101ko skolu Omsk\u0101, <\/strong>nekaun\u012bga veid\u0101 velk \u0101r\u0101 <strong>1922 Satversmes<\/strong> pantu:<span style=\"color: #ff00ff\"> <em>\u201eSaeimai ir j\u0101\u0146em v\u0113r\u0101 Satversmes Sapulces jau 1922. gad\u0101 noteikto, ka vara Latvij\u0101 pieder tautai, un ir nepiecie\u0161ams saglab\u0101t iesp\u0113ju tautai br\u012bvi ierosin\u0101t likumus.\u201d<\/em><\/span> <\/span><\/p>\n<p><span style=\"color: #003300\">Protams, ka ne ar v\u0101rdu \u0161is <span style=\"text-decoration: underline\"><strong>nelietis<\/strong><\/span> nepiemin, ka toreiz <strong>Latvijas<\/strong> nacion\u0101lais sast\u0101vs kardin\u0101li at\u0161\u0137\u012bras no \u0161odiens nacion\u0101l\u0101 sast\u0101va, kur\u0161 ir izmain\u012bts prettiesiski slepkavojot un deport\u0113jot etniskos latvie\u0161us. <\/span><\/p>\n<h2><span style=\"color: #003300\">Bet nu kur tad <span style=\"text-decoration: underline\"><strong>redisonam<\/strong><\/span> t\u0101di s\u012bkumi, k\u0101 latvie\u0161i&#8230; .<\/span><\/h2>\n<p><span style=\"color: #003300\">J\u0101, <strong>Redison,<\/strong> lai nu kur\u0161, bet tu savu <strong>ASM<\/strong> esi nopeln\u012bjis p\u0113c visiem starptautiskajiem<strong> Likumiem<\/strong> un tas ar\u012b tev <span style=\"text-decoration: underline\"><strong>k\u0101du dienu<\/strong><\/span><em>(dr\u012bz)<\/em> tiks izpild\u012bts, jo <strong>\u013caunums nav m\u016b\u017e\u012bgs.<\/strong><\/span><\/p>\n<p><span style=\"color: #003300\">LRTT\u00a0\u00a0\u00a0 25.07.12<\/span><\/p>\n<p><strong><span style=\"color: #0000ff\">Papildin\u0101jums ar \u0161\u012b pa\u0161a raksta tr\u0101p\u012bgu koment\u0101ru:<\/span><\/strong><\/p>\n<div><span style=\"color: #0000ff\"><img decoding=\"async\" loading=\"lazy\" src=\"http:\/\/www.gravatar.com\/avatar\/0b12000c5268e8dba6e1e0998c9f5924?s=32&amp;d=http%3A%2F%2Fwww.gravatar.com%2Favatar%2Fad516503a11cd5ca435acc9bb6523536%3Fs%3D32&amp;r=G\" alt=\"\" width=\"32\" height=\"32\" \/> <cite>klusais<\/cite> saka:<\/span><\/div>\n<div><span style=\"color: #0000ff\"><a href=\"http:\/\/tautastribunals.eu\/?p=10328&amp;cpage=1#comment-13201\">2012. gada 25. j\u016blijs 19.33<\/a> <\/span><\/div>\n<p><span style=\"color: #0000ff\">Vai varat iedom\u0101ties, ka 1922. gad\u0101 Latvijas Satversmes t\u0113vi  aicin\u0101tu Latvij\u0101 dz\u012bvojo\u0161os cilv\u0113kus ap\u010dur\u0101t valsts sv\u0113tumus? Bet  \u201cantiglob\u0101lists\u201d Andris Orols kur vien var izs\u016bt\u012bjis tekstu ar  aicin\u0101jumu ap\u010dur\u0101t Latvijas Saeimu. Klausies, provokator Andri Orol,  tikai dz\u012bvnieki ap\u010dur\u0101 st\u016brus, lai iez\u012bm\u0113tu savu teritoriju. Vai J\u016bs  esat dz\u012bvnieks un v\u0113l citus gribat padar\u012bt par dz\u012bvniekiem? Atcerieties  uz visiem laikiem, ka Latvijas Saeima ir viens no latvie\u0161u tautas  sv\u0113tumiem, un to, ka to ir ie\u0146\u0113mu\u0161i latvie\u0161u tautas nodev\u0113ji un  ienaidnieki v\u0113l nenoz\u012bm\u0113, ka Saeima j\u0101ap\u010dur\u0101. Kultur\u0101ls un taisn\u012bgs  cilv\u0113ks c\u012bn\u0101s ar citiem iero\u010diem.<\/span><\/p>\n","protected":false},"excerpt":{"rendered":"<p>\u0160ie v\u012bri 26.07.12 piket\u0113s pret to, ka tiek apgr\u016btin\u0101tas ties\u012bbas uzspiest latvie\u0161u tautai okupantu gribu ! Nu tad uz priek\u0161u, no\u017e\u0113lojam\u0101s j\u016bdasa dv\u0113seles&#8230; . Foto: A. Orols, V. Buz\u0101jevs, I. Redisons. Kas \u0161iem &#8220;musketieriem&#8221;&#46;&#46;&#46;<\/p>\n","protected":false},"author":6,"featured_media":0,"comment_status":"open","ping_status":"open","sticky":false,"template":"","format":"standard","meta":[],"categories":[1],"tags":[],"_links":{"self":[{"href":"https:\/\/tautastribunals.eu\/index.php?rest_route=\/wp\/v2\/posts\/10328"}],"collection":[{"href":"https:\/\/tautastribunals.eu\/index.php?rest_route=\/wp\/v2\/posts"}],"about":[{"href":"https:\/\/tautastribunals.eu\/index.php?rest_route=\/wp\/v2\/types\/post"}],"author":[{"embeddable":true,"href":"https:\/\/tautastribunals.eu\/index.php?rest_route=\/wp\/v2\/users\/6"}],"replies":[{"embeddable":true,"href":"https:\/\/tautastribunals.eu\/index.php?rest_route=%2Fwp%2Fv2%2Fcomments&post=10328"}],"version-history":[{"count":34,"href":"https:\/\/tautastribunals.eu\/index.php?rest_route=\/wp\/v2\/posts\/10328\/revisions"}],"predecessor-version":[{"id":10367,"href":"https:\/\/tautastribunals.eu\/index.php?rest_route=\/wp\/v2\/posts\/10328\/revisions\/10367"}],"wp:attachment":[{"href":"https:\/\/tautastribunals.eu\/index.php?rest_route=%2Fwp%2Fv2%2Fmedia&parent=10328"}],"wp:term":[{"taxonomy":"category","embeddable":true,"href":"https:\/\/tautastribunals.eu\/index.php?rest_route=%2Fwp%2Fv2%2Fcategories&post=10328"},{"taxonomy":"post_tag","embeddable":true,"href":"https:\/\/tautastribunals.eu\/index.php?rest_route=%2Fwp%2Fv2%2Ftags&post=10328"}],"curies":[{"name":"wp","href":"https:\/\/api.w.org\/{rel}","templated":true}]}}