{"id":10303,"date":"2012-07-23T15:39:35","date_gmt":"2012-07-23T12:39:35","guid":{"rendered":"http:\/\/tautastribunals.eu\/?p=10303"},"modified":"2012-07-23T20:36:16","modified_gmt":"2012-07-23T17:36:16","slug":"parazitiska-prezidenta-berzina-gaisredziba","status":"publish","type":"post","link":"https:\/\/tautastribunals.eu\/?p=10303","title":{"rendered":"Paraz\u012btisk\u0101 prezidenta B\u0113rzi\u0146a &#8220;gai\u0161redz\u012bba&#8221;"},"content":{"rendered":"<h3><span style=\"color: #003300\">Paraz\u012btiskais prezidents: &#8220;Tuv\u0101kie p\u0101ris gadi nes\u012bs neiedom\u0101jamas p\u0101rmai\u0146as.&#8221;<\/span><\/h3>\n<p><a href=\"http:\/\/www.tvnet.lv\/zinas\/viedokli\/429962-prezidents_tuvakie_paris_gadi_nesis_neiedomajamas_izmainas\">http:\/\/www.tvnet.lv\/zinas\/viedokli\/429962-prezidents_tuvakie_paris_gadi_nesis_neiedomajamas_izmainas<\/a><\/p>\n<p><span style=\"color: #003300\"><img decoding=\"async\" loading=\"lazy\" class=\"alignleft size-full wp-image-10310\" src=\"http:\/\/tautastribunals.eu\/wp-content\/uploads\/2012\/07\/H-86-23-Kopie-31.jpg\" alt=\"H-86-23 - Kopie (3)\" width=\"74\" height=\"74\" \/>J\u0101, <strong>noziedzniek b\u0113rzi\u0146<\/strong>, tuv\u0101kie gadi nes\u012bs neiedom\u0101jamas p\u0101rmai\u0146as, tev taisn\u012bba.<strong> Tu<\/strong> un <strong>tev l\u012bdz\u012bgie<\/strong> tiks arest\u0113ti un aizvilkti uz kar\u0101tav\u0101m. T\u0101 ir vien\u012bg\u0101 vieta priek\u0161 s\u0101taniskajiem komunistu izdzimte\u0146iem. <\/span><\/p>\n<p><span style=\"color: #003300\">P\u0113c<strong> HELSINKI- 86<\/strong><em>(LRTT)<\/em><\/span><a href=\"http:\/\/tautastribunals.eu\/?p=9718\"><em> <\/em>http:\/\/tautastribunals.eu\/?p=9718<\/a> <span style=\"color: #003300\"> pazi\u0146ojuma, kuru sa\u0146\u0113ma <strong>ES <\/strong>valstis, ir neiedom\u0101jami saros\u012bju\u0161ies cionistu barve\u017ei. Un k\u0101 lai neuztrauktos, ja visiem<strong> ES<\/strong> deput\u0101tiem un <span style=\"text-decoration: underline\"><strong>dro\u0161\u012bbas strukt\u016br\u0101m <\/strong><\/span>uz galda \u201euzpeld\u0113ja\u201d pazi\u0146ojums, kuru nav iesp\u0113jams iesviest pap\u012brkurv\u012b. P\u0113c \u0161\u012b pazi\u0146ojuma <strong>V\u0101cijas <\/strong>prezidents kultur\u0101li <em>\u201eiesp\u013c\u0101va\u201d<\/em> ac\u012bs <strong>Izra\u0113las<\/strong> valdo\u0161ajai kli\u0137ei, kura nekav\u0113joties par to zi\u0146oja <strong>ASV.<\/strong> T\u0101 rezult\u0101t\u0101 <strong>ASV<\/strong> nekav\u0113joties uz <strong>Latviju<\/strong> ats\u016bt\u012bja savu emis\u0101ru<strong> Klintoni<\/strong>, lai noskaidrotu un pie\u0146emtu <em>\u201em\u0113rus\u201d<\/em> pret <em>\u201eneliet\u012bgo\u201d<\/em> <strong>Tribun\u0101lu.<\/strong> <strong> <\/strong><\/span><\/p>\n<p><span style=\"color: #003300\"><strong><img decoding=\"async\" loading=\"lazy\" class=\"alignleft size-full wp-image-10315\" src=\"http:\/\/tautastribunals.eu\/wp-content\/uploads\/2012\/07\/A.-B\u0113rzi\u0146\u0161-noziedznieks1.jpg\" alt=\"A. B\u0113rzi\u0146\u0161 noziedznieks\" width=\"150\" height=\"164\" \/>4. maija kli\u0137es dro\u0161\u012bbas iest\u0101des<\/strong> nekav\u0113joties<strong> A. Borovkova <\/strong>vad\u012bb\u0101 pie\u0146\u0113ma vienbals\u012bgu l\u0113mu: pielikt <strong>PUNKTU LRTT<\/strong> darb\u012bbai. Ar vecaj\u0101m metod\u0113m- arestiem un slepkavo\u0161anu, \u0161o <em>\u201eprobl\u0113mu\u201d<\/em> vairs atrisin\u0101t nevar, jo <strong>Tribun\u0101la<\/strong> pazi\u0146ojums ir uzs\u0101cis savu <strong>UZVARAS G\u0100JIENU<\/strong> pasaules <strong><span style=\"text-decoration: underline\">vareno<\/span><\/strong><em>(cionistu)<\/em><strong><span style=\"text-decoration: underline\"> noziedz\u012bgajos birokr\u0101tijas gaite<\/span>\u0146<span style=\"text-decoration: underline\">os.<\/span><\/strong> <\/span><\/p>\n<p><strong>Foto:<\/strong><span style=\"color: #ff0000\"> Izdzimtenis, kur\u0161 grib ar varu piespiest draudz\u0113ties ar sarkanajiem str\u0113lniekiem<span style=\"color: #ff00ff\"><em>(pareiz\u0101k b\u016btu saukt vi\u0146us par <strong>gvardistiem,<\/strong> jo ar str\u0113lniekiem \u0161iem noziedzniekiem nav nekas kop\u012bgs)<\/em><\/span>, kuri piedal\u012bj\u0101s genoc\u012bda pret latvie\u0161u tautu.<\/span><\/p>\n<h3><span style=\"color: #003300\">\u0160aj\u0101 pazi\u0146ojum\u0101 bija cionistiem n\u0101vi neso\u0161a<strong> INDE<\/strong>. <\/span><\/h3>\n<p><span style=\"color: #003300\">Pirmk\u0101rt, \u0161is pazi\u0146ojums izsita no cionistu <em>\u201efrontes\u201d<\/em> <strong>V\u0101ciju. <\/strong>Bez \u0161\u012b ekonomisk\u0101 giganta cionisti<strong> Eiropu <\/strong>un pasauli vairs nevar\u0113s <em>\u201est\u016br\u0113t\u201d.<\/em> Ja <strong>H-86<\/strong> pazi\u0146ojum\u0101 b\u016btu k\u0101di apmelojumi un izdom\u0101jumi, tad <strong>L. Granti\u0146\u0161<\/strong> jau n\u0101kamaj\u0101 dien\u0101 <strong>s\u0113d\u0113tu aiz rest\u0113m<\/strong>. Bet, k\u0101 redzam, tas nav noticis. Toties notiek neiedom\u0101jama cionistu p\u0101rk\u0101rto\u0161an\u0101s, jo vi\u0146i j\u016bt, ka savas alkat\u012bbas dz\u012bti, ir stingri p\u0101rk\u0101pu\u0161i sarkano l\u012bniju. Ar\u012b noziedznieka <strong>v.p. B\u0113rzi\u0146a <\/strong>&#8220;atkl\u0101sme&#8221; ir tie\u0161s rezult\u0101ts<strong> H-86 <\/strong>pazi\u0146ojumam un <strong>Klintones <\/strong><span style=\"text-decoration: underline\"><em>hist\u0113riskajai<\/em><\/span> viz\u012btei <strong>Latvij\u0101.<\/strong> <strong> <\/strong><\/span><\/p>\n<h3><span style=\"color: #003300\"><strong>Cionisti<\/strong> nev\u0113las zaud\u0113t savu varu un ietekmi, t\u0101p\u0113c s\u0101k drud\u017eainu p\u0101rorganiz\u0113\u0161anos. <\/span><\/h3>\n<p><span style=\"color: #003300\">P\u0113c lo\u0123ikas un <strong>Tiesiskuma LIKUMA A. B\u0113rzi\u0146am<\/strong> ir j\u0101b\u016bt pirmajam \u0161o p\u0101rk\u0101rtojumu upurim, bet komunisti laikam cer atk\u0101rtot <strong>Atmodas laika triku<\/strong> un <strong><span style=\"text-decoration: underline\">atkal palikt pie siles.<\/span><\/strong><\/span><\/p>\n<p><span style=\"color: #003300\"><strong>LRTT saka:<\/strong> ne, <span style=\"text-decoration: underline\"><em>nol\u0101d\u0113tie komunistiskie izdzimte\u0146i<\/em><\/span>, tauta j\u016bs ar <em>b\u0113rzi\u0146iem, pabrikiem, v\u012b\u0137\u0113m, peteriem, godma\u0146iem, borovkoviem, reinikiem, dombrovskiem, kalniet\u0113m<\/em> un daudziem citiem \u0161\u012bs kli\u0137es kalpiem priek\u0161gal\u0101, aizvilks uz kar\u0101tav\u0101m. <\/span><\/p>\n<p><span style=\"color: #003300\">Tas, <strong>B\u0113rzi\u0146<\/strong>, ir priek\u0161nosac\u012bjums t\u0101m lielaj\u0101m p\u0101rmai\u0146\u0101m, par kur\u0101m tu run\u0101. <\/span><\/p>\n<p><span style=\"color: #003300\">T\u0101 b\u016bs <strong><span style=\"text-decoration: underline\">tautas gavi<\/span>\u013c<span style=\"text-decoration: underline\">u diena<\/span><\/strong>, kas ar\u012b b\u016bs atskaites punkts <strong>JAUNAJAM LAIKMETAM Latvij\u0101.<\/strong><\/span><\/p>\n<p><span style=\"color: #003300\"> <\/span><\/p>\n<p><span style=\"color: #003300\"><strong>DIEVS SV\u0112T\u012a LATVIJU ! <\/strong><\/span><\/p>\n<p><span style=\"color: #003300\">23.07.12<\/span><strong><br \/>\n<\/strong><\/p>\n","protected":false},"excerpt":{"rendered":"<p>Paraz\u012btiskais prezidents: &#8220;Tuv\u0101kie p\u0101ris gadi nes\u012bs neiedom\u0101jamas p\u0101rmai\u0146as.&#8221; http:\/\/www.tvnet.lv\/zinas\/viedokli\/429962-prezidents_tuvakie_paris_gadi_nesis_neiedomajamas_izmainas J\u0101, noziedzniek b\u0113rzi\u0146, tuv\u0101kie gadi nes\u012bs neiedom\u0101jamas p\u0101rmai\u0146as, tev taisn\u012bba. Tu un tev l\u012bdz\u012bgie tiks arest\u0113ti un aizvilkti uz kar\u0101tav\u0101m. T\u0101 ir vien\u012bg\u0101 vieta priek\u0161&#46;&#46;&#46;<\/p>\n","protected":false},"author":6,"featured_media":0,"comment_status":"open","ping_status":"open","sticky":false,"template":"","format":"standard","meta":[],"categories":[1],"tags":[],"_links":{"self":[{"href":"https:\/\/tautastribunals.eu\/index.php?rest_route=\/wp\/v2\/posts\/10303"}],"collection":[{"href":"https:\/\/tautastribunals.eu\/index.php?rest_route=\/wp\/v2\/posts"}],"about":[{"href":"https:\/\/tautastribunals.eu\/index.php?rest_route=\/wp\/v2\/types\/post"}],"author":[{"embeddable":true,"href":"https:\/\/tautastribunals.eu\/index.php?rest_route=\/wp\/v2\/users\/6"}],"replies":[{"embeddable":true,"href":"https:\/\/tautastribunals.eu\/index.php?rest_route=%2Fwp%2Fv2%2Fcomments&post=10303"}],"version-history":[{"count":21,"href":"https:\/\/tautastribunals.eu\/index.php?rest_route=\/wp\/v2\/posts\/10303\/revisions"}],"predecessor-version":[{"id":10320,"href":"https:\/\/tautastribunals.eu\/index.php?rest_route=\/wp\/v2\/posts\/10303\/revisions\/10320"}],"wp:attachment":[{"href":"https:\/\/tautastribunals.eu\/index.php?rest_route=%2Fwp%2Fv2%2Fmedia&parent=10303"}],"wp:term":[{"taxonomy":"category","embeddable":true,"href":"https:\/\/tautastribunals.eu\/index.php?rest_route=%2Fwp%2Fv2%2Fcategories&post=10303"},{"taxonomy":"post_tag","embeddable":true,"href":"https:\/\/tautastribunals.eu\/index.php?rest_route=%2Fwp%2Fv2%2Ftags&post=10303"}],"curies":[{"name":"wp","href":"https:\/\/api.w.org\/{rel}","templated":true}]}}