{"id":10163,"date":"2012-07-10T08:45:28","date_gmt":"2012-07-10T05:45:28","guid":{"rendered":"http:\/\/tautastribunals.eu\/?p=10163"},"modified":"2012-07-10T10:33:12","modified_gmt":"2012-07-10T07:33:12","slug":"par-varoni-rozkalnu-jani","status":"publish","type":"post","link":"https:\/\/tautastribunals.eu\/?p=10163","title":{"rendered":"Par &#8220;varoni&#8221; Ro\u017ekalnu J\u0101ni"},"content":{"rendered":"<h2><span style=\"color: #008000\"><img decoding=\"async\" loading=\"lazy\" class=\"alignleft size-full wp-image-10165\" src=\"http:\/\/tautastribunals.eu\/wp-content\/uploads\/2012\/07\/H-86-2.jpg\" alt=\"H-86-2\" width=\"68\" height=\"68\" \/>Uzvar\u0113t\u0101ju ce\u013c\u0161.<\/span><\/h2>\n<p><span style=\"color: #008000\"> <strong>Jums ir gr\u016bti b\u016bt nesaprastiem \/ J\u016bs j\u016btaties izstumti \/ J\u016bs ignor\u0113 \/ J\u016bs izsmej \/ J\u016bs apkaro \/ J\u016bs nepadodaties \/ J\u016bs uzvarat.<\/strong><\/span><\/p>\n<p><strong><span style=\"color: #008000\">=======================================================<\/span><\/strong><\/p>\n<h1><span style=\"color: #ff0000\">MIGLA SARKAN\u0100- NOL\u0100D\u0112T\u0100<\/span><\/h1>\n<h3><span style=\"color: #800000\">Nekas, nekad un nekur nepaliek uz m\u016b\u017e\u012bgiem laikiem apsl\u0113pts.<\/span><\/h3>\n<p><span style=\"color: #800000\">Viss reiz nost\u0101jas sav\u0101s <strong><em>&#8220;dab\u012bgaj\u0101s&#8221;<\/em><\/strong> viet\u0101s.<\/span><\/p>\n<p><span style=\"color: #800000\"><img decoding=\"async\" loading=\"lazy\" class=\"alignleft size-full wp-image-10174\" src=\"http:\/\/tautastribunals.eu\/wp-content\/uploads\/2012\/07\/J\u0101nis-Ro\u017ekalns.jpg\" alt=\"J\u0101nis Ro\u017ekalns\" width=\"118\" height=\"169\" srcset=\"https:\/\/tautastribunals.eu\/wp-content\/uploads\/2012\/07\/J\u0101nis-Ro\u017ekalns.jpg 438w, https:\/\/tautastribunals.eu\/wp-content\/uploads\/2012\/07\/J\u0101nis-Ro\u017ekalns-210x300.jpg 210w\" sizes=\"(max-width: 118px) 100vw, 118px\" \/><img decoding=\"async\" loading=\"lazy\" class=\"alignleft size-full wp-image-10175\" src=\"http:\/\/tautastribunals.eu\/wp-content\/uploads\/2012\/07\/Aivars-Garda.jpg\" alt=\"Aivars Garda\" width=\"112\" height=\"169\" \/><img decoding=\"async\" loading=\"lazy\" class=\"alignleft size-full wp-image-10176\" src=\"http:\/\/tautastribunals.eu\/wp-content\/uploads\/2012\/07\/Aivars-Borovkovs.jpg\" alt=\"Aivars Borovkovs\" width=\"122\" height=\"169\" \/>T\u0101da nu ir t\u0101s <strong>Dievi\u0161\u0137\u0101s Pasaules<\/strong> <strong><em>&#8220;nepat\u012bkam\u0101k\u0101&#8221;<\/em><\/strong> puse, protams, ka tikai priek\u0161 tiem, kuri ir g\u0101ju\u0161i nodev\u012bbas ce\u013cu. <\/span><\/p>\n<p><span style=\"color: #800000\"><strong>LRTT <\/strong>sav\u0101 <strong>i-vietn\u0113<\/strong> pirms da\u017eiem m\u0113ne\u0161iem rakst\u012bja, ka <strong>S\u0101tans pirms sav\u0101m beig\u0101m<\/strong> met savas p\u0113d\u0113j\u0101s sl\u0113pt\u0101s rezerves c\u012b\u0146\u0101. <\/span><\/p>\n<p><strong>Foto tri\u0101de:<\/strong> <span style=\"color: #ff0000\"><em>Ar nol\u0101d\u0113t\u012bbas z\u012bmi apz\u012bmogotie.<\/em><\/span><\/p>\n<p><strong>Foto:<\/strong><em><strong> <\/strong><span style=\"color: #ff0000\">Latvijas politiskais &#8220;di\u017egars&#8221; J\u0101nis Ro\u017ekalns ar saviem <span style=\"text-decoration: underline\"><strong>kol\u0113\u0123iem<\/strong><\/span> Aivaru Gardu un Aivaru Borovkovu.<\/span><\/em><\/p>\n<p><span style=\"color: #800000\">Toreiz tika piemin\u0113ti<strong><em> &#8220;patrioti&#8221; <\/em>P\u0113teris K\u013cava, Juris Rubenis, Anda L\u012bce<\/strong> u.v.c. Pa\u0161laik ir v\u0113rojama,<span style=\"text-decoration: underline\"> ar veselu pr\u0101tu apvelt\u012btam<strong> PILSONIM<\/strong><\/span>, absurda situ\u0101cija, ka di\u017eie <strong><em>&#8220;br\u012bv\u012bbas c\u012bn\u012bt\u0101ji&#8221; <\/em><\/strong>ir cie\u0161i draugi ar <strong>VDK <\/strong>izdzimte\u0146iem- slepkav\u0101m. Tas, protams, ir nesaprotams tikai tiem, kuri nav biju\u0161i cie\u0161i saist\u012bti ar <strong>Atmodas<\/strong> laika notikumiem un t\u0101 laika person\u0101\u017eu. Man viss \u0161is <strong><em>&#8220;te\u0101tris&#8221;<\/em><\/strong> ir labi saprotams, jo biju <strong>Atmodas<\/strong> politiskaj\u0101 epicentr\u0101. <\/span><\/p>\n<p><span style=\"color: #800000\">Bet s\u0101ksim ar \u0161odienas <strong><span style=\"text-decoration: underline\"><em>nesaprotamajiem<\/em><\/span><\/strong> notikumiem. <\/span><\/p>\n<p><span style=\"color: #800000\">Lielais <strong><em>&#8220;br\u012bv\u012bbas c\u012bn\u012bt\u0101js&#8221;<\/em><\/strong> <strong>J\u0101nis Ro\u017ekalns<\/strong> ir atguvis savu <span style=\"text-decoration: underline\"><em><strong>dabisko st\u0101vokli,<\/strong><\/em><\/span> vi\u0146\u0161 ir atkl\u0101ti kop\u0101 ar tiem, kuri vi\u0146u <strong><em>&#8220;tais\u012bja<\/em><\/strong>&#8221; par disidentu.<\/span><\/p>\n<p><span style=\"color: #800000\">Maza atk\u0101pe, <strong>J\u0101nis<\/strong> <strong>Ro\u017ekalns<\/strong> nekad nav bijis <strong>Br\u012bv\u012bbas c\u012bn\u012bt\u0101js<\/strong>, bet gan provokators. <strong>Ro\u017ekalns<\/strong> atteic\u0101s iest\u0101ties <strong>H-86<\/strong> grup\u0101, atteic\u0101s ar\u012b parakst\u012bt dokumentus, kuros tika piepras\u012bta <span style=\"color: #ff0000\"><span style=\"text-decoration: underline\"><strong>Latvijas neatkar\u012bba no PSRS<\/strong><\/span><\/span>. Vi\u0146\u0161 tika no<strong> VDK <\/strong>komand\u0113ts uz <strong>Rietumiem<\/strong>, lai tur veiktu graujo\u0161u darb\u012bbu latvie\u0161u organiz\u0101cij\u0101s. To ar\u012b <strong>vi\u0146\u0161 veica sp\u012bdo\u0161i<\/strong>, s\u0113jot naidu un zogot uz neb\u0113du. Tika izkr\u0101ptas milzu summas, kuras <strong>Latvij\u0101<\/strong> sa\u0146\u0113ma \u010dekas paraz\u012bti.<\/span><\/p>\n<p><span style=\"color: #800000\">\u0160odien m\u0113s redzam, ka vi\u0146\u0161 ir kop\u0101 ar <strong>slepkavu- VDK<\/strong> augsta ranga virsnieku- \u017e\u012bdu <span style=\"color: #800000\"><strong>Aivaru Borovkovu<\/strong><\/span> un v\u0113l vienu izdzimteni, br\u012bvm\u016brnieku, komunistu un uzticamu <strong>Maskavas kalpu- provokatoru <span style=\"color: #800000\">Aivaru Gardu<\/span><\/strong><span style=\"color: #ff0000\"><span style=\"color: #800000\">.<\/span> <\/span><\/span><\/p>\n<p><span style=\"color: #800000\">Redzam ar\u012b to, k\u0101 tiek p\u0101rrakst\u012bta v\u0113sture no da\u017e\u0101du <span style=\"text-decoration: underline\"><strong>akad\u0113misko sal\u0101\u0161\u0146u <\/strong><\/span>puses. Dzirdot, ko saka \u201cakad\u0113mi\u0137i\u201d-komunisti <span style=\"color: #800000\"><strong>T\u0101lavs Jundzis<\/strong> <\/span>un <span style=\"color: #ff0000\"><span style=\"color: #800000\"><strong>J\u0101nis Stradi\u0146\u0161,<\/strong><\/span> <\/span>rodas saj\u016bta, ka atrodies absurdo dimensiju realit\u0101t\u0113, melns tiek d\u0113v\u0113ts par baltu un otr\u0101di. <\/span><\/p>\n<p><span style=\"color: #800000\"><img decoding=\"async\" loading=\"lazy\" class=\"alignleft size-full wp-image-10172\" src=\"http:\/\/tautastribunals.eu\/wp-content\/uploads\/2012\/07\/J\u0101nis-Stradi\u0146\u0161.jpg\" alt=\"J\u0101nis Stradi\u0146\u0161\" width=\"108\" height=\"175\" \/><img decoding=\"async\" loading=\"lazy\" class=\"alignleft size-full wp-image-10173\" src=\"http:\/\/tautastribunals.eu\/wp-content\/uploads\/2012\/07\/T\u0101lavs-Jundzis.jpg\" alt=\"T\u0101lavs Jundzis\" width=\"120\" height=\"175\" \/>L\u016bk, akad\u0113mi\u0137a <span style=\"color: #800000\"><strong>J\u0101\u0146a Stradi\u0146a<\/strong><\/span> murgs par <span style=\"color: #800000\"><strong>Aivaru Borovkovu<\/strong>:<\/span><em> <span style=\"color: #0000ff\">Latvijas Juristu biedr\u012bbas prezidents <strong>Aivars Borovkovs<\/strong> ir viens no izcil\u0101kajiem Latvijas juristiem\u2026 .<\/span><\/em><\/span><\/p>\n<p><strong>Foto:<\/strong><span style=\"color: #ff0000\"><em> \u0160eit redzamie Stradi\u0146\u0161 un Jundzis sevi uzskata par &#8220;akad\u0113mi\u0137iem&#8221;. Cik gan no\u017e\u0113lojami var b\u016bt \u0161ie cilv\u0113kveid\u012bgie lopi.<\/em><\/span><\/p>\n<p><span style=\"color: #800000\">\u0160is sarkan\u0101<strong><em> akad\u0113mi\u0137e\u013ca<\/em><\/strong> murgs nav sac\u012bts<strong> 1986<\/strong>. gad\u0101, bet gan <strong>2012.<\/strong> <strong>16.04<\/strong>. K\u0101 redzams, tad \u0161is sarkanais noziedznieks sav\u0101<strong> APZI\u0145\u0100<\/strong> atrodas v\u0113l <strong>padomijas<\/strong> laikos. <\/span><\/p>\n<p><span style=\"color: #800000\">Un re !, v\u0113l viena <em>akad\u0113mi\u0137e\u013ca<\/em><span style=\"color: #800000\"> <strong>T\u0101lava Jund\u017ea<\/strong><\/span> murgs:<span style=\"color: #0000ff\"> <em>paz\u012b\u0161an\u0101s 30\u2013 gade ar <strong>Aivaru Borovkovu<\/strong> \u013c\u0101va man secin\u0101t, ka A. Borovkovs ir daudz dar\u012bjis, lai m\u0113s dz\u012bvotu neatkar\u012bg\u0101 <strong>Latvij\u0101<\/strong>.<\/em><\/span><\/span><\/p>\n<p><span style=\"color: #800000\">J\u0101 ! Dzi\u013c\u0101k jau vairs nav iesp\u0113jams krist, bet t\u0101da jau ir <strong>\u013baun\u0101<\/strong><em>(s\u0101tanisk\u0101)<\/em><strong> MOR\u0100LE<\/strong>. Atg\u0101din\u0101\u0161u \u0161iem komunistiskajiem noziedzniekiem, ka <strong>Aivars Borovkovs<\/strong> bija mana aresta, <span style=\"text-decoration: underline\">par <strong>Helsinki-86<\/strong> dibin\u0101\u0161anu,<\/span> galvenais realiz\u0113t\u0101js. Atceroties tos laikus un k\u0101d\u0101 eiforij\u0101 \u0161is karikat\u016briskais \u017e\u012bds bija, vienk\u0101r\u0161i uzbango<span style=\"text-decoration: underline\"> neiedom\u0101jams pret\u012bgums<\/span>. P\u0113c \u0161\u012b <strong>gara krop\u013ca<\/strong><em>(A. Borovkova)<\/em> pav\u0113les mani <strong>\u0160kirotavas<\/strong> darba nometn\u0113 bija j\u0101noslepkavo. Tas, ko es p\u0101rcietu \u0161aj\u0101 nometn\u0113, man katru dienu n\u0101k atmi\u0146\u0101.<\/span><\/p>\n<p><span style=\"color: #800000\">T\u0101p\u0113c es esmu ties\u012bgs sac\u012bt \u0161iem <strong><em>\u201eakad\u0113mi\u0137iem\u201c:\u201c<\/em>Kaut jums par \u0161iem v\u0101rdiem m\u0113le dz\u012bviem nop\u016btu !\u201c <\/strong><\/span><\/p>\n<p><span style=\"color: #800000\">J\u016bs esiet latvie\u0161u tautas <span style=\"text-decoration: underline\">nol\u0101d\u0113ti bendes<\/span>, kop\u0101 ar \u017e\u012bdu cionistu <strong>Borovkovu.<\/strong><\/span><\/p>\n<p><span style=\"color: #800000\"><strong>Latvij\u0101 Tiesiskums<\/strong> tiks atjaunots un j\u016bs tiksiet ties\u0101ti par pr\u0101tam neaptveramu genoc\u012bdu pret latvie\u0161u tautu.<\/span><\/p>\n<h2><span style=\"color: #ff0000\"> <strong><em>\u201eJekelna skatuve\u201c<\/em><\/strong> tiks atjaunota un j\u016bs b\u016bsiet pirmie <strong><em>\u201eaktieri\u201c<\/em><\/strong> uz vi\u0146as.<\/span><\/h2>\n<p><span style=\"color: #800000\">Lai<strong> Dievs<\/strong> jums dod vesel\u012bbu nodz\u012bvot l\u012bdz<strong> TAI<\/strong> dienai.<\/span><\/p>\n<p><span style=\"color: #800000\">Ar\u012b <strong><em>\u201ebr\u012bv\u012bbas c\u012bn\u012bt\u0101js\u201c <\/em>J. Ro\u017ekals<\/strong> k\u0101ps uz \u0161\u012bs skatuves.<br \/>\n<\/span><\/p>\n<h2><span style=\"color: #800000\">J\u016bdasam j\u016bdasa alga.<\/span><\/h2>\n<p><span style=\"color: #800000\">L.Granti\u0146\u0161\u00a0\u00a0\u00a0 10.07.12<br \/>\n<\/span><\/p>\n","protected":false},"excerpt":{"rendered":"<p>Uzvar\u0113t\u0101ju ce\u013c\u0161. Jums ir gr\u016bti b\u016bt nesaprastiem \/ J\u016bs j\u016btaties izstumti \/ J\u016bs ignor\u0113 \/ J\u016bs izsmej \/ J\u016bs apkaro \/ J\u016bs nepadodaties \/ J\u016bs uzvarat. ======================================================= MIGLA SARKAN\u0100- NOL\u0100D\u0112T\u0100 Nekas, nekad un nekur&#46;&#46;&#46;<\/p>\n","protected":false},"author":6,"featured_media":0,"comment_status":"open","ping_status":"open","sticky":false,"template":"","format":"standard","meta":[],"categories":[1],"tags":[],"_links":{"self":[{"href":"https:\/\/tautastribunals.eu\/index.php?rest_route=\/wp\/v2\/posts\/10163"}],"collection":[{"href":"https:\/\/tautastribunals.eu\/index.php?rest_route=\/wp\/v2\/posts"}],"about":[{"href":"https:\/\/tautastribunals.eu\/index.php?rest_route=\/wp\/v2\/types\/post"}],"author":[{"embeddable":true,"href":"https:\/\/tautastribunals.eu\/index.php?rest_route=\/wp\/v2\/users\/6"}],"replies":[{"embeddable":true,"href":"https:\/\/tautastribunals.eu\/index.php?rest_route=%2Fwp%2Fv2%2Fcomments&post=10163"}],"version-history":[{"count":27,"href":"https:\/\/tautastribunals.eu\/index.php?rest_route=\/wp\/v2\/posts\/10163\/revisions"}],"predecessor-version":[{"id":10194,"href":"https:\/\/tautastribunals.eu\/index.php?rest_route=\/wp\/v2\/posts\/10163\/revisions\/10194"}],"wp:attachment":[{"href":"https:\/\/tautastribunals.eu\/index.php?rest_route=%2Fwp%2Fv2%2Fmedia&parent=10163"}],"wp:term":[{"taxonomy":"category","embeddable":true,"href":"https:\/\/tautastribunals.eu\/index.php?rest_route=%2Fwp%2Fv2%2Fcategories&post=10163"},{"taxonomy":"post_tag","embeddable":true,"href":"https:\/\/tautastribunals.eu\/index.php?rest_route=%2Fwp%2Fv2%2Ftags&post=10163"}],"curies":[{"name":"wp","href":"https:\/\/api.w.org\/{rel}","templated":true}]}}